{"id":9425,"date":"2009-05-31T12:33:26","date_gmt":"2009-05-31T09:33:26","guid":{"rendered":"http:\/\/www.korhanyilmaz.com\/?p=9425"},"modified":"2009-05-31T12:33:26","modified_gmt":"2009-05-31T09:33:26","slug":"davet-olursa-icabet-edecegim","status":"publish","type":"post","link":"http:\/\/www.korhanyilmaz.com\/?p=9425","title":{"rendered":"Davet olursa icabet edece\u011fim"},"content":{"rendered":"<p style=\"text-align: center;\"><a href=\"http:\/\/www.korhanyilmaz.com\/wp-content\/uploads\/2009\/06\/010620090944527885066.jpg\"  class=\"lightview\"><img loading=\"lazy\" decoding=\"async\" class=\"aligncenter size-full wp-image-9426\" title=\"Davet olursa icabet edece\u011fim \" src=\"http:\/\/www.korhanyilmaz.com\/wp-content\/uploads\/2009\/06\/010620090944527885066.jpg\" alt=\"Davet olursa icabet edece\u011fim \" width=\"329\" height=\"210\" \/><\/a><\/p>\n<p style=\"text-align: justify;\">Kanado\u011flu\u2019nun Ergenekon soru\u015fturmas\u0131 kapsam\u0131nda \u2019\u015f\u00fcpheli\u2019 s\u0131fat\u0131yla ifadesinin al\u0131nmas\u0131 i\u00e7in tebligat yap\u0131ld\u0131\u011f\u0131 ileri s\u00fcr\u00fcld\u00fc\u0130STANBUL Cumhuriyet Ba\u015fsavc\u0131l\u0131\u011f\u0131 taraf\u0131ndan y\u00fcr\u00fct\u00fclen Ergenekon soru\u015fturmas\u0131 kapsam\u0131nda \u201c\u015f\u00fcpheli\u201d s\u0131fat\u0131yla Ocak 2009\u2019daki 10. dalgada evi aranan Yarg\u0131tay Onursal Ba\u015fsavc\u0131s\u0131 Sabih Kanado\u011flu\u2019nun ifadesinin al\u0131nabilmesi i\u00e7in tebligat g\u00f6nderildi\u011fi ileri s\u00fcr\u00fcld\u00fc.<\/p>\n<p style=\"text-align: justify;\">Savc\u0131l\u0131ktan, 29 May\u0131s\u2019ta tebligat\u0131n g\u00f6nderildi\u011fi iddia edilirken, Ayval\u0131k\u2019ta bulundu\u011funu belirten Kanado\u011flu VATAN\u2019a, kendisine bu y\u00f6nde bir tebligat yap\u0131lmad\u0131\u011f\u0131n\u0131 s\u00f6yledi. <!--more-->\u0130fadesinin al\u0131naca\u011f\u0131n\u0131 iddian\u0131n kamuoyuna yans\u0131mas\u0131yla herkesle birlikte \u00f6\u011frendi\u011fini belirten Kanado\u011flu, \u201cDo\u011fruysa o davete icabet edece\u011fim. Savc\u0131l\u0131\u011fa gidip ifade verece\u011fim\u201d dedi. Kanado\u011flu\u2019nun tebligat\u0131n eline ula\u015fmas\u0131n\u0131n ard\u0131ndan yedi g\u00fcn i\u00e7erisinde savc\u0131l\u0131\u011fa giderek ifade vermesi gerekiyor. \u00c7a\u011fr\u0131 tebligatlar\u0131nda, s\u00f6zkonusu s\u00fcre i\u00e7erisinde savc\u0131l\u0131\u011fa gidilmemesi halinde polis zoruyla getirilebilece\u011fine ili\u015fkin bir uyar\u0131 yaz\u0131s\u0131 da bulunuyor.<\/p>\n<p style=\"text-align: justify;\"><strong>Evleri aranm\u0131\u015ft\u0131<\/strong><\/p>\n<p style=\"text-align: justify;\">Ergenekon operasyonlar\u0131n\u0131n 10. dalgas\u0131nda Ankara ve Ayval\u0131k\u2019taki evleri 5 saat s\u00fcreyle aranan Kanado\u011flu, g\u00f6zalt\u0131na al\u0131nmam\u0131\u015ft\u0131. Aramaya ili\u015fkin \u0130stanbul 9.A\u011f\u0131r Ceza Mahkemesi karar\u0131nda Kanado\u011flu i\u00e7in \u201cY\u00fcr\u00fct\u00fclen teknik takip sonucunda \u00f6rg\u00fct mensuplar\u0131yla irtibatl\u0131 oldu\u011fu de\u011ferlendirilen \u015f\u00fcphelinin\u201d ifadesi kullan\u0131lm\u0131\u015ft\u0131. Kararda, \u201c\u015e\u00fcphelinin adreslerinde bulundurulmas\u0131 muhtemel delil ve dok\u00fcmanlar\u0131n elde edilmesi amac\u0131yla arama yap\u0131lmas\u0131na ihtiya\u00e7 duyulmu\u015ftur\u201d deniliyordu. Araman\u0131n ard\u0131ndan k\u0131sa bir a\u00e7\u0131klama yapan Kanado\u011flu, \u015funlar\u0131 s\u00f6ylemi\u015fti: \u201cAraman\u0131n dayana\u011f\u0131 Cumhuriyet Gazetesini bombalamak, Dan\u0131\u015ftay sald\u0131r\u0131s\u0131n\u0131 planlamak&#8230; \u0130nsan\u0131 rencide eden, \u00fczen k\u0131ran bu su\u00e7lamad\u0131r. \u0130nan\u0131yorum yarg\u0131 kendi ba\u015f\u0131na b\u0131rak\u0131ld\u0131\u011f\u0131nda bu sorunu \u00e7\u00f6zecektir. Yarg\u0131 salih olarak kullan\u0131lacak bir organ olarak g\u00f6r\u00fcl\u00fcyorsa bilinmelidir ki; T\u00fcrkiye hi\u00e7bir dinci diktan\u0131n, dahas\u0131 hi\u00e7bir diktan\u0131n yerle\u015femeyece\u011fi \u00f6zg\u00fcr bir \u00fclke olarak kalacakt\u0131r.\u201d<\/p>\n<p style=\"text-align: justify;\"><strong>Yarg\u0131 mutlaka ba\u011f\u0131ms\u0131z olmal\u0131<\/strong><\/p>\n<p style=\"text-align: justify;\">Kanado\u011flu, d\u00fcn \u0130zmir\u2019de kat\u0131ld\u0131\u011f\u0131 bir s\u00f6yle\u015fide T\u00fcrkiye\u2019nin, Anayasa Mahkemesi\u2019nin 11 \u00fcyesinden 10\u2019unun oyu ile \u201claiklik kar\u015f\u0131t\u0131 eylemlerin oda\u011f\u0131 olmu\u015f bir siyasi parti taraf\u0131ndan y\u00f6netiliyor\u201d oldu\u011funu ileri s\u00fcrd\u00fc. Yarg\u0131n\u0131n mutlaka ba\u011f\u0131ms\u0131z olmas\u0131 gerekti\u011fini vurgulayan Kanado\u011flu, \u201cE\u011fer yarg\u0131 ba\u011f\u0131ms\u0131zl\u0131\u011f\u0131n\u0131 kaybederse mutlaka siyasalla\u015f\u0131r. Tarih, siyasalla\u015fm\u0131\u015f ve ba\u011f\u0131ms\u0131zl\u0131\u011f\u0131n\u0131 kaybetmi\u015f bir yarg\u0131n\u0131n, asl\u0131nda her zaman ifade etti\u011fim gibi bir bumerang gibi onu kendisine ba\u011fl\u0131 bir hale getirmeye \u00e7al\u0131\u015fanlar\u0131 vurdu\u011funa ili\u015fkin \u00f6rneklerle doludur. Tarihten ders al\u0131nmas\u0131nda yarar var\u201d dedi.<\/p>\n<p style=\"text-align: justify;\"><span style=\"color: #888888;\">\u00d6m\u00fcr \u00dcNVER \/ VATAN ANKARA<\/span><\/p>\n","protected":false},"excerpt":{"rendered":"<p style=\"text-align: center;\">\n<p style=\"text-align: justify;\">Kanado\u011flu\u2019nun Ergenekon soru\u015fturmas\u0131 kapsam\u0131nda \u2019\u015f\u00fcpheli\u2019 s\u0131fat\u0131yla ifadesinin al\u0131nmas\u0131 i\u00e7in tebligat yap\u0131ld\u0131\u011f\u0131 ileri s\u00fcr\u00fcld\u00fc\u0130STANBUL Cumhuriyet Ba\u015fsavc\u0131l\u0131\u011f\u0131 taraf\u0131ndan y\u00fcr\u00fct\u00fclen Ergenekon soru\u015fturmas\u0131 kapsam\u0131nda \u201c\u015f\u00fcpheli\u201d s\u0131fat\u0131yla Ocak 2009\u2019daki 10. dalgada evi aranan Yarg\u0131tay Onursal Ba\u015fsavc\u0131s\u0131 Sabih Kanado\u011flu\u2019nun ifadesinin al\u0131nabilmesi i\u00e7in tebligat g\u00f6nderildi\u011fi ileri s\u00fcr\u00fcld\u00fc.<\/p>\n<p style=\"text-align: justify;\">Savc\u0131l\u0131ktan, 29 May\u0131s\u2019ta tebligat\u0131n g\u00f6nderildi\u011fi iddia edilirken, Ayval\u0131k\u2019ta <\/p>\n","protected":false},"author":1,"featured_media":0,"comment_status":"open","ping_status":"closed","sticky":false,"template":"","format":"standard","meta":{"footnotes":""},"categories":[105],"tags":[],"class_list":["post-9425","post","type-post","status-publish","format-standard","hentry","category-gundem","odd"],"_links":{"self":[{"href":"http:\/\/www.korhanyilmaz.com\/index.php?rest_route=\/wp\/v2\/posts\/9425","targetHints":{"allow":["GET"]}}],"collection":[{"href":"http:\/\/www.korhanyilmaz.com\/index.php?rest_route=\/wp\/v2\/posts"}],"about":[{"href":"http:\/\/www.korhanyilmaz.com\/index.php?rest_route=\/wp\/v2\/types\/post"}],"author":[{"embeddable":true,"href":"http:\/\/www.korhanyilmaz.com\/index.php?rest_route=\/wp\/v2\/users\/1"}],"replies":[{"embeddable":true,"href":"http:\/\/www.korhanyilmaz.com\/index.php?rest_route=%2Fwp%2Fv2%2Fcomments&post=9425"}],"version-history":[{"count":0,"href":"http:\/\/www.korhanyilmaz.com\/index.php?rest_route=\/wp\/v2\/posts\/9425\/revisions"}],"wp:attachment":[{"href":"http:\/\/www.korhanyilmaz.com\/index.php?rest_route=%2Fwp%2Fv2%2Fmedia&parent=9425"}],"wp:term":[{"taxonomy":"category","embeddable":true,"href":"http:\/\/www.korhanyilmaz.com\/index.php?rest_route=%2Fwp%2Fv2%2Fcategories&post=9425"},{"taxonomy":"post_tag","embeddable":true,"href":"http:\/\/www.korhanyilmaz.com\/index.php?rest_route=%2Fwp%2Fv2%2Ftags&post=9425"}],"curies":[{"name":"wp","href":"https:\/\/api.w.org\/{rel}","templated":true}]}}