{"id":9414,"date":"2009-06-01T10:35:22","date_gmt":"2009-06-01T08:35:22","guid":{"rendered":"http:\/\/www.korhanyilmaz.com\/?p=9414"},"modified":"2009-06-01T10:35:22","modified_gmt":"2009-06-01T08:35:22","slug":"senerden-akpye-cok-sert-sozler","status":"publish","type":"post","link":"http:\/\/www.korhanyilmaz.com\/?p=9414","title":{"rendered":"\u015eener&#039;den AKP&#039;ye \u00e7ok sert s\u00f6zler"},"content":{"rendered":"<p style=\"text-align: center;\"><img loading=\"lazy\" decoding=\"async\" class=\"aligncenter size-full wp-image-9415\" title=\"\u015eener'den AKP'ye \u00e7ok sert s\u00f6zler \" src=\"http:\/\/www.korhanyilmaz.com\/wp-content\/uploads\/2009\/06\/010620091158323354078.jpg\" alt=\"\u015eener'den AKP'ye \u00e7ok sert s\u00f6zler \" width=\"329\" height=\"210\" \/><\/p>\n<p style=\"text-align: justify;\"><strong><span style=\"font-family: Arial;\">&#8220;AKP, bir \u00fclkenin ba\u015f\u0131na gelebilecek en b\u00fcy\u00fck felakettir&#8221;<\/span><\/strong><span style=\"font-size: x-small;\"><span style=\"font-family: Arial;\"><strong>\u2018<\/strong><\/span><\/span><\/p>\n<p style=\"text-align: justify;\">AKP d\u00f6nemi karanl\u0131k ve kirli d\u00f6nem\u2019\u2018Ba\u015fbakan\u2019\u0131n izlemi\u015f oldu\u011fu tarz, so\u011fuk sava\u015f tarz\u0131d\u0131r\u2019\u2018AKP, muhafazak\u00e2r bir parti de\u011fil\u2019\u2018En b\u00fcy\u00fck felaket AKP\u2019dir.<\/p>\n<p style=\"text-align: justify;\">\u2018May\u0131n tasar\u0131s\u0131n\u0131n, Y\u00fcce Divan\u2019dan kurtulmak i\u00e7in h\u00fck\u00fcmet taraf\u0131ndan \u00e7\u0131kar\u0131lmaya \u00e7al\u0131\u015f\u0131ld\u0131\u011f\u0131n\u0131 s\u00f6yleyen T\u00fcrkiye Partisi Genel Ba\u015fkan\u0131 \u015eener\u2019den, \u00e7arp\u0131c\u0131 a\u00e7\u0131klamalar.<br \/>\nAKP\u2019den ayr\u0131larak T\u00fcrkiye Partisi\u2019ni kuran Abd\u00fcllatif \u015eener, yolsuzluklarda AKP d\u00f6neminin karanl\u0131k ve kirli bir d\u00f6nem oldu\u011funu belirterek \u201cSiyasetin lekelendi\u011fi, yolsuzluklar\u0131n yayg\u0131nla\u015ft\u0131\u011f\u0131 bir d\u00f6nemdir\u201d dedi. AKP\u2019nin \u0130hale Yasas\u0131\u2019nda yapt\u0131\u011f\u0131 de\u011fi\u015fikliklere dikkat \u00e7eken \u015eener, \u201cE\u011fer bir ihale \u00f6zel bir yasaya ba\u011flan\u0131yorsa orada temiz bir i\u015f yoktur. Bunun sorgulanmas\u0131 gerekir\u201d diye konu\u015ftu. May\u0131n tasar\u0131s\u0131n\u0131n da Y\u00fcce Divan\u2019dan kurtulmak i\u00e7in getirildi\u011fini belirten \u015eener, Deniz Feneri ile ilgili iddialar\u0131n \u00fcrk\u00fct\u00fcc\u00fc bir hal ald\u0131\u011f\u0131n\u0131, ancak AKP h\u00fck\u00fcmetinin bu konuda ad\u0131m atmamas\u0131n\u0131n d\u00fc\u015f\u00fcnd\u00fcr\u00fcc\u00fc oldu\u011funu s\u00f6yledi. \u015eener, \u201cAKP, bir \u00fclkenin ba\u015f\u0131na gelebilecek en b\u00fcy\u00fck felakettir\u201d g\u00f6r\u00fc\u015f\u00fcn\u00fc dile getirdi.<\/p>\n<p style=\"text-align: justify;\"><!--more--><br \/>\nAKP\u2019den ayr\u0131ld\u0131ktan sonra ba\u015flatt\u0131\u011f\u0131 \u201cYeni Olu\u015fum Hareketi\u201dni partile\u015ftiren T\u00fcrkiye Partisi Genel Ba\u015fkan\u0131 Abd\u00fcllatif \u015eener, \u00e7arp\u0131c\u0131 a\u00e7\u0131klamalar yapt\u0131. \u015eener Cumhuriyet&#8217;e konu\u015ftu:\n<\/p>\n<p style=\"text-align: justify;\"><strong>&#8211; Neden yeni bir parti kurma gere\u011fi duydunuz? <\/strong><\/p>\n<p style=\"text-align: justify;\">&#8211; 2007 se\u00e7imlerinde milletvekili aday\u0131 olmayaca\u011f\u0131m\u0131 a\u00e7\u0131klam\u0131\u015ft\u0131m. Yapt\u0131\u011f\u0131m bu a\u00e7\u0131klamada bunun siyaseti b\u0131rakmak anlam\u0131na gelmedi\u011fini de belirtmi\u015ftim. O g\u00fcnlerde ger\u00e7ekten milletvekilli\u011fini b\u0131rakt\u0131ktan sonra yol haritam\u0131n ne olaca\u011f\u0131 konusunda kafamda \u015fekillenmi\u015f bir \u015fey yoktu. Parlamentoya ara verir bir \u00fcniversitede hocal\u0131k yapar\u0131m, o arada d\u00fc\u015f\u00fck bir tempoyla da olsa siyasetle de ilgim devam eder diye d\u00fc\u015f\u00fcnm\u00fc\u015ft\u00fcm. D\u00fc\u015f\u00fcnd\u00fc\u011f\u00fcm gibi ba\u015flad\u0131m. Milletvekilli\u011fi, bakanl\u0131k geride kald\u0131, \u00fcniversitede hocal\u0131k yapmaya ba\u015flad\u0131m. Fakat siyasi tempo beni b\u0131rakmad\u0131. \u00dcniversitedeki odam adeta bir siyasi parti b\u00fcrosuymu\u015f\u00e7as\u0131na siyasi taleplere, beklentilere dayal\u0131 yo\u011fun ziyaret alan\u0131 haline d\u00f6 n\u00fc\u015ft\u00fc. Ve bu s\u00fcre\u00e7 beni s\u00fcrekli siyasete \u00e7ekiyordu. Siyasetin gidi\u015fi hakk\u0131ndaki d\u00fc\u015f\u00fcncelerimi yeniden kurgulamama yol a\u00e7\u0131yordu. Nihayet aylar s\u00fcren bu yo\u011fun siyasi trafikler neticesinde aradan pek \u00e7ok olay ge\u00e7mi\u015fti siyasetle ba\u011flant\u0131l\u0131, \u00fclkede \u00f6nemli sorunlar, ayr\u0131\u015fmalar meydana gelmi\u015fti. Yeni bir siyasi partiye ihtiya\u00e7 oldu\u011funu d\u00fc\u015f\u00fcnd\u00fcm. Siyaset alan\u0131ndaki kavgalar artm\u0131\u015ft\u0131, ayr\u0131\u015fmalar artm\u0131\u015ft\u0131. Kurumlar aras\u0131ndaki g\u00fcven her ge\u00e7en g\u00fcn daha fazla tahrip olmaktayd\u0131. Ve bir taraftan ekonomik sorunlar, di\u011fer taraftan Ortado\u011fu\u2019da, t\u00fcm b\u00f6lgemizdeki d\u0131\u015f siyasi geli\u015fmeler, T\u00fcrkiye\u2019nin ter\u00f6re ve etnik ayr\u0131mc\u0131l\u0131\u011fa dayal\u0131 sorunlar\u0131 ya\u015fad\u0131\u011f\u0131m\u0131z siyasi havan\u0131n \u00fclkeye zarar verdi\u011fi konusunda d\u00fc\u015f\u00fcnmeme yol a\u00e7t\u0131. Eski siyaset tarz\u0131n\u0131 de\u011fi\u015ftirmeden bu \u00fclke d\u00fczelmez diye d\u00fc\u015f\u00fcnd\u00fcm.<\/p>\n<p style=\"text-align: justify;\">\n<p style=\"text-align: justify;\">&#8211; Ba\u015fbakan Erdo\u011fan, konu\u015fmalar\u0131nda eski siyaset tarz\u0131n\u0131 ele\u015ftirirken, partisinin y\u00fcr\u00fctt\u00fc\u011f\u00fc politikalarla bu tarz\u0131 de\u011fi\u015ftirdi\u011fini savunuyor. Siz buna kat\u0131l\u0131yor musunuz?<\/p>\n<p style=\"text-align: justify;\">&#8211; Buna hi\u00e7 kat\u0131lm\u0131yorum. Ba\u015fbakan\u2019\u0131n izlemi\u015f oldu\u011fu tarz, so\u011fuk sava\u015f tarz\u0131d\u0131r. So\u011fuk sava\u015f tarz\u0131n\u0131 gelece\u011fin T\u00fcrkiye\u2019sine dayatmaya \u00e7al\u0131\u015fmaktad\u0131r.<\/p>\n<p style=\"text-align: justify;\"><strong>&#8211; Parti program\u0131n\u0131zda yolsuzluklarla m\u00fccadele edece\u011finizi s\u00f6yl\u00fcyorsunuz. AKP\u2019den yolsuzluklarla etkin m\u00fccadele edilmedi\u011fi i\u00e7in mi ayr\u0131ld\u0131n\u0131z?<\/strong><\/p>\n<p style=\"text-align: justify;\">&#8211; Bu yanl\u0131\u015f bir soru oldu, ne m\u00fccadelesi. Yani bu ge\u00e7en d\u00f6nem T\u00fcrkiye a\u00e7\u0131s\u0131ndan karanl\u0131k bir d\u00f6nemdir. Kirli bir d\u00f6nemdir. Siyasetin lekelendi\u011fi bir d\u00f6nemdir. Yolsuzluklar\u0131n yayg\u0131nla\u015ft\u0131\u011f\u0131 bir d\u00f6nemdir. Ancak parlamento \u00e7o\u011funlu\u011fu T\u00fcrkiye\u2019de her t\u00fcrl\u00fc ay\u0131b\u0131 \u00f6rtmeye yetmektedir.<\/p>\n<p style=\"text-align: justify;\"><strong>&#8211; Siz AKP h\u00fck\u00fcmetinde uzun s\u00fcre bakanl\u0131k yapt\u0131n\u0131z? \u00d6zelle\u015ftirme \u0130daresi Ba\u015fkanl\u0131\u011f\u0131 bir s\u00fcre size ba\u011fl\u0131yd\u0131? AKP d\u00f6neminin karanl\u0131k ve kirli oldu\u011funu s\u00f6yl\u00fcyorsunuz, buna tan\u0131k oldu\u011funuz baz\u0131 olaylar m\u0131 oldu? Baz\u0131 \u00f6zelle\u015ftirme kararlar\u0131na imza atmad\u0131n\u0131z&#8230;<\/strong><\/p>\n<p style=\"text-align: justify;\">&#8211; Yolsuzluklarla ba\u011flant\u0131l\u0131 olaylar\u0131 se\u00e7im \u00f6ncesi tart\u0131\u015fmalarda bile g\u00f6rebilirsiniz. 29 Mart se\u00e7imleri \u00f6ncesinde hep g\u00fcndemde imar de\u011fi\u015fiklikleri vard\u0131. Cumhuriyet tarihi boyunca yap\u0131lan imar de\u011fi\u015fikliklerinin toplam\u0131 kadar imar de\u011fi\u015fikli\u011fi yap\u0131ld\u0131.<\/p>\n<p style=\"text-align: justify;\">Defalarca ifade edildi, 5 bin civar\u0131nda imar de\u011fi\u015fikli\u011fi, 250 milyar dolarl\u0131k rant de\u011fi\u015fiminin sadece son 5 y\u0131lda \u0130stanbul\u2019da ger\u00e7ekle\u015fti\u011fi ifade edildi, bu tart\u0131\u015f\u0131ld\u0131. Ama bunu yapanlar d\u00fczeltme ihtiyac\u0131 bile duymad\u0131lar. Ve buna ra\u011fmen de oylar\u0131n\u0131 artt\u0131rd\u0131lar. Onun d\u0131\u015f\u0131nda T\u00fcrkiye\u2019de kamu ihalelerinin nas\u0131l yap\u0131ld\u0131\u011f\u0131yla ilgili karanl\u0131klar var. \u0130hale Yasas\u0131\u2019nda bu kadar de\u011fi\u015fiklik yapan siyasi iktidar gelmemi\u015ftir.<\/p>\n<p style=\"text-align: justify;\">Ve hep de\u011fi\u015fiklikler de \u0130hale Yasas\u0131\u2019n\u0131n d\u00fczg\u00fcn ihale yapmas\u0131n\u0131 sa\u011flayacak maddelerine y\u00f6nelik olarak ger\u00e7ekle\u015fmi\u015ftir. Bir\u00e7ok kamu ihalesi \u00f6zel yasalara ba\u011flanm\u0131\u015ft\u0131r. Genel yasalarla yap\u0131lacak \u015feyleri \u00f6zel yasalarla da\u011f\u0131tmaya ba\u015flarsan\u0131z onu mutlaka sorgulamal\u0131s\u0131n\u0131z. \u0130\u015flerin d\u00fczg\u00fcn gitmedi\u011fine inand\u0131m.<\/p>\n<p style=\"text-align: justify;\">Temiz gitmedi\u011fine inand\u0131m, \u00fclke ihtiya\u00e7lar\u0131na uygun bir h\u00fck\u00fcmet etme tarz\u0131n\u0131n var olmad\u0131\u011f\u0131na inand\u0131m. Bu tarz\u0131n T\u00fcrkiye\u2019ye faydal\u0131 olamayaca\u011f\u0131na, zarar verece\u011fine inand\u0131m.<\/p>\n<p style=\"text-align: justify;\"><strong>\u2018Ama\u00e7lar\u0131 Y\u00fcce Divan\u2019dan kurtulmak\u2019<\/strong><\/p>\n<p style=\"text-align: justify;\">\u0130\u015fte son may\u0131nl\u0131 araziyle ilgili ihale, \u00f6zel olarak yasaya ba\u011flanmak suretiyle verilmeye \u00e7al\u0131\u015f\u0131l\u0131yor. Bu konularda yasa \u00e7\u0131karmak do\u011frudan do\u011fruya Y\u00fcce Divan\u2019dan kurtulmak i\u00e7in yap\u0131l\u0131r.<\/p>\n<p style=\"text-align: justify;\"><strong>&#8211; May\u0131n temizleme ihalesinin \u0130srail\u2019e verilece\u011fi y\u00f6n\u00fcnde iddialar ve bu konuda yo\u011fun tart\u0131\u015fmalar var&#8230;<\/strong><\/p>\n<p style=\"text-align: justify;\">&#8211; Prensip olarak ben herhangi bir ekonomik al\u0131\u015fveri\u015fi i\u015flemi \u00f6zel yasaya ba\u011flan\u0131yorsa orada yolsuzluk oldu\u011fu kanaatindeyim. Yabanc\u0131 firmaya \u00fcstelik b\u00f6lgede s\u0131cak \u00e7at\u0131\u015fmalar halinde \u0130srailli bir firmaya 44 y\u0131ll\u0131\u011f\u0131na arazinin verilmesi T\u00fcrkiye a\u00e7\u0131s\u0131ndan di\u011fer b\u00f6lge \u00fclkeleri a\u00e7\u0131s\u0131ndan ciddi g\u00fcvenlik sorunlar\u0131n\u0131 birlikte ta\u015f\u0131yacakt\u0131r, yanl\u0131\u015ft\u0131r. G\u00fcvenlik konseptini dikkate alan, alt\u0131 su ve petrol dolu, \u00fcst\u00fc b\u00e2kir ve verimli topraklardan olu\u015fan bir b\u00f6lgeyi 44 y\u0131ll\u0131\u011f\u0131na yabanc\u0131lara devrederken bu kadar patavats\u0131zl\u0131\u011f\u0131 kimse yapamaz. Ama ba\u015fbakan zorluyor, Meclis\u2019in iradesini a\u015farsa yapar da bunu. Yasalara ba\u011flanan \u015feyleri temiz i\u015fler olarak g\u00f6rm\u00fcyorum.<\/p>\n<p style=\"text-align: justify;\"><strong>&#8211; Ge\u00e7en y\u0131l t\u00fcrbanla ilgili anayasa de\u011fi\u015fikli\u011fi yap\u0131ld\u0131. Sizin laiklik ve t\u00fcrban tart\u0131\u015fmalar\u0131na bak\u0131\u015f\u0131n\u0131z nedir?<\/strong><\/p>\n<p style=\"text-align: justify;\">&#8211; T\u00fcrkiye\u2019de temel bir yanl\u0131\u015f var. O yanl\u0131\u015f hep ayr\u0131\u015faca\u011f\u0131m\u0131z konular aramak. \u00dczerinden kavga yapaca\u011f\u0131m\u0131z sorunlar \u00fcretmektir. Bu so\u011fuk sava\u015f d\u00f6neminden kalma eski siyaset\u00e7iler.. siyaset tarzlar\u0131yla da bu i\u015fe bay\u0131l\u0131yorlar. Sonunda \u00e7ok do\u011fal olarak kendi kulvar\u0131nda sorun olu\u015fturmayacak konular mevcut siyaset taraf\u0131ndan bug\u00fcne kavga alan\u0131 olarak ta\u015f\u0131nm\u0131\u015ft\u0131r.<\/p>\n<p style=\"text-align: justify;\">Laiklik ve inan\u00e7 \u00f6zg\u00fcrl\u00fckleriyle ilgili konular bunlar. Ve ge\u00e7en birka\u00e7 y\u0131ll\u0131k d\u00f6neme bakt\u0131\u011f\u0131m\u0131zda da bunu a\u00e7\u0131k\u00e7a g\u00f6r\u00fcyoruz. Yo\u011fun bir kavga ve k\u00f6rd\u00fc\u011f\u00fcm haline gelmi\u015f konular var. Bizim bak\u0131\u015f\u0131m\u0131zda her \u015feyden \u00f6nce toplumsal bar\u0131\u015f var, kurumlar aras\u0131 g\u00fcven var.<\/p>\n<p style=\"text-align: justify;\">Yani \u00f6ncelikle T\u00fcrkiye\u2019nin normalle\u015fmesi laz\u0131m. T\u00fcrkiye bu kavramlar \u00fczerinden kavga yapma al\u0131\u015fkanl\u0131\u011f\u0131n\u0131 terk eder, payla\u015fmaya ba\u015flarsa, kurumlararas\u0131 g\u00fcven tesis edilirse bu herkes i\u00e7in faydal\u0131 sonu\u00e7lar ortaya \u00e7\u0131kar\u0131r. Bu ba\u011flamda laikli\u011fi bir kavga alan\u0131 olarak g\u00f6rmek sadece T\u00fcrkiye\u2019ye \u00f6zg\u00fc, T\u00fcrk siyasetine has bir durumdur. Laiklik bir toplumsal bar\u0131\u015f ilkesidir. Laik toplum d\u00fczeni \u00fclkedeki herkes i\u00e7in g\u00fcvencedir. Dindar insan\u0131n kendi dindarl\u0131\u011f\u0131n\u0131, ateist insan\u0131n kendi inan\u00e7s\u0131zl\u0131\u011f\u0131n\u0131 ya\u015fayabildi\u011fi bir ortam demektir. Onun i\u00e7in bir bar\u0131\u015f ortam\u0131d\u0131r.<\/p>\n<p style=\"text-align: justify;\"><strong>&#8211; Siz \u00fcniversitelerdeki t\u00fcrban sorununu nas\u0131l \u00e7\u00f6zmeyi d\u00fc\u015f\u00fcn\u00fcyorsunuz?<\/strong><\/p>\n<p style=\"text-align: justify;\">&#8211; Ba\u015f\u00f6rt\u00fcs\u00fc ile e\u011fitim hakk\u0131ndan yararlanma talebini AKP iktidar\u0131 tahrip etmi\u015ftir. Konu \u00fczerine siyaset yapm\u0131\u015ft\u0131r. Anayasa Mahkemesi\u2019nden iptal edilece\u011fini bile bile konunun \u00fczerine gitmi\u015ftir. Ba\u015f\u00f6rt\u00fcs\u00fc, t\u00fcrban konusu \u00fczerinden kavga yapmak suretiyle kimlik g\u00f6sterisi yaparak oy avc\u0131l\u0131\u011f\u0131na soyunmu\u015ftur. Neticede hak etmedi\u011fi halde o kesimdeki oylar\u0131n\u0131 peki\u015ftirmi\u015f, fakat dindar insanlar\u0131n bu taleplerini \u00e7\u00f6z\u00fclmez hale d\u00f6n\u00fc\u015ft\u00fcrm\u00fc\u015ft\u00fcr. D\u00fcnyada b\u00f6yle bir siyaset tarz\u0131 hi\u00e7bir yerde yoktur. D\u00fc\u015f\u00fcn\u00fcn bir siyasi parti belli bir kitlenin taleplerini tahrip ederek o kitlenin oylar\u0131n\u0131 al\u0131yor. AKP iktidar\u0131 bilin\u00e7li olarak ba\u015f\u00f6rt\u00fcs\u00fc ile e\u011fitim hakk\u0131n\u0131 \u00e7\u00f6z\u00fclemez hale sokmu\u015ftur, bunu yaparken de kimlik kavgas\u0131yla zarar verdi\u011fi kitlelerin oyunu alm\u0131\u015ft\u0131r. Asl\u0131nda bu s\u00fcre\u00e7te samimiyet testinden ge\u00e7mi\u015f, ancak s\u0131n\u0131fta kalm\u0131\u015ft\u0131r.<\/p>\n<p style=\"text-align: justify;\"><strong>&#8211; Ba\u015fbakan Tayyip Erdo\u011fan, ekonomik krizin T\u00fcrkiye\u2019yi te\u011fet ge\u00e7ece\u011fini s\u00f6yl\u00fcyor. Al\u0131nan \u00f6nlemler yeterli mi?<\/strong><\/p>\n<p style=\"text-align: justify;\">&#8211; Ekonomik kriz var m\u0131 yok mu? Krizin tan\u0131mlar\u0131na bakmak laz\u0131m. Halbuki kriz konusunda daha geni\u015f kabul g\u00f6rm\u00fc\u015f tan\u0131mlamalar vard\u0131r. Ve b\u00fct\u00fcn kriz tan\u0131mlamalar\u0131n\u0131n alt\u0131nda \u015fu yatar. Ekonomik b\u00fcy\u00fcme trendi durmu\u015fsa ve ekonomi k\u00fc\u00e7\u00fclmeye ba\u015flam\u0131\u015fsa bu bir krizdir, bu nettir, tart\u0131\u015f\u0131lamayan ortak kanaattir. \u015eimdi bakt\u0131\u011f\u0131m\u0131zda ne g\u00f6r\u00fcyoruz, T\u00fcrkiye\u2019de kriz g\u00f6r\u00fcyoruz. 2008 y\u0131l\u0131n\u0131n 4. \u00e7eyre\u011finde ekonomi 6.2 k\u00fc\u00e7\u00fclm\u00fc\u015ft\u00fcr. 2009\u2019un ilk \u00e7eyre\u011finde k\u00fc\u00e7\u00fclme oran\u0131n\u0131n y\u00fczde 10\u2019un \u00fczerinde olabilece\u011fi resmi a\u011f\u0131zlardan ifade edilmi\u015ftir. D\u00fcnyan\u0131n hangi \u00fclkesinde bu kadar b\u00fcy\u00fck bir k\u00fc\u00e7\u00fclme var? Bu kriz de\u011filse kriz olan ne? \u0130\u015fsizlik ayn\u0131 \u015fekilde korkun\u00e7 art\u0131\u015f g\u00f6steriyor. Sanayi \u00fcretimi endeksi, her ay s\u00fcrekli k\u00fc\u00e7\u00fcl\u00fcyor. Ama ekonomide bahar havalar\u0131 estiriliyor, hi\u00e7bir yerde g\u00f6rmeyece\u011fimiz tiyatrolar sergileniyor. B\u00fct\u00fcn sekt\u00f6rler k\u00fc\u00e7\u00fcl\u00fcyor. Ortada hi\u00e7bir tedbir yoktur. Paket diye a\u00e7\u0131klanan \u015feyler sadece aldatmad\u0131r.<\/p>\n<p style=\"text-align: justify;\"><strong>&#8211; \u00dclke ekonomisinin gelece\u011fini nas\u0131l g\u00f6r\u00fcyorsunuz?<\/strong><\/p>\n<p style=\"text-align: justify;\">&#8211; D\u00fcnya ekonomisi yeniden yap\u0131lan\u0131yor. Bu arada T\u00fcrkiye ekonomisi de yeniden yap\u0131lan\u0131yor. Mevcut iktidar\u0131n elinde T\u00fcrk ekonomisi kendi ihtiya\u00e7lar\u0131na g\u00f6re de\u011fil geli\u015fmi\u015f ekonomilerin ihtiya\u00e7lar\u0131na g\u00f6re yeniden yap\u0131lan\u0131yor. Bir iktidar d\u00fc\u015f\u00fcn\u00fcn ki, kendi \u00fclkesinin ve kendi halk\u0131n\u0131n ihtiya\u00e7lar\u0131na uygun bir yeniden yap\u0131lanmayla krizden \u00e7\u0131k\u0131\u015f\u0131 y\u00f6netece\u011fi yerde kriz sonras\u0131n\u0131 bile geli\u015fmi\u015f ekonomilerin ihtiya\u00e7lar\u0131na g\u00f6re \u015fekillendiriyor.<\/p>\n<p style=\"text-align: justify;\"><strong><em>Bir \u00fclkenin ba\u015f\u0131na bundan daha b\u00fcy\u00fck bir felaket gelemez. Bir \u00fclkenin ba\u015f\u0131na gelebilecek en b\u00fcy\u00fck felaket AKP\u2019dir.<\/em><\/strong><\/p>\n<p style=\"text-align: justify;\">AKP, muhafazak\u00e2r bir parti de\u011fildir. T\u00fcrkiye\u2019yi ge\u00e7mi\u015fteki hi\u00e7bir iktidar k\u00fcresel dalgalara bu kadar terk etmemi\u015ftir. T\u00fcrkiye, AKP iktidar\u0131n\u0131n elinde s\u00fcratle her konuda erozyon etkisine girmi\u015ftir. Ekonomi tahrip oluyor, de\u011ferlerimiz yok oluyor. Benli\u011fimiz, kimli\u011fimiz, alg\u0131lar\u0131m\u0131z bozuluyor. Sanki mevcut iktidar bir misyon \u00fcstlenmi\u015ftir, bir g\u00f6rev \u00fcstlenmi\u015ftir. Bu g\u00f6rev T\u00fcrkiye\u2019yi kendi de\u011ferlerinden, menfaatlar\u0131ndan uzakla\u015ft\u0131rmakt\u0131r.<\/p>\n<p style=\"text-align: justify;\"><span style=\"color: #888888;\"> EM\u0130NE KAPLAN &#8211; Cumhuriyet<br \/>\n<\/span><\/p>\n","protected":false},"excerpt":{"rendered":"<p style=\"text-align: center;\">\n<p style=\"text-align: justify;\">&#8220;AKP, bir \u00fclkenin ba\u015f\u0131na gelebilecek en b\u00fcy\u00fck felakettir&#8221;\u2018<\/p>\n<p style=\"text-align: justify;\">AKP d\u00f6nemi karanl\u0131k ve kirli d\u00f6nem\u2019\u2018Ba\u015fbakan\u2019\u0131n izlemi\u015f oldu\u011fu tarz, so\u011fuk sava\u015f tarz\u0131d\u0131r\u2019\u2018AKP, muhafazak\u00e2r bir parti de\u011fil\u2019\u2018En b\u00fcy\u00fck felaket AKP\u2019dir.<\/p>\n<p style=\"text-align: justify;\">\u2018May\u0131n tasar\u0131s\u0131n\u0131n, Y\u00fcce Divan\u2019dan kurtulmak i\u00e7in h\u00fck\u00fcmet taraf\u0131ndan \u00e7\u0131kar\u0131lmaya \u00e7al\u0131\u015f\u0131ld\u0131\u011f\u0131n\u0131 s\u00f6yleyen T\u00fcrkiye Partisi Genel Ba\u015fkan\u0131 \u015eener\u2019den, \u00e7arp\u0131c\u0131 a\u00e7\u0131klamalar. AKP\u2019den <\/p>\n","protected":false},"author":1,"featured_media":0,"comment_status":"open","ping_status":"closed","sticky":false,"template":"","format":"standard","meta":{"footnotes":""},"categories":[105],"tags":[],"class_list":["post-9414","post","type-post","status-publish","format-standard","hentry","category-gundem","odd"],"_links":{"self":[{"href":"http:\/\/www.korhanyilmaz.com\/index.php?rest_route=\/wp\/v2\/posts\/9414","targetHints":{"allow":["GET"]}}],"collection":[{"href":"http:\/\/www.korhanyilmaz.com\/index.php?rest_route=\/wp\/v2\/posts"}],"about":[{"href":"http:\/\/www.korhanyilmaz.com\/index.php?rest_route=\/wp\/v2\/types\/post"}],"author":[{"embeddable":true,"href":"http:\/\/www.korhanyilmaz.com\/index.php?rest_route=\/wp\/v2\/users\/1"}],"replies":[{"embeddable":true,"href":"http:\/\/www.korhanyilmaz.com\/index.php?rest_route=%2Fwp%2Fv2%2Fcomments&post=9414"}],"version-history":[{"count":0,"href":"http:\/\/www.korhanyilmaz.com\/index.php?rest_route=\/wp\/v2\/posts\/9414\/revisions"}],"wp:attachment":[{"href":"http:\/\/www.korhanyilmaz.com\/index.php?rest_route=%2Fwp%2Fv2%2Fmedia&parent=9414"}],"wp:term":[{"taxonomy":"category","embeddable":true,"href":"http:\/\/www.korhanyilmaz.com\/index.php?rest_route=%2Fwp%2Fv2%2Fcategories&post=9414"},{"taxonomy":"post_tag","embeddable":true,"href":"http:\/\/www.korhanyilmaz.com\/index.php?rest_route=%2Fwp%2Fv2%2Ftags&post=9414"}],"curies":[{"name":"wp","href":"https:\/\/api.w.org\/{rel}","templated":true}]}}