{"id":9404,"date":"2009-05-30T08:16:48","date_gmt":"2009-05-30T05:16:48","guid":{"rendered":"http:\/\/www.korhanyilmaz.com\/?p=9404"},"modified":"2009-05-30T08:16:48","modified_gmt":"2009-05-30T05:16:48","slug":"hangisi-dogru","status":"publish","type":"post","link":"http:\/\/www.korhanyilmaz.com\/?p=9404","title":{"rendered":"Hangisi do\u011fru"},"content":{"rendered":"<p style=\"text-align: center;\"><img loading=\"lazy\" decoding=\"async\" class=\"aligncenter size-full wp-image-9405\" src=\"http:\/\/www.korhanyilmaz.com\/wp-content\/uploads\/2009\/05\/300520090333438580382.jpg\" alt=\"\" width=\"329\" height=\"210\" \/><\/p>\n<p style=\"text-align: justify;\"><strong>Akman&#8217;\u0131n &#8220;Ar\u0131n\u00e7 istifam\u0131 istemedi, Ba\u015fbakan da arkamda&#8221; s\u00f6zleri kafalar\u0131 kar\u0131\u015ft\u0131rd\u0131.<\/strong><\/p>\n<p style=\"text-align: justify;\">Ba\u015fbakan Yard\u0131mc\u0131s\u0131 B\u00fclent Ar\u0131n\u00e7\u2019\u0131n \u201cZahid Akman\u2019\u0131n istifas\u0131n\u0131 istedim. O da s\u00f6z verdi\u201d s\u00f6zlerine kar\u015f\u0131 RT\u00dcK Ba\u015fkan\u0131 Zahid Akman, \u201cBa\u015fbakan arkamda. Arkamda olmasa hala bu koltukta oturuyor olabilir miyim?\u201d dedi. Hay\u0131rl\u0131 olsun ziyareti s\u0131ras\u0131nda Ar\u0131n\u00e7\u2019\u0131n kendisine \u201c\u0130stifa etmeyi d\u00fc\u015f\u00fcn\u00fcyor musun\u201d diye sordu\u011funu belirten Akman, \u201cHay\u0131r\u201d yan\u0131t\u0131n\u0131 verdi\u011fini s\u00f6yledi. Konu\u015fulanlar\u0131 hayretle izledi\u011finin alt\u0131n\u0131 \u00e7izen RT\u00dcK Ba\u015fkan\u0131, Habert\u00fcrk\u2019e yapt\u0131\u011f\u0131 a\u00e7\u0131klamada, \u015f\u00f6yle konu\u015ftu: \u201cKonu a\u00e7\u0131ld\u0131. \u0130stifay\u0131 d\u00fc\u015f\u00fcn\u00fcp d\u00fc\u015f\u00fcnmedi\u011fimi sordu. \u2019Hay\u0131r\u2019 dedim. Bence istifay\u0131 d\u00fc\u015f\u00fcnmek su\u00e7lu oldu\u011funa inanmak demek. Hayat\u0131mda hi\u00e7bir zaman koltuk sevdal\u0131s\u0131 olmad\u0131m. Makamlar benim i\u00e7in \u00f6nemli de\u011fil. Nihayetinde ben bir kamu g\u00f6revlisiyim. Hepsini anlataca\u011f\u0131m ama bir s\u00fcre sonra. Anlatt\u0131klar\u0131m\u0131 \u00f6\u011frenince herkes \u015fa\u015f\u0131racak. Ne kadar hakk\u0131m\u0131n yendi\u011fi ortaya \u00e7\u0131kacak. Benimle u\u011fra\u015fanlarla tek tek u\u011fra\u015faca\u011f\u0131m.\u201d Ancak Akman daha sonra yapt\u0131\u011f\u0131 a\u00e7\u0131klamada \u201cBa\u015fbakan arkamda\u201d s\u00f6zlerini yalanlad\u0131.<!--more--><\/p>\n<p style=\"text-align: justify;\"><strong>Ar\u0131n\u00e7 ne demi\u015fti?<\/strong><\/p>\n<p style=\"text-align: justify;\">B\u00fclent Ar\u0131n\u00e7, ge\u00e7ti\u011fimiz hafta Akman\u2019la ilgili soruyu \u015f\u00f6yle yan\u0131tlam\u0131\u015ft\u0131: \u201c\u0130lk defa a\u00e7\u0131kl\u0131yorum. Ben bakan olduktan sonra Zahid Akman ile g\u00f6r\u00fc\u015ft\u00fcm. G\u00f6r\u00fc\u015fmemizde bu konular\u0131 kendisine sordum: \u2019Bir, mal bildirimiyle ilgili. \u0130kincisi Deniz Feneri\u2019yle ilgili&#8230; Bana \u2019Bunlar\u0131n hepsi iftirad\u0131r\u2019dedi. Ondan sonra kendisine \u015funu dedim: \u2019Sizin se\u00e7imlerinizde katk\u0131s\u0131 olan bir insan olarak s\u00f6yl\u00fcyorum ki; Bu ithamlar sizi y\u0131prat\u0131yor, kurumunuzu y\u0131prat\u0131yor, h\u00fck\u00fcmeti y\u0131prat\u0131yor. \u015eimdi Ba\u015fbakan Yard\u0131mc\u0131s\u0131 olarak beni de y\u0131pratabilir. \u00c7\u00fcnk\u00fc b\u00f6yle bir kanaat olu\u015fmu\u015ftur. Halk nazar\u0131nda RT\u00dcK Ba\u015fkan\u0131 ile ilgili olarak Deniz Feneri ba\u011flant\u0131s\u0131 art\u0131k kurumlar\u0131 y\u0131prat\u0131r hale gelmi\u015ftir. Ben sizin g\u00f6revinizden ayr\u0131lman\u0131z\u0131 istiyorum.\u2019 Bir hafta \u00f6nce konu\u015ftum kendisiyle. Sa\u011f olsun anlay\u0131\u015f g\u00f6sterdi ve \u2019Ben de ayn\u0131 kanaatteyim\u2019 dedi.\u201d<\/p>\n<p style=\"text-align: justify;\"><strong>Ar\u0131n\u00e7: Akman\u2019\u0131n istifas\u0131 etik olur<\/strong><\/p>\n<p style=\"text-align: justify;\">Ba\u015fbakan Yard\u0131mc\u0131s\u0131 B\u00fclent Ar\u0131n\u00e7, \u0130zlanda\u2019n\u0131n ba\u015fkenti Reykjavik\u2019te d\u00fczenledi\u011fi bas\u0131n toplant\u0131s\u0131nda, \u201cRT\u00dcK Ba\u015fkan\u0131 Akman\u2019\u0131n istifas\u0131 etik olur\u201d dedi ve \u015f\u00f6yle devam etti: \u201cBen yarg\u0131s\u0131z infazdan yana de\u011filim. Hi\u00e7 kimseyi pe\u015fine su\u00e7lamam, su\u00e7lu oldu\u011funu da kabul edemem. Yarg\u0131 karar\u0131yla aksi sabit olmad\u0131k\u00e7a herkesin masum oldu\u011funa inan\u0131r\u0131m. Baz\u0131 CHP\u2019lilerin yapt\u0131\u011f\u0131 gibi kendimi yarg\u0131\u00e7 ya da savc\u0131 yerine koymam.\u201d<\/p>\n<p style=\"text-align: justify;\">Zahid Akman\u2019\u0131n kendisine ba\u015fkanl\u0131k g\u00f6revinden g\u00f6rev s\u00fcresinin temmuzda dolmas\u0131yla g\u00f6revden ayr\u0131lma karar\u0131 alaca\u011f\u0131n\u0131 ve bunu a\u00e7\u0131klayaca\u011f\u0131n\u0131 ifade etti\u011fini bildiren Ar\u0131n\u00e7, \u201cSay\u0131n Akman tabii ki su\u00e7lu oldu\u011funu kabul etmiyor. Ancak benim siyasi a\u00e7\u0131dan ve etik a\u00e7\u0131dan b\u00f6yle bir g\u00f6revden ayr\u0131lmas\u0131n\u0131n faydal\u0131 olaca\u011f\u0131n\u0131 s\u00f6ylemem kar\u015f\u0131s\u0131nda bunu teyit eden beyanda bulunmu\u015ftu. \u015eunu rahatl\u0131kla s\u00f6yleyebilirim ki bu gibi durumlarda g\u00f6revden ayr\u0131lma veya istifa etmek erdemli bir davran\u0131\u015f olur. Kesinlikle su\u00e7lamalar\u0131 kabul etti\u011fi anlam\u0131na gelmez. \u00c7\u00fcnk\u00fc bunun a\u00e7\u0131klamas\u0131 her zaman yap\u0131labilir\u201d diye konu\u015ftu.<\/p>\n<p style=\"text-align: justify;\"><span style=\"color: #888888;\">Kaynak : Vatan<\/span><\/p>\n","protected":false},"excerpt":{"rendered":"<p style=\"text-align: center;\">\n<p style=\"text-align: justify;\">Akman&#8217;\u0131n &#8220;Ar\u0131n\u00e7 istifam\u0131 istemedi, Ba\u015fbakan da arkamda&#8221; s\u00f6zleri kafalar\u0131 kar\u0131\u015ft\u0131rd\u0131.<\/p>\n<p style=\"text-align: justify;\">Ba\u015fbakan Yard\u0131mc\u0131s\u0131 B\u00fclent Ar\u0131n\u00e7\u2019\u0131n \u201cZahid Akman\u2019\u0131n istifas\u0131n\u0131 istedim. O da s\u00f6z verdi\u201d s\u00f6zlerine kar\u015f\u0131 RT\u00dcK Ba\u015fkan\u0131 Zahid Akman, \u201cBa\u015fbakan arkamda. Arkamda olmasa hala bu koltukta oturuyor olabilir miyim?\u201d dedi. Hay\u0131rl\u0131 olsun ziyareti s\u0131ras\u0131nda Ar\u0131n\u00e7\u2019\u0131n kendisine \u201c\u0130stifa etmeyi d\u00fc\u015f\u00fcn\u00fcyor <\/p>\n","protected":false},"author":1,"featured_media":0,"comment_status":"open","ping_status":"closed","sticky":false,"template":"","format":"standard","meta":{"footnotes":""},"categories":[105],"tags":[],"class_list":["post-9404","post","type-post","status-publish","format-standard","hentry","category-gundem","odd"],"_links":{"self":[{"href":"http:\/\/www.korhanyilmaz.com\/index.php?rest_route=\/wp\/v2\/posts\/9404","targetHints":{"allow":["GET"]}}],"collection":[{"href":"http:\/\/www.korhanyilmaz.com\/index.php?rest_route=\/wp\/v2\/posts"}],"about":[{"href":"http:\/\/www.korhanyilmaz.com\/index.php?rest_route=\/wp\/v2\/types\/post"}],"author":[{"embeddable":true,"href":"http:\/\/www.korhanyilmaz.com\/index.php?rest_route=\/wp\/v2\/users\/1"}],"replies":[{"embeddable":true,"href":"http:\/\/www.korhanyilmaz.com\/index.php?rest_route=%2Fwp%2Fv2%2Fcomments&post=9404"}],"version-history":[{"count":0,"href":"http:\/\/www.korhanyilmaz.com\/index.php?rest_route=\/wp\/v2\/posts\/9404\/revisions"}],"wp:attachment":[{"href":"http:\/\/www.korhanyilmaz.com\/index.php?rest_route=%2Fwp%2Fv2%2Fmedia&parent=9404"}],"wp:term":[{"taxonomy":"category","embeddable":true,"href":"http:\/\/www.korhanyilmaz.com\/index.php?rest_route=%2Fwp%2Fv2%2Fcategories&post=9404"},{"taxonomy":"post_tag","embeddable":true,"href":"http:\/\/www.korhanyilmaz.com\/index.php?rest_route=%2Fwp%2Fv2%2Ftags&post=9404"}],"curies":[{"name":"wp","href":"https:\/\/api.w.org\/{rel}","templated":true}]}}