{"id":9393,"date":"2009-05-29T12:10:12","date_gmt":"2009-05-29T09:10:12","guid":{"rendered":"http:\/\/www.korhanyilmaz.com\/?p=9393"},"modified":"2009-05-29T12:10:12","modified_gmt":"2009-05-29T09:10:12","slug":"mayina-6-sehit","status":"publish","type":"post","link":"http:\/\/www.korhanyilmaz.com\/?p=9393","title":{"rendered":"May\u0131na 6 \u015fehit"},"content":{"rendered":"<p style=\"text-align: center;\"><img loading=\"lazy\" decoding=\"async\" class=\"size-full wp-image-9394 aligncenter\" title=\"May\u0131na 6 \u015fehit\" src=\"http:\/\/www.korhanyilmaz.com\/wp-content\/uploads\/2009\/05\/8080664.jpg\" alt=\"May\u0131na 6 \u015fehit\" width=\"175\" height=\"200\" \/><\/p>\n<address style=\"text-align: center;\"><strong><span style=\"color: #888888;\"><a href=\"http:\/\/fotogaleri.hurriyet.com.tr\/galeridetay.aspx?cid=23245&amp;rid=2\" target=\"_blank\">\u015eehitlerimizin Foto\u011fraflar\u0131<\/a><\/span><\/strong><\/address>\n<p style=\"text-align: justify;\"><strong>\u00c7ukurca b\u00f6lgesinde operasyona \u00e7\u0131kan birliklerin ge\u00e7i\u015fi s\u0131ras\u0131nda, yola d\u00f6\u015fenmi\u015f bir may\u0131n uzaktan kumanda ile patlat\u0131ld\u0131.<\/strong><\/p>\n<p style=\"text-align: justify;\">Patlamada biri uzman \u00e7avu\u015f 6 asker \u015fehit d\u00fc\u015ft\u00fc, 8\u2019i yaraland\u0131. Hain sald\u0131r\u0131 sonras\u0131 b\u00f6lgede operasyonlar yo\u011funla\u015ft\u0131r\u0131l\u0131rken, \u00d6zel Harek\u00e1t Timleri de ter\u00f6ristlerin pe\u015fine d\u00fc\u015ft\u00fc. Bu operasyonlarda da bir uzman \u00e7avu\u015f, kayal\u0131klardan d\u00fc\u015ferek \u015fehit oldu.<!--more--><\/p>\n<p style=\"text-align: justify;\"><strong>HAKK\u00c1R\u0130\u2019<\/strong>nin Irak s\u0131n\u0131r\u0131ndaki \u00c7ukurca \u0130l\u00e7esi\u2019ne 30 kilometre uzakl\u0131ktaki Uzundere K\u00f6y\u00fc yak\u0131nlar\u0131nda operasyona giden askerlerin ge\u00e7i\u015fi s\u0131ras\u0131nda, \u00f6nceki gece 23.30 s\u0131ralar\u0131nda ter\u00f6ristler, yola d\u00f6\u015fedikleri may\u0131n\u0131 uzaktan kumandayla infilak ettirdi. Patlamada, askeri ara\u00e7ta bulunan \u0130stikam Uzman \u00c7avu\u015f Ziya Bener, erler \u00d6zkan Dumlu, Deniz Demirci, Cafer \u00c7elik, Kemal \u00d6zevin ile Adil Y\u0131ld\u0131z \u015fehit d\u00fc\u015ferken, sekiz asker de yaraland\u0131.<\/p>\n<p style=\"text-align: justify;\">Sald\u0131r\u0131 \u00fczerine b\u00f6lgede yo\u011fun operasyona ba\u015flan\u0131rken, yaral\u0131 askerler helikopterle b\u00f6lgeden al\u0131narak tedavi alt\u0131na al\u0131nd\u0131. Hakk\u00e1ri Valisi Muammer T\u00fcrker, olumsuz hava ko\u015fullar\u0131 nedeniyle yaral\u0131lar\u0131n helikopterle \u015e\u0131rnak\u2019a g\u00f6nderildi\u011fini s\u00f6yledi.<\/p>\n<p style=\"text-align: justify;\">Yaral\u0131 askerler \u015funlar: Uzman \u00c7avu\u015f Muharrem Akal\u0131n, erler Fethar Bilmez, Ayta\u00e7 G\u00fcney, Mehmet Solmaz, F\u0131rat G\u00fcne\u015f, Muhammet Akdeniz, Samet Koca ve O\u011fuz K\u0131r.<\/p>\n<p style=\"text-align: justify;\">\u015eehit askerler i\u00e7in d\u00fcn \u00f6\u011fle saatlerinde \u015e\u0131rnak 23\u2019\u00fcnc\u00fc Jandarma S\u0131n\u0131r T\u00fcmen Komutanl\u0131\u011f\u0131\u2019nda t\u00f6ren d\u00fczenlendi. Bas\u0131n\u0131n al\u0131nmad\u0131\u011f\u0131 t\u00f6rene \u015e\u0131rnak Valisi Ali Yerlikaya, Van Jandarma Asayi\u015f Kolordu Komutan\u0131 Korgeneral Yurdaer Olcan, 23\u2019\u00fcnc\u00fc Jandarma S\u0131n\u0131r T\u00fcmen Komutan\u0131 T\u00fcmgeneral Tahir Bekiro\u011flu, \u0130l Jandarma Komutan\u0131 Albay Ahmet Hac\u0131o\u011flu, komutanl\u0131k personeli kat\u0131ld\u0131. T\u00f6renin ard\u0131ndan \u015fehitlerin cenazeleri topra\u011fa verilmek \u00fczere \u00fc\u00e7 helikopterle memleketlerine g\u00f6nderildi.<\/p>\n<p style=\"text-align: justify;\"><strong>U\u00e7aklar K. Irak\u2019\u0131 vurdu<\/strong><\/p>\n<p style=\"text-align: justify;\">Hain sald\u0131r\u0131n\u0131n ard\u0131ndan b\u00f6lgedeki askeri hareketlilik artt\u0131. Gece bir grup PKK\u2019l\u0131 ter\u00f6ristin tespit edildi\u011fi Cudi Da\u011f\u0131\u2019na karadan top at\u0131\u015f\u0131 yap\u0131ld\u0131. Sabah\u0131n erken saatlerinden itibaren ter\u00f6ristlerin bulundu\u011fu ve ka\u00e7abilecekleri stratejik b\u00f6lgelere 23\u2019\u00fcnc\u00fc Jandarma S\u0131n\u0131r T\u00fcmen Komutanl\u0131\u011f\u0131\u2019ndan kalkan Sikorsky helikopterlerle Jandarma \u00d6zel Harek\u00e1t Timleri indirildi. \u015e\u0131rnak\u2019ta Cudi\u2019nin yan\u0131 s\u0131ra K\u00fcpeli Da\u011f\u0131 ve Bestler Dereler B\u00f6lgesi\u2019ndeki operasyonlar\u0131nda s\u00fcrd\u00fc\u011f\u00fc kaydedildi. Operasyonda I\u015f\u0131kl\u0131 B\u00f6lgesi\u2019nin 15 kilometre uza\u011f\u0131ndaki b\u00f6lgede de, bir uzman \u00e7avu\u015f kayal\u0131klardan d\u00fc\u015ferek \u015fehit oldu. \u015eehit uzman \u00e7avu\u015fun isminin Abuzer Do\u011fan oldu\u011fu a\u00e7\u0131kland\u0131.<\/p>\n<p style=\"text-align: justify;\">Genelkurmay\u2019dan yap\u0131lan a\u00e7\u0131klamada, Irak\u2019\u0131n kuzeyindeki Ava\u015fin-Basyan b\u00f6lgesinde s\u0131n\u0131r\u0131m\u0131za yak\u0131n tespit edilen PKK\u2019l\u0131 kalabal\u0131k ter\u00f6rist grubun T\u00fcrk Hava Kuvvetleri u\u00e7aklar\u0131nca d\u00fcn sabah saatlerinde ate\u015f alt\u0131na al\u0131narak tam isabetle vuruldu\u011fu belirtildi. A\u00e7\u0131klamada, &#8220;G\u00f6revini ba\u015far\u0131yla tamamlayan u\u00e7aklar\u0131m\u0131z emniyetle \u00fcslerine d\u00f6nm\u00fc\u015flerdir. \u0130cra edilen harek\u00e1tta, her zaman oldu\u011fu gibi sadece PKK\/KONGRA-GEL ter\u00f6r \u00f6rg\u00fct\u00fc hedef al\u0131nm\u0131\u015f, sivil halk\u0131n olumsuz etkilenmemesi i\u00e7in gerekli hassasiyet g\u00f6sterilmi\u015ftir&#8221; denildi.<\/p>\n<p style=\"text-align: justify;\"><strong>Her \u015fey bu bayrak i\u00e7in<\/strong><\/p>\n<p style=\"text-align: justify;\"><strong>\u015eEH\u0130T<\/strong> Adil Y\u0131ld\u0131z\u2019\u0131n Arnavutk\u00f6y\u2019de oturan ailesi y\u0131k\u0131ld\u0131. Terhisine 58 g\u00fcn kala \u015fehit olan Y\u0131ld\u0131z\u2019\u0131n annesi Kezban Y\u0131ld\u0131z fenala\u015ft\u0131. Babas\u0131 \u0130smail Y\u0131ld\u0131z, annesinin \u00f6nceki g\u00fcn o\u011fluyla telefonda konu\u015ftu\u011funu belirterek, &#8220;\u2019Az kald\u0131 merak etmeyin d\u00f6nece\u011fim\u2019 dedi. Her \u015fey bu bayrak i\u00e7in&#8221; dedi. Y\u0131ld\u0131z\u2019\u0131n cenazesi Kastamonu\u2019ya getirildi. \u015eehit er Do\u011fanyurt\u2019taki t\u00f6renin ard\u0131ndan Bald\u0131ran K\u00f6y\u00fc\u2019nde topra\u011fa verilecek.<\/p>\n<p style=\"text-align: justify;\"><strong>Hakk\u0131m\u0131z\u0131 helal etmiyoruz<\/strong><\/p>\n<p style=\"text-align: justify;\"><strong>ER <\/strong>Cafer \u00c7elik\u2019in \u015fehit d\u00fc\u015ft\u00fc\u011f\u00fc haberini anne Nezahat \u00c7elik misafirli\u011fe gitti evde ald\u0131. Sinir kriz ge\u00e7irince askeri ambulansla evine getirilen \u00c7elik, &#8220;B\u00f6yle mi d\u00f6necektin&#8221; diye a\u011flad\u0131. F\u0131r\u0131nda \u00e7al\u0131\u015f\u0131rken 6 ay \u00f6nce vatani g\u00f6revine giden Cafer \u00c7elik\u2019in amcas\u0131 Murat \u00c7elik &#8220;Ba\u015fka \u015feylere \u00e7are bulan Cumhurba\u015fkan\u0131 ve h\u00fck\u00fcmet bu \u015fehit \u00f6l\u00fcmlerine de \u00e7are bulsun. Hi\u00e7bir h\u00fck\u00fcmet yetkilisine hakk\u0131m\u0131z helal etmiyoruz. Cenazemize de gelmelerini istemiyoruz&#8221; dedi.<\/p>\n<p style=\"text-align: justify;\"><strong>Ev yeme\u011fi gitmi\u015fti<\/strong><\/p>\n<p style=\"text-align: justify;\"><strong>\u015eEH\u0130T<\/strong> Kemalettin \u00d6zevin, 11 y\u0131l \u00f6nce Siirt\u2019ten \u0130stanbul\u2019a g\u00f6\u00e7 eden \u00d6zevin Ailesi\u2019nin 8 \u00e7ocu\u011fundan biriydi. \u0130lkokulu bitirdikten sonra konfeksiyon at\u00f6lyelerinde i\u015f\u00e7i olarak \u00e7al\u0131\u015fan \u00d6zevin\u2019in babas\u0131 Halil \u00d6zevin 10 g\u00fcn \u00f6nce o\u011flunu birli\u011fine ziyarete gitti. O\u011fluna evde yap\u0131lan yemekleri g\u00f6t\u00fcren Halil \u00d6zevin, &#8220;Nizamiyede oturduk. Keyfi yerindeydi. Askerlik an\u0131lar\u0131n\u0131 anlatt\u0131&#8221; dedi. \u00d6zevin Ailesi, d\u00fcn, \u015fehit Kemalettin\u2019in topra\u011fa verecekleri memleketleri Siirt\u2019te gitti.<\/p>\n<p style=\"text-align: justify;\"><strong>Gurur ve matem<\/strong><\/p>\n<p style=\"text-align: justify;\"><strong>HAKKAR\u0130<\/strong>\u2019de may\u0131n patlamas\u0131 sonucu \u015fehit olan 6 askerden birisi olan Piyade Er Deniz Demirci\u2019nin Ankara\u2019daki evinde matem ve gurur birarada ya\u015fand\u0131. Ankara Mamak\u2019ta ya\u015fayan Demirci ailesinin 5 \u00e7ocu\u011fundan biri olan Deniz, \u015fehit olmadan bir saat \u00f6nce babas\u0131 Halil Demirci\u2019yi arad\u0131. Deniz, &#8220;Ben iyiyim baba. Birazdan g\u00f6reve gidiyorum&#8221; diyerek telefon seldi. Baba Demirci, taziyeye gelenlere, &#8220;Vatan sa\u011folsun. Onunla gurur duyuyorum&#8221; dedi.<\/p>\n<p style=\"text-align: justify;\"><span style=\"color: #888888;\">Kaynak : H\u00fcrriyet<\/span><\/p>\n","protected":false},"excerpt":{"rendered":"<p style=\"text-align: center;\">\n<p> \u015eehitlerimizin Foto\u011fraflar\u0131 <\/p>\n<p style=\"text-align: justify;\">\u00c7ukurca b\u00f6lgesinde operasyona \u00e7\u0131kan birliklerin ge\u00e7i\u015fi s\u0131ras\u0131nda, yola d\u00f6\u015fenmi\u015f bir may\u0131n uzaktan kumanda ile patlat\u0131ld\u0131.<\/p>\n<p style=\"text-align: justify;\">Patlamada biri uzman \u00e7avu\u015f 6 asker \u015fehit d\u00fc\u015ft\u00fc, 8\u2019i yaraland\u0131. Hain sald\u0131r\u0131 sonras\u0131 b\u00f6lgede operasyonlar yo\u011funla\u015ft\u0131r\u0131l\u0131rken, \u00d6zel Harek\u00e1t Timleri de ter\u00f6ristlerin pe\u015fine d\u00fc\u015ft\u00fc. Bu operasyonlarda da bir uzman \u00e7avu\u015f, kayal\u0131klardan d\u00fc\u015ferek <\/p>\n","protected":false},"author":1,"featured_media":0,"comment_status":"open","ping_status":"closed","sticky":false,"template":"","format":"standard","meta":{"footnotes":""},"categories":[105],"tags":[],"class_list":["post-9393","post","type-post","status-publish","format-standard","hentry","category-gundem","odd"],"_links":{"self":[{"href":"http:\/\/www.korhanyilmaz.com\/index.php?rest_route=\/wp\/v2\/posts\/9393","targetHints":{"allow":["GET"]}}],"collection":[{"href":"http:\/\/www.korhanyilmaz.com\/index.php?rest_route=\/wp\/v2\/posts"}],"about":[{"href":"http:\/\/www.korhanyilmaz.com\/index.php?rest_route=\/wp\/v2\/types\/post"}],"author":[{"embeddable":true,"href":"http:\/\/www.korhanyilmaz.com\/index.php?rest_route=\/wp\/v2\/users\/1"}],"replies":[{"embeddable":true,"href":"http:\/\/www.korhanyilmaz.com\/index.php?rest_route=%2Fwp%2Fv2%2Fcomments&post=9393"}],"version-history":[{"count":0,"href":"http:\/\/www.korhanyilmaz.com\/index.php?rest_route=\/wp\/v2\/posts\/9393\/revisions"}],"wp:attachment":[{"href":"http:\/\/www.korhanyilmaz.com\/index.php?rest_route=%2Fwp%2Fv2%2Fmedia&parent=9393"}],"wp:term":[{"taxonomy":"category","embeddable":true,"href":"http:\/\/www.korhanyilmaz.com\/index.php?rest_route=%2Fwp%2Fv2%2Fcategories&post=9393"},{"taxonomy":"post_tag","embeddable":true,"href":"http:\/\/www.korhanyilmaz.com\/index.php?rest_route=%2Fwp%2Fv2%2Ftags&post=9393"}],"curies":[{"name":"wp","href":"https:\/\/api.w.org\/{rel}","templated":true}]}}