{"id":9382,"date":"2009-05-27T09:06:26","date_gmt":"2009-05-27T06:06:26","guid":{"rendered":"http:\/\/www.korhanyilmaz.com\/?p=9382"},"modified":"2009-05-27T09:06:26","modified_gmt":"2009-05-27T06:06:26","slug":"sener-akp%e2%80%99den-kopusunu-anlatti-basbakan-kurcalamamasi-gereken-seyleri-istemeye-baslamisti","status":"publish","type":"post","link":"http:\/\/www.korhanyilmaz.com\/?p=9382","title":{"rendered":"\u015eener AKP\u2019den kopu\u015funu anlatt\u0131: Ba\u015fbakan kurcalamamas\u0131 gereken \u015feyleri istemeye ba\u015flam\u0131\u015ft\u0131"},"content":{"rendered":"<p style=\"text-align: center;\"><img loading=\"lazy\" decoding=\"async\" class=\"aligncenter size-full wp-image-9383\" src=\"http:\/\/www.korhanyilmaz.com\/wp-content\/uploads\/2009\/05\/270520090335401406782.jpg\" alt=\"\" width=\"329\" height=\"210\" \/><\/p>\n<p style=\"text-align: justify;\"><span style=\"font-family: Verdana,Arial,Helvetica,sans-serif; font-size: x-small;\"><img loading=\"lazy\" decoding=\"async\" class=\"alignleft size-full wp-image-9384\" style=\"margin-left: 15px; margin-right: 15px;\" title=\"Mustafa Mutlu - Vatan Gazetesi Yazar\u0131\" src=\"http:\/\/www.korhanyilmaz.com\/wp-content\/uploads\/2009\/05\/102.jpg\" alt=\"102\" width=\"102\" height=\"102\" \/><\/span><\/p>\n<p style=\"text-align: justify;\">D\u00fcnk\u00fc yaz\u0131mda \u201cliderlik sanat\u0131\u201d derslerinde \u00f6\u011fretilen, \u201cBir liderde olmas\u0131 gereken 25 temel \u00f6zellik\u201d ten yola \u00e7\u0131karak, eski Ba\u015fbakan Yard\u0131mc\u0131s\u0131 Abd\u00fcllatif \u015eener\u2019in lider olamayaca\u011f\u0131n\u0131 yazm\u0131\u015ft\u0131m.<\/p>\n<p style=\"text-align: justify;\">Say\u0131n \u015eener \u00f6\u011fle saatlerinde arad\u0131 ve yaz\u0131m i\u00e7in te\u015fekk\u00fcr etti.<\/p>\n<p style=\"text-align: justify;\">Yanl\u0131\u015f okumad\u0131n\u0131z; ne en ufak bir sitem ne \u00f6fke ne de a\u011f\u0131r s\u00f6z&#8230;<\/p>\n<p style=\"text-align: justify;\">Sadece te\u015fekk\u00fcr&#8230;<\/p>\n<p style=\"text-align: justify;\">Sonra da ekledi:<\/p>\n<p style=\"text-align: justify;\">\u201cDe\u011ferlendirmelerinizin \u00f6nemli bir b\u00f6l\u00fcm\u00fcne kat\u0131lm\u0131yorum ama baz\u0131 \u015feyleri eksik yapm\u0131\u015f olmal\u0131y\u0131m ki sizin bakt\u0131\u011f\u0131n\u0131z yerden b\u00f6yle g\u00f6r\u00fcn\u00fcyorum. Dolay\u0131s\u0131yla sorumluluk bendedir.\u201d<\/p>\n<p style=\"text-align: justify;\">G\u00fclerek, ayn\u0131 testi kendisinin de yapt\u0131\u011f\u0131n\u0131 ve e\u011flendi\u011fini belirtti.<!--more--><\/p>\n<p style=\"text-align: justify;\">Say\u0131n \u015eener\u2019e, bug\u00fcne kadar hi\u00e7bir siyasi parti genel ba\u015fkan\u0131ndan g\u00f6rmedi\u011fim bu ho\u015fg\u00f6r\u00fcs\u00fc i\u00e7in te\u015fekk\u00fcr ediyorum.<\/p>\n<p style=\"text-align: justify;\">Haz\u0131r onu bulmu\u015fken ge\u00e7mi\u015fe ve gelece\u011fe ili\u015fkin baz\u0131 sorular da sordum&#8230; \u0130\u015fte o sorular ve ald\u0131\u011f\u0131m yan\u0131tlar:<\/p>\n<p style=\"text-align: justify;\">\n<p style=\"text-align: justify;\"><span style=\"font-family: Verdana,Arial,Helvetica,sans-serif; font-size: x-small;\">***<\/span><span style=\"font-family: Verdana,Arial,Helvetica,sans-serif; font-size: x-small;\"> <\/span><\/p>\n<p style=\"text-align: justify;\"><strong>BA\u015eBAKAN \u00d6ZELLE\u015eT\u0130RME Y\u00dcZ\u00dcNDEN BANA 2 AY K\u00dcST\u00dc!<\/strong><\/p>\n<p style=\"text-align: justify;\"><strong>Soru: AKP\u2019den ki\u015fisel hesaplarla ayr\u0131ld\u0131\u011f\u0131n\u0131z\u0131 yazd\u0131m&#8230; Ne kadar do\u011fru?<\/strong><\/p>\n<p style=\"text-align: justify;\">\u015eener: Tamamen yanl\u0131\u015f&#8230; Rahats\u0131zl\u0131\u011f\u0131m; partinin, kurulu\u015f ama\u00e7lar\u0131na uygun hareket etmedi\u011fini, toplumu kampla\u015ft\u0131rd\u0131\u011f\u0131n\u0131, kurumlarla kavga etti\u011fini g\u00f6r\u00fcnce ba\u015flad\u0131. Sonra da bu, birlikte \u00e7al\u0131\u015fma ko\u015fullar\u0131m\u0131za yans\u0131d\u0131 ve ayr\u0131ld\u0131m.<\/p>\n<p style=\"text-align: justify;\"><strong>Soru: \u00d6zelle\u015ftirme \u0130daresi Ba\u015fkanl\u0131\u011f\u0131\u2019n\u0131n sizin sorumlulu\u011funuzdan al\u0131n\u0131p, Maliye Bakan\u0131\u2019na ba\u011flanmas\u0131 bunda hi\u00e7 mi rol oynamad\u0131?<\/strong><\/p>\n<p style=\"text-align: justify;\">\u015eener: \u00d6zelle\u015ftirme benden al\u0131nmad\u0131; ben verdim! Ba\u015fbakan nedense \u00f6zelle\u015ftirmelerle fazlaca ilgileniyordu. Hani; \u00c7iller d\u00f6neminde, \u2018\u00d6zelle\u015ftirme dosyalar\u0131 \u00c7iller\u2019in evine gidiyor\u2019 diye ele\u015ftiriyorduk ya; Ba\u015fbakan\u2019\u0131n bu ilgisi de beni rahats\u0131z etmeye ba\u015flad\u0131. Ba\u015fbakan kurcalamamas\u0131 gereken \u015feyler istemeye ba\u015flad\u0131. \u0130stekleri yerine getirilmeyince de \u00f6zelle\u015ftirmeye laf dokundurur oldu. Bir gece 10.00\u2019da topland\u0131k&#8230; Yan\u0131m\u0131zda 5-6 bakan arkada\u015f daha vard\u0131. Ba\u015fbakan\u2019a \u2018\u00d6zelle\u015ftirmeye niye laf at\u0131yorsun\u2019 dedim. \u2018Atm\u0131yorum\u2019 dedi. \u2018At\u0131yorsun\u2019 diye \u00fcsteledim. \u00d6zelle\u015ftirme \u0130daresi\u2019yle ilgili dosyay\u0131 ald\u0131m ve \u2018Al istedi\u011fin yere ver\u2019 dedim. O da, \u2018Kemal Bey\u2019e ver\u2019 dedi. Beni \u00d6zelle\u015ftirme Y\u00fcksek Kurulu \u00dcyesi olarak b\u0131rakt\u0131. Yine bir g\u00fcn; \u00d6zelle\u015ftirme \u0130daresi\u2019ne bor\u00e7lar\u0131n\u0131 \u00f6demeyen 4 firmayla ilgili konu konu\u015fuluyordu. \u0130\u00e7lerinden biri, satt\u0131\u011f\u0131m\u0131z bir kurulu\u015fu 5 y\u0131l taksitle alm\u0131\u015f, ald\u0131\u011f\u0131 kurulu\u015fu ba\u015fkas\u0131na devretmi\u015f; ama devlete olan borcunu \u00f6demiyor ve 12 y\u0131la yay\u0131lmas\u0131n\u0131 istiyordu. Ben kar\u015f\u0131 \u00e7\u0131kt\u0131m. Buna ra\u011fmen karar yaz\u0131lm\u0131\u015f ve firman\u0131n iste\u011fi kabul edilmi\u015f. \u0130\u015fin ilginci \u00d6YK kararlar\u0131na imzay\u0131 en son atmas\u0131 gereken ki\u015fi Ba\u015fbakan oldu\u011fu halde, bu karara ilk imzay\u0131 o atm\u0131\u015f&#8230; Ben atmad\u0131m ve karar y\u00fcr\u00fcrl\u00fc\u011fe girmedi. Ba\u015fbakan bu y\u00fczden tam iki ay s\u00fcreyle benimle konu\u015fmad\u0131, k\u00fcst\u00fc. Yurt d\u0131\u015f\u0131na \u00e7\u0131karken vekaleti bana vermesi gerekti\u011fi i\u00e7in laf olsun diye konu\u015fuyordu o kadar. \u0130ki ay sonra, K\u0131br\u0131s\u2019a gidecektim. Gittim, \u2018\u0130stedi\u011finiz bir \u015fey var m\u0131\u2019 diye sordum&#8230; \u2018Selam s\u00f6yle\u2019 dedi ve \u2018O \u00f6zelle\u015ftirme dosyas\u0131na da imza at\u2019 diye ekledi.<\/p>\n<p style=\"text-align: justify;\"><strong>Soru: \u00d6zelle\u015ftirmeyle ilgili rahats\u0131zl\u0131\u011f\u0131n\u0131z bundan ibaret miydi?<\/strong><\/p>\n<p style=\"text-align: justify;\">\u015eener: Hay\u0131r&#8230; Galata Port\u2019ta da \u2018\u0130mzala\u2019 dedi, imzalamad\u0131m. Avea-Aycell birle\u015fmesine itiraz ettim ve \u2018Bu benden ge\u00e7mez\u2019 dedim. Onlar da kanun \u00e7\u0131kararak ge\u00e7irdiler.<\/p>\n<p style=\"text-align: justify;\"><strong>Soru: O d\u00f6nemde neden istifa etmediniz?<\/strong><\/p>\n<p style=\"text-align: justify;\">\u015eener: Ba\u015fbakan\u2019\u0131n bir kural\u0131 vard\u0131r. Sizi bakan yapt\u0131\u011f\u0131 g\u00fcn, tarihsiz istifa mektubunuzu da al\u0131r. Ben istifa etmedim ama o da kendisindeki o mektubu y\u00fcr\u00fcrl\u00fc\u011fe koymad\u0131.<\/p>\n<p style=\"text-align: justify;\"><strong>DEN\u0130Z FENER\u0130 \u0130LE \u0130KT\u0130DAR \u0130L\u0130\u015eK\u0130S\u0130<\/strong><\/p>\n<p style=\"text-align: justify;\"><strong>Soru: Deniz Feneri soru\u015fturmas\u0131na nas\u0131l bak\u0131yorsunuz? AKP\u2019yle bu dernek aras\u0131nda bir ili\u015fki var m\u0131?<\/strong><\/p>\n<p style=\"text-align: justify;\">\u015eener: Konuyla ilgili yarg\u0131 s\u00fcreci ba\u015flad\u0131, konu\u015fmak do\u011fru olmaz. Sadece \u015funu s\u00f6yleyebilirim ki; ben her t\u00fcrl\u00fc gayr\u0131resmi kazanca kar\u015f\u0131y\u0131m. Yard\u0131msever insanlar\u0131n duygular\u0131n\u0131n istismar edilmesi, fakir-fukara i\u00e7in toplanan paralar\u0131n yerine ula\u015fmamas\u0131 en b\u00fcy\u00fck g\u00fcnaht\u0131r. \u0130smi ge\u00e7en baz\u0131 \u015fah\u0131slarla, Ba\u015fbakan ba\u015fta olmak \u00fczere baz\u0131 arkada\u015flar\u0131n \u00e7ok yak\u0131n ili\u015fki i\u00e7inde olduklar\u0131n\u0131 biliyorum. Hepsi bu kadar!<\/p>\n<p style=\"text-align: justify;\"><strong>BEN M\u0130LL\u0130 G\u00d6R\u00dc\u015e G\u00d6MLE\u011e\u0130N\u0130 \u00c7IKARMADIM!<\/strong><\/p>\n<p style=\"text-align: justify;\">Soru: AKP\u2019ye ge\u00e7erken \u201cMilli G\u00f6r\u00fc\u015f g\u00f6mle\u011fi\u201dni \u00e7\u0131karanlardan biriydiniz&#8230; \u015eimdi yeni partiyle hangi g\u00f6mle\u011fi giyiyorsunuz?<\/p>\n<p style=\"text-align: justify;\">\u015eener: Ben hi\u00e7bir zaman \u2018Milli G\u00f6r\u00fc\u015f g\u00f6mle\u011fini \u00e7\u0131kard\u0131m\u2019 demedim. Onu Ba\u015fbakan s\u00f6yledi. Ben zaten milli g\u00f6r\u00fc\u015f\u00fcn, milli duru\u015fun her zaman gerekli oldu\u011funa inand\u0131m, yine de inan\u0131yorum. Biz yeni partide, eski siyaset tarz\u0131na izin vermeyece\u011fiz. Kimliklere, ayr\u0131\u015fmalara dayal\u0131 siyaset yapmayaca\u011f\u0131z. Birle\u015ftirici, b\u00fct\u00fcnle\u015ftirici olaca\u011f\u0131z. \u00c7\u00fcnk\u00fc kutupla\u015fmaya kesinlikle kar\u015f\u0131y\u0131z.<\/p>\n<p style=\"text-align: justify;\"><strong>Soru: \u00d6n\u00fcm\u00fczdeki ilk genel se\u00e7imlere kadar \u00f6rg\u00fctlenebilecek misiniz?<\/strong><\/p>\n<p style=\"text-align: justify;\">\u015eener: Elbette&#8230; Milletvekilli\u011fi Genel Se\u00e7imleri\u2019ne mutlaka girece\u011fiz. AKP dahil, T\u00fcrkiye\u2019de hi\u00e7bir partinin kurulu\u015fu bu kadar g\u00f6rkemli olmad\u0131. Daha \u015fimdiden, \u00f6rne\u011fin sadece Gaziantep\u2019te 7 bin ki\u015fi partiye \u00fcye oldu. Bunun devam\u0131n\u0131 getirece\u011fiz.<\/p>\n<p style=\"text-align: justify;\"><strong>GENEL SE\u00c7\u0130MLERDE %30\u2019U ZORLAYACA\u011eIZ!<\/strong><\/p>\n<p style=\"text-align: justify;\"><strong>Soru: \u0130lk se\u00e7imlerdeki oy hedefiniz ne?<\/strong><\/p>\n<p style=\"text-align: justify;\">\u015eener: Amac\u0131m\u0131z elbette iktidar olmak. Se\u00e7menlerin y\u00fczde 25-30\u2019u oy verdi\u011fi partiden memnun de\u011fil. B\u00fct\u00fcn partiler u\u00e7 siyaset yapt\u0131klar\u0131ndan, merkezdeki bir siyasi parti olarak avantajl\u0131 olaca\u011f\u0131z. Bunlara se\u00e7ime kadar AKP\u2019nin s\u00fcrekli eriyece\u011fini de eklersek, ilk se\u00e7imlerde y\u00fczde 30\u2019u zorlayaca\u011f\u0131z.<\/p>\n<p style=\"text-align: justify;\"><strong>Soru: AKP neden eriyecek? Nerede yanl\u0131\u015f yap\u0131yor?<\/strong><\/p>\n<p style=\"text-align: justify;\">\u015eener: \u0130ktidar kirlendi. Yolsuzluklarla an\u0131l\u0131r oldu. Bu bir&#8230; \u0130ki; kimlik siyaseti yap\u0131yor, kavga ederek, inan\u00e7lar \u00fczerinden, devletin nitelikleri \u00fczerinden oy toplamaya \u00e7al\u0131\u015f\u0131yor. Yarg\u0131-siyaset-diplomasi-g\u00fcvenlik kurumlar\u0131 birbirlerine g\u00fcvenmiyor. B\u00f6yle bir ortamda bu kurumlar i\u015fbirli\u011fi yap\u0131p, sorunlara \u00e7\u00f6z\u00fcm \u00fcretemiyor. Birinin d\u00fcd\u00fc\u011f\u00fc \u00e7al\u0131p, \u2018Durun bakal\u0131m\u2019 demesi gerek&#8230; O d\u00fcd\u00fc\u011f\u00fc biz \u00e7alaca\u011f\u0131z.<\/p>\n<p style=\"text-align: justify;\"><span style=\"font-family: Verdana,Arial,Helvetica,sans-serif; font-size: x-small;\">***<\/span><\/p>\n<p style=\"text-align: justify;\">Sahi&#8230; Ba\u015fbakan \u201c\u00f6zelle\u015ftirme\u201d konusuyla neden bu kadar yak\u0131ndan ilgileniyor acaba?<\/p>\n<p style=\"text-align: justify;\"><span style=\"font-family: Verdana,Arial,Helvetica,sans-serif; font-size: x-small;\">***<\/span><\/p>\n<p style=\"text-align: justify;\"><strong>G\u00dcN\u00dcN SORUSU<\/strong><\/p>\n<p style=\"text-align: justify;\">Bursa\u2019daki 514 yatakl\u0131 \u015eevket Y\u0131lmaz Devlet Hastanesi\u2019nde elektrik konta\u011f\u0131ndan yang\u0131n \u00e7\u0131kt\u0131; yo\u011fun bak\u0131m servisinde yatan 8 hasta \u00f6ld\u00fc. \u0130ddialara g\u00f6re \u00f6l\u00fcmlerin nedeni, yo\u011fun bak\u0131mdaki hastalar\u0131n fi\u015flerinin, yang\u0131n y\u00fcz\u00fcnden \u00e7ekilmesi&#8230;<\/p>\n<p style=\"text-align: justify;\">Bu d\u00fcped\u00fcz cinayet de\u011fil mi?<\/p>\n<p style=\"text-align: justify;\">Kaynak : <a href=\"http:\/\/haber.gazetevatan.com\/haberdetay.asp?Newsid=240362\" target=\"_blank\">Vatan<\/a><\/p>\n","protected":false},"excerpt":{"rendered":"<p style=\"text-align: center;\">\n<p style=\"text-align: justify;\">\n<p style=\"text-align: justify;\">D\u00fcnk\u00fc yaz\u0131mda \u201cliderlik sanat\u0131\u201d derslerinde \u00f6\u011fretilen, \u201cBir liderde olmas\u0131 gereken 25 temel \u00f6zellik\u201d ten yola \u00e7\u0131karak, eski Ba\u015fbakan Yard\u0131mc\u0131s\u0131 Abd\u00fcllatif \u015eener\u2019in lider olamayaca\u011f\u0131n\u0131 yazm\u0131\u015ft\u0131m.<\/p>\n<p style=\"text-align: justify;\">Say\u0131n \u015eener \u00f6\u011fle saatlerinde arad\u0131 ve yaz\u0131m i\u00e7in te\u015fekk\u00fcr etti.<\/p>\n<p style=\"text-align: justify;\">Yanl\u0131\u015f okumad\u0131n\u0131z; ne en ufak bir sitem ne \u00f6fke <\/p>\n","protected":false},"author":1,"featured_media":0,"comment_status":"open","ping_status":"closed","sticky":false,"template":"","format":"standard","meta":{"footnotes":""},"categories":[105],"tags":[],"class_list":["post-9382","post","type-post","status-publish","format-standard","hentry","category-gundem","odd"],"_links":{"self":[{"href":"http:\/\/www.korhanyilmaz.com\/index.php?rest_route=\/wp\/v2\/posts\/9382","targetHints":{"allow":["GET"]}}],"collection":[{"href":"http:\/\/www.korhanyilmaz.com\/index.php?rest_route=\/wp\/v2\/posts"}],"about":[{"href":"http:\/\/www.korhanyilmaz.com\/index.php?rest_route=\/wp\/v2\/types\/post"}],"author":[{"embeddable":true,"href":"http:\/\/www.korhanyilmaz.com\/index.php?rest_route=\/wp\/v2\/users\/1"}],"replies":[{"embeddable":true,"href":"http:\/\/www.korhanyilmaz.com\/index.php?rest_route=%2Fwp%2Fv2%2Fcomments&post=9382"}],"version-history":[{"count":0,"href":"http:\/\/www.korhanyilmaz.com\/index.php?rest_route=\/wp\/v2\/posts\/9382\/revisions"}],"wp:attachment":[{"href":"http:\/\/www.korhanyilmaz.com\/index.php?rest_route=%2Fwp%2Fv2%2Fmedia&parent=9382"}],"wp:term":[{"taxonomy":"category","embeddable":true,"href":"http:\/\/www.korhanyilmaz.com\/index.php?rest_route=%2Fwp%2Fv2%2Fcategories&post=9382"},{"taxonomy":"post_tag","embeddable":true,"href":"http:\/\/www.korhanyilmaz.com\/index.php?rest_route=%2Fwp%2Fv2%2Ftags&post=9382"}],"curies":[{"name":"wp","href":"https:\/\/api.w.org\/{rel}","templated":true}]}}