{"id":9372,"date":"2009-05-25T13:55:40","date_gmt":"2009-05-25T10:55:40","guid":{"rendered":"http:\/\/www.korhanyilmaz.com\/?p=9372"},"modified":"2009-05-25T13:55:40","modified_gmt":"2009-05-25T10:55:40","slug":"gul-yargilanmali-kararinin-ardindan-linc-kampanyasi-baslatildi","status":"publish","type":"post","link":"http:\/\/www.korhanyilmaz.com\/?p=9372","title":{"rendered":"&#039;G\u00fcl yarg\u0131lanmal\u0131&#039; karar\u0131n\u0131n ard\u0131ndan lin\u00e7 kampanyas\u0131 ba\u015flat\u0131ld\u0131"},"content":{"rendered":"<p><img loading=\"lazy\" decoding=\"async\" class=\"aligncenter size-full wp-image-9310\" title=\"G\u00fcl yarg\u0131lanmal\u0131' karar\u0131n\u0131 veren mahkemenin ba\u015fkan\u0131 Osman Ka\u00e7maz\" src=\"http:\/\/www.korhanyilmaz.com\/wp-content\/uploads\/2009\/05\/210520091009375972462_31.jpg\" alt=\"G\u00fcl yarg\u0131lanmal\u0131' karar\u0131n\u0131 veren mahkemenin ba\u015fkan\u0131 Osman Ka\u00e7maz\" width=\"292\" height=\"217\" \/><\/p>\n<p style=\"text-align: justify;\"><strong>&#8216;G\u00fcl yarg\u0131lanmal\u0131&#8217; diyen hakim su\u00e7 duyurusunda bulunacak. <\/strong><\/p>\n<p style=\"text-align: justify;\">Cumhurba\u015fkan\u0131 Abdullah G\u00fcl hakk\u0131nda \u201cKay\u0131p Trilyon Davas\u0131\u201dnda verilen takipsizlik karar\u0131n\u0131 kald\u0131ran Sincan 1. A\u011f\u0131r Ceza Mahkemesi Ba\u015fkan\u0131 Osman Ka\u00e7maz&#8217;\u0131n avukat\u0131 Baykal Do\u011fan, karar\u0131n ard\u0131ndan Ka\u00e7maz ile ilgili \u201clin\u00e7 kampanyas\u0131\u201d ba\u015flat\u0131ld\u0131\u011f\u0131n\u0131 savunarak, \u201cm\u00fcvekkili hakk\u0131nda yap\u0131lan sald\u0131r\u0131larla ilgili\u201d Cumhuriyet Ba\u015fsavc\u0131l\u0131klar\u0131na su\u00e7 duyurusunda bulunacaklar\u0131n\u0131 bildirdi.<\/p>\n<p style=\"text-align: justify;\">Do\u011fan, b\u00fcrosunda d\u00fczenledi\u011fi bas\u0131n toplant\u0131s\u0131nda, \u201cbir k\u0131s\u0131m yaz\u0131l\u0131 ve g\u00f6rsel bas\u0131n kurulu\u015flar\u0131nca yap\u0131lan ve yap\u0131lmakta olan haberlerin kamuoyunun yanl\u0131\u015f y\u00f6nlendirilmesine, m\u00fcvekkilinin ki\u015filik haklar\u0131na zarar verici nitelikteki lin\u00e7 kampanyas\u0131na d\u00f6n\u00fc\u015ft\u00fc\u011f\u00fcn\u00fc\u201d ileri s\u00fcrd\u00fc. <!--more--><\/p>\n<p style=\"text-align: justify;\">Bu nedenle bas\u0131n toplant\u0131s\u0131 yapma gere\u011fi duyduklar\u0131n\u0131 ifade eden Do\u011fan, Osman Ka\u00e7maz&#8217;\u0131n 24 y\u0131l\u0131 a\u015fk\u0131n s\u00fcredir hakimlik g\u00f6revini y\u00fcr\u00fctt\u00fc\u011f\u00fcn\u00fc, g\u00f6sterdi\u011fi \u00fcst\u00fcn ba\u015far\u0131 nedeniyle atand\u0131\u011f\u0131 A\u011f\u0131r Ceza Mahkemesi Ba\u015fkanl\u0131\u011f\u0131 g\u00f6revini 13 y\u0131ld\u0131r ba\u015far\u0131yla y\u00fcr\u00fctt\u00fc\u011f\u00fcn\u00fc s\u00f6yledi.<\/p>\n<p style=\"text-align: justify;\">Ka\u00e7maz&#8217;\u0131n meslek ya\u015fam\u0131n\u0131n baz\u0131 bas\u0131n yay\u0131n organlar\u0131n\u0131n iddia etti\u011finin aksine ba\u015far\u0131larla dolu oldu\u011funu ifade eden Do\u011fan, Ka\u00e7maz&#8217;\u0131n mesle\u011fine ba\u011fl\u0131 ve adalet ilkelerini \u00f6n planda tutan bir yarg\u0131\u00e7 oldu\u011funu ifade etti.<\/p>\n<p style=\"text-align: justify;\">Do\u011fan, \u201cVerilen karar Anayasa&#8217;n\u0131n 138\/4 maddesinde belirtilen yasama ve y\u00fcr\u00fctme organlar\u0131n\u0131n uymak ve yerine getirmekle y\u00fck\u00fcml\u00fc olduklar\u0131 kararlardand\u0131r. Bu anlamda bahse konu karar kamuoyunca da cumhuriyetimizin temel niteli\u011fi olan hukuk devleti ilkesi de g\u00f6zetildi\u011finde gerekli sayg\u0131n\u0131n g\u00f6sterilmesi gereken bir karar niteli\u011findedir\u201d diye konu\u015ftu.<\/p>\n<p style=\"text-align: justify;\">S\u00f6z konusu mahkeme karar\u0131 hakk\u0131nda yetkin ki\u015filerce T\u00fcrk Ceza Kanunu&#8217;nda su\u00e7 olarak \u00f6ng\u00f6r\u00fclen soru\u015fturman\u0131n gizlili\u011fi ve adil yarg\u0131laman\u0131n etkilenmemesi ilkelerine uygun ve kamuoyunu ayd\u0131nlatmaya y\u00f6nelik olarak bir tak\u0131m bilimsel g\u00f6r\u00fc\u015fler ileri s\u00fcr\u00fclebilece\u011fini ifade eden Do\u011fan, \u015f\u00f6yle konu\u015ftu:<\/p>\n<p style=\"text-align: justify;\">\u201cAncak karar\u0131n kamuoyunda duyuldu\u011fu 18 May\u0131s 2009&#8217;dan bu yana s\u00fcrekli bir bi\u00e7imde m\u00fcvekkilimin ve ailesinin ki\u015filik haklar\u0131na sald\u0131r\u0131 niteli\u011finde ve soru\u015fturman\u0131n gizlili\u011fi ve adil yarg\u0131lama ilkesinin ihlali niteli\u011finde bir k\u0131s\u0131m bas\u0131n ve yay\u0131n organlar\u0131nca sorumsuz ve hoyrat\u00e7a iftira ve lin\u00e7 kampanyas\u0131 y\u00fcr\u00fct\u00fclmektedir. M\u00fcvekkilime yap\u0131lan bu sald\u0131r\u0131larla ilgili, sald\u0131r\u0131lar\u0131 yapan ki\u015filerin gerekli soru\u015fturma ve kovu\u015fturmalara tabi tutulmas\u0131 i\u00e7in Cumhuriyet Ba\u015fsavc\u0131l\u0131klar\u0131na su\u00e7 duyurusunda bulunaca\u011f\u0131z. Bu kapsam d\u0131\u015f\u0131nda kalan yalan haber niteli\u011findeki yay\u0131nlar i\u00e7in ise Bas\u0131n Kanunu&#8217;nun ilgili h\u00fck\u00fcmleri do\u011frultusunda tekzip yay\u0131nlayaca\u011f\u0131z.\u201d<\/p>\n<p style=\"text-align: justify;\"><strong>\u201cB\u0130Z KARARIN DE\u011e\u0130L, KA\u00c7MAZ&#8217;IN AVUKATIYIZ\u201d <\/strong><\/p>\n<p style=\"text-align: justify;\">Do\u011fan, yapt\u0131klar\u0131 \u00e7al\u0131\u015fman\u0131n s\u00f6z konusu yay\u0131nlar\u0131n \u00e7oklu\u011fu ve ayr\u0131\u015ft\u0131r\u0131lmas\u0131 nedeniyle s\u00fcrd\u00fc\u011f\u00fcn\u00fc ilerleyen g\u00fcnlerde ba\u015fvuru yapacaklar\u0131n\u0131 bildirdi.<\/p>\n<p style=\"text-align: justify;\">Gazetecilerin sorular\u0131n\u0131 da yan\u0131tlayan Do\u011fan, bir soru \u00fczerine, Ka\u00e7maz&#8217;\u0131n tehdit ald\u0131\u011f\u0131na dair bir bilgi olmad\u0131\u011f\u0131n\u0131, herhangi bir koruma talebinde de bulunmad\u0131\u011f\u0131n\u0131 s\u00f6yledi.<\/p>\n<p style=\"text-align: justify;\">Karar\u0131n ard\u0131ndan Cumhurba\u015fkanl\u0131\u011f\u0131ndan yap\u0131lan a\u00e7\u0131klaman\u0131n ve Ba\u015fbakan Recep Tayyip Erdo\u011fan&#8217;\u0131n karara y\u00f6nelik s\u00f6zlerinin hat\u0131rlat\u0131lmas\u0131 \u00fczerine Do\u011fan, \u015fu ana kadar yapt\u0131klar\u0131 \u00e7al\u0131\u015fman\u0131n yaln\u0131zca bas\u0131n yay\u0131n organlar\u0131ndaki haberlerle ilgili oldu\u011funu ifade etti.<\/p>\n<p style=\"text-align: justify;\">Osman Ka\u00e7maz&#8217;\u0131n \u201cErgenekon\u201d davas\u0131yla ba\u011flant\u0131l\u0131 oldu\u011fu y\u00f6n\u00fcndeki haberlerin hat\u0131rlat\u0131lmas\u0131 \u00fczerine de Do\u011fan, \u201cbu y\u00f6ndeki iftira niteli\u011findeki haberleri de incelediklerini\u201d belirterek, \u201c\u00c7al\u0131\u015fmam\u0131z bitti\u011finde neyin do\u011fru neyin yanl\u0131\u015f oldu\u011funu g\u00f6receksiniz\u201d dedi.<\/p>\n<p style=\"text-align: justify;\">Baykal Do\u011fan, sorular \u00fczerine karar\u0131n niteli\u011fine ili\u015fkin yorum yapamayaca\u011f\u0131n\u0131 ifade ederek, \u201cBiz karar\u0131n avukat\u0131 de\u011fil, Osman Ka\u00e7maz&#8217;\u0131n avukat\u0131y\u0131z\u201d diye konu\u015ftu.<\/p>\n<p style=\"text-align: justify;\"><span style=\"color: #888888;\">Kaynak : Vatan<\/span><\/p>\n","protected":false},"excerpt":{"rendered":"<\/p>\n<p style=\"text-align: justify;\">&#8216;G\u00fcl yarg\u0131lanmal\u0131&#8217; diyen hakim su\u00e7 duyurusunda bulunacak. <\/p>\n<p style=\"text-align: justify;\">Cumhurba\u015fkan\u0131 Abdullah G\u00fcl hakk\u0131nda \u201cKay\u0131p Trilyon Davas\u0131\u201dnda verilen takipsizlik karar\u0131n\u0131 kald\u0131ran Sincan 1. A\u011f\u0131r Ceza Mahkemesi Ba\u015fkan\u0131 Osman Ka\u00e7maz&#8217;\u0131n avukat\u0131 Baykal Do\u011fan, karar\u0131n ard\u0131ndan Ka\u00e7maz ile ilgili \u201clin\u00e7 kampanyas\u0131\u201d ba\u015flat\u0131ld\u0131\u011f\u0131n\u0131 savunarak, \u201cm\u00fcvekkili hakk\u0131nda yap\u0131lan sald\u0131r\u0131larla ilgili\u201d Cumhuriyet Ba\u015fsavc\u0131l\u0131klar\u0131na su\u00e7 duyurusunda bulunacaklar\u0131n\u0131 bildirdi.<\/p>\n","protected":false},"author":1,"featured_media":0,"comment_status":"open","ping_status":"closed","sticky":false,"template":"","format":"standard","meta":{"footnotes":""},"categories":[105],"tags":[],"class_list":["post-9372","post","type-post","status-publish","format-standard","hentry","category-gundem","odd"],"_links":{"self":[{"href":"http:\/\/www.korhanyilmaz.com\/index.php?rest_route=\/wp\/v2\/posts\/9372","targetHints":{"allow":["GET"]}}],"collection":[{"href":"http:\/\/www.korhanyilmaz.com\/index.php?rest_route=\/wp\/v2\/posts"}],"about":[{"href":"http:\/\/www.korhanyilmaz.com\/index.php?rest_route=\/wp\/v2\/types\/post"}],"author":[{"embeddable":true,"href":"http:\/\/www.korhanyilmaz.com\/index.php?rest_route=\/wp\/v2\/users\/1"}],"replies":[{"embeddable":true,"href":"http:\/\/www.korhanyilmaz.com\/index.php?rest_route=%2Fwp%2Fv2%2Fcomments&post=9372"}],"version-history":[{"count":0,"href":"http:\/\/www.korhanyilmaz.com\/index.php?rest_route=\/wp\/v2\/posts\/9372\/revisions"}],"wp:attachment":[{"href":"http:\/\/www.korhanyilmaz.com\/index.php?rest_route=%2Fwp%2Fv2%2Fmedia&parent=9372"}],"wp:term":[{"taxonomy":"category","embeddable":true,"href":"http:\/\/www.korhanyilmaz.com\/index.php?rest_route=%2Fwp%2Fv2%2Fcategories&post=9372"},{"taxonomy":"post_tag","embeddable":true,"href":"http:\/\/www.korhanyilmaz.com\/index.php?rest_route=%2Fwp%2Fv2%2Ftags&post=9372"}],"curies":[{"name":"wp","href":"https:\/\/api.w.org\/{rel}","templated":true}]}}