{"id":9368,"date":"2009-05-25T16:31:03","date_gmt":"2009-05-25T14:31:03","guid":{"rendered":"http:\/\/www.korhanyilmaz.com\/?p=9368"},"modified":"2009-05-25T16:31:03","modified_gmt":"2009-05-25T14:31:03","slug":"van-belediyesi-iflasin-esiginde","status":"publish","type":"post","link":"http:\/\/www.korhanyilmaz.com\/?p=9368","title":{"rendered":"Van Belediyesi iflas\u0131n e\u015fi\u011finde!"},"content":{"rendered":"<p><img loading=\"lazy\" decoding=\"async\" class=\"aligncenter size-full wp-image-9369\" src=\"http:\/\/www.korhanyilmaz.com\/wp-content\/uploads\/2009\/05\/250520091633463886255.jpg\" alt=\"\" width=\"320\" height=\"100\" \/><\/p>\n<p style=\"text-align: justify;\"><strong>VAN Belediye Ba\u015fkan\u0131 DTP\u2019li Bekir Kaya, belediyenin bor\u00e7lar\u0131n\u0131 a\u00e7\u0131klamak i\u00e7in bas\u0131n toplant\u0131s\u0131 d\u00fczenledi. <\/strong><\/p>\n<p style=\"text-align: justify;\">Kaya, 179 milyon 909 bin TL olan toplam bor\u00e7lar\u0131n\u0131 kalem kalem s\u0131ralad\u0131. Kaya, ayr\u0131ca ge\u00e7mi\u015f d\u00f6nemde yolsuzluk ve suistimal yap\u0131l\u0131p yap\u0131lmad\u0131\u011f\u0131 konusunda ara\u015ft\u0131rmak yapmak i\u00e7in bir tefti\u015f kurulu olu\u015fturacaklar\u0131n\u0131 belirtti ve \u00fcst\u00fc kapal\u0131 olarak kendilerinden \u00f6nceki AKP&#8217;li belediye ba\u015fkan\u0131n\u0131n icraatlar\u0131n\u0131 su\u00e7lad\u0131.<\/p>\n<p style=\"text-align: justify;\">Belediye Ba\u015fkan\u0131 Bekir Kaya makam\u0131nda bas\u0131n toplant\u0131s\u0131 yapt\u0131. Ba\u015fkan Kaya, Van kamuoyunun belediyenin bor\u00e7lar\u0131n\u0131 merak etti\u011fini ve bundan dolay\u0131 bas\u0131n a\u00e7\u0131klamas\u0131 yapma gere\u011fi duydu\u011funu s\u00f6yledi.<!--more--> Toplam bor\u00e7lar\u0131n\u0131n 179 milyon 909 bin 443 TL oldu\u011funu belirten Kaya, b\u00fcy\u00fck s\u0131k\u0131nt\u0131 i\u00e7inde olduklar\u0131n\u0131 ve sadece y\u00fczde otuz hizmet verebildiklerini anlatt\u0131. Kaya, konu\u015fmas\u0131n\u0131 \u015f\u00f6yle s\u00fcrd\u00fcrd\u00fc:<\/p>\n<p style=\"text-align: justify;\">\u201cYakla\u015f\u0131k 130 milyon TL resmi kurumlara borcumuz var. Bunun i\u00e7inde SSK, vergi ve kredi bor\u00e7lar\u0131m\u0131z bulunuyor. Bu bor\u00e7lar\u0131m\u0131za kar\u015f\u0131l\u0131k y\u00fczde 40 param\u0131z iller bankas\u0131ndan kesiliyor. Di\u011fer taraftan toplam borcumuzun da faizi kesiliyor. Bizim \u0130ller Bankas\u0131\u2019ndan ald\u0131\u011f\u0131m\u0131z \u00f6denek ise yakla\u015f\u0131k 3 milyon TL\u2019dir. Faiz ve bor\u00e7lar\u0131m\u0131z kesildikten sonra maalesef hi\u00e7 para alam\u0131yoruz. \u015eu anda 125 arac\u0131m\u0131z var bunlar\u0131n bir \u00e7o\u011fu hurda, baz\u0131lar\u0131 da hacizli. Bundan dolay\u0131 imkanlar\u0131m\u0131z\u0131 zorlayarak hizmetin ancak y\u00fczde 30\u2019unu verebiliyoruz. Bu hizmetlerimiz de yol, su gibi hizmetlerdir. Biz g\u00fcn\u00fcbirlik \u00e7\u00f6z\u00fcmler \u00fcretiyoruz. Bu \u015fartlar alt\u0131nda bu borcumuzu \u00f6dememiz \u00e7ok zor.\u201d<\/p>\n<p style=\"text-align: justify;\"><strong>\u0130\u015eE GELMEDEN MAA\u015e ALANLAR <\/strong><\/p>\n<p style=\"text-align: justify;\">Bor\u00e7lar\u0131 \u00f6demek amac\u0131yla hibe kredi alabilecekleri projeler haz\u0131rlayacaklar\u0131n\u0131 belirten Ba\u015fkan Kaya, resmi kurumlarla da g\u00f6r\u00fc\u015f\u00fcp bor\u00e7lar\u0131n\u0131 bir \u00f6deme takvimine ba\u011flayacaklar\u0131n\u0131 s\u00f6yledi. Kaya \u015f\u00f6yle devam etti:<\/p>\n<p style=\"text-align: justify;\">\u201cBelediyede ge\u00e7mi\u015f d\u00f6nemde yolsuzluk yap\u0131l\u0131p yap\u0131lmad\u0131\u011f\u0131n\u0131 bilmiyorum. Say\u0131\u015ftay m\u00fcfetti\u015fleri inceleme yap\u0131yor. Biz de ge\u00e7mi\u015f d\u00f6neme ait suistimaller veya yolsuzluklarla ilgili bir tefti\u015f kurulu olu\u015fturaca\u011f\u0131z. Tabi\u0130 ki bu zaman\u0131m\u0131z\u0131 alacak. \u00d6te yandan se\u00e7im yat\u0131r\u0131m\u0131 olarak son bir y\u0131l i\u00e7inde 100\u2019e yak\u0131n i\u015f\u00e7i al\u0131nm\u0131\u015f. Yapt\u0131\u011f\u0131m\u0131z ara\u015ft\u0131rmalara g\u00f6re 14 ki\u015fi hi\u00e7 i\u015fe gelmeden maa\u015f al\u0131yordu. Bunlardan 12\u2019sinin i\u015fine son verdik\u201d<\/p>\n<p style=\"text-align: justify;\"><span style=\"color: #888888;\">Kaynak : Osman BEKLEYEN VAN, (DHA)<\/span><\/p>\n","protected":false},"excerpt":{"rendered":"<\/p>\n<p style=\"text-align: justify;\">VAN Belediye Ba\u015fkan\u0131 DTP\u2019li Bekir Kaya, belediyenin bor\u00e7lar\u0131n\u0131 a\u00e7\u0131klamak i\u00e7in bas\u0131n toplant\u0131s\u0131 d\u00fczenledi. <\/p>\n<p style=\"text-align: justify;\">Kaya, 179 milyon 909 bin TL olan toplam bor\u00e7lar\u0131n\u0131 kalem kalem s\u0131ralad\u0131. Kaya, ayr\u0131ca ge\u00e7mi\u015f d\u00f6nemde yolsuzluk ve suistimal yap\u0131l\u0131p yap\u0131lmad\u0131\u011f\u0131 konusunda ara\u015ft\u0131rmak yapmak i\u00e7in bir tefti\u015f kurulu olu\u015fturacaklar\u0131n\u0131 belirtti ve \u00fcst\u00fc kapal\u0131 olarak kendilerinden \u00f6nceki <\/p>\n","protected":false},"author":1,"featured_media":0,"comment_status":"open","ping_status":"closed","sticky":false,"template":"","format":"standard","meta":{"footnotes":""},"categories":[105],"tags":[],"class_list":["post-9368","post","type-post","status-publish","format-standard","hentry","category-gundem","odd"],"_links":{"self":[{"href":"http:\/\/www.korhanyilmaz.com\/index.php?rest_route=\/wp\/v2\/posts\/9368","targetHints":{"allow":["GET"]}}],"collection":[{"href":"http:\/\/www.korhanyilmaz.com\/index.php?rest_route=\/wp\/v2\/posts"}],"about":[{"href":"http:\/\/www.korhanyilmaz.com\/index.php?rest_route=\/wp\/v2\/types\/post"}],"author":[{"embeddable":true,"href":"http:\/\/www.korhanyilmaz.com\/index.php?rest_route=\/wp\/v2\/users\/1"}],"replies":[{"embeddable":true,"href":"http:\/\/www.korhanyilmaz.com\/index.php?rest_route=%2Fwp%2Fv2%2Fcomments&post=9368"}],"version-history":[{"count":0,"href":"http:\/\/www.korhanyilmaz.com\/index.php?rest_route=\/wp\/v2\/posts\/9368\/revisions"}],"wp:attachment":[{"href":"http:\/\/www.korhanyilmaz.com\/index.php?rest_route=%2Fwp%2Fv2%2Fmedia&parent=9368"}],"wp:term":[{"taxonomy":"category","embeddable":true,"href":"http:\/\/www.korhanyilmaz.com\/index.php?rest_route=%2Fwp%2Fv2%2Fcategories&post=9368"},{"taxonomy":"post_tag","embeddable":true,"href":"http:\/\/www.korhanyilmaz.com\/index.php?rest_route=%2Fwp%2Fv2%2Ftags&post=9368"}],"curies":[{"name":"wp","href":"https:\/\/api.w.org\/{rel}","templated":true}]}}