{"id":9352,"date":"2009-05-25T13:40:40","date_gmt":"2009-05-25T11:40:40","guid":{"rendered":"http:\/\/www.korhanyilmaz.com\/?p=9352"},"modified":"2009-05-25T13:40:40","modified_gmt":"2009-05-25T11:40:40","slug":"erdogan-5-yil-aradan-sonra-ilk-ziyaret","status":"publish","type":"post","link":"http:\/\/www.korhanyilmaz.com\/?p=9352","title":{"rendered":"Erdo\u011fan 5 y\u0131l aradan sonra ilk ziyaret"},"content":{"rendered":"<p style=\"text-align: center;\"><img loading=\"lazy\" decoding=\"async\" class=\"aligncenter size-full wp-image-9353\" src=\"http:\/\/www.korhanyilmaz.com\/wp-content\/uploads\/2009\/05\/250520091337442488031.jpg\" alt=\"\" width=\"329\" height=\"210\" \/><\/p>\n<p style=\"text-align: justify;\"><strong>Erdo\u011fan 5 y\u0131l aradan sonra Yunanistan&#8217;a gidiyor. <\/strong><\/p>\n<p style=\"text-align: justify;\">Ba\u015fbakan Recep Tayyip Erdo\u011fan, 5 y\u0131l aradan sonra Yunanistan&#8217;a gidiyor. Ziyaretin gerek\u00e7esi, tadilat\u0131 biten Akropolis&#8217;in a\u00e7\u0131l\u0131\u015f\u0131. Erdo\u011fan&#8217;\u0131n Atina&#8217;da ikili g\u00f6r\u00fc\u015fmeler yapmas\u0131 bekleniyor.<\/p>\n<p style=\"text-align: justify;\">Erdo\u011fan&#8217;\u0131n Yunanistan ziyareti 20 Haziran&#8217;da ba\u015flayacak. Ba\u015fbakan, Akropolis&#8217;in a\u00e7\u0131l\u0131\u015f t\u00f6renine kat\u0131lacak. <!--more--><\/p>\n<p style=\"text-align: justify;\">Ba\u015fbakan&#8217;\u0131n Atina&#8217;da Yunan meslekta\u015f\u0131 Kostas Karamanlis ile g\u00f6r\u00fc\u015fmesi bekleniyor. G\u00fcndemde T\u00fcrk-Yunan ili\u015fkileri olacak.<\/p>\n<p style=\"text-align: justify;\">Ekonomik ili\u015fkilerin geli\u015ftirilmesi de g\u00f6r\u00fc\u015fmelerde ele al\u0131nacak. K\u0131br\u0131s&#8217;ta bar\u0131\u015f i\u00e7in devam eden m\u00fczakerelerde gelinen a\u015faman\u0131n da ziyarette de\u011ferlendirilece\u011fi ifade ediliyor.<\/p>\n<p style=\"text-align: justify;\">Ba\u015fbakan en son 2004 y\u0131l\u0131nda Atina&#8217;ya gitmi\u015fti. T\u00fcrk az\u0131nl\u0131\u011f\u0131n ya\u015fad\u0131\u011f\u0131 Bat\u0131 Trakya&#8217;y\u0131 da ziyaret etmi\u015fti.<\/p>\n<p style=\"text-align: justify;\"><span style=\"color: #888888;\">(CNN T\u00fcrk)<\/span><\/p>\n","protected":false},"excerpt":{"rendered":"<p style=\"text-align: center;\">\n<p style=\"text-align: justify;\">Erdo\u011fan 5 y\u0131l aradan sonra Yunanistan&#8217;a gidiyor. <\/p>\n<p style=\"text-align: justify;\">Ba\u015fbakan Recep Tayyip Erdo\u011fan, 5 y\u0131l aradan sonra Yunanistan&#8217;a gidiyor. Ziyaretin gerek\u00e7esi, tadilat\u0131 biten Akropolis&#8217;in a\u00e7\u0131l\u0131\u015f\u0131. Erdo\u011fan&#8217;\u0131n Atina&#8217;da ikili g\u00f6r\u00fc\u015fmeler yapmas\u0131 bekleniyor.<\/p>\n<p style=\"text-align: justify;\">Erdo\u011fan&#8217;\u0131n Yunanistan ziyareti 20 Haziran&#8217;da ba\u015flayacak. Ba\u015fbakan, Akropolis&#8217;in a\u00e7\u0131l\u0131\u015f t\u00f6renine kat\u0131lacak. <\/p>\n","protected":false},"author":1,"featured_media":0,"comment_status":"open","ping_status":"closed","sticky":false,"template":"","format":"standard","meta":{"footnotes":""},"categories":[105],"tags":[],"class_list":["post-9352","post","type-post","status-publish","format-standard","hentry","category-gundem","odd"],"_links":{"self":[{"href":"http:\/\/www.korhanyilmaz.com\/index.php?rest_route=\/wp\/v2\/posts\/9352","targetHints":{"allow":["GET"]}}],"collection":[{"href":"http:\/\/www.korhanyilmaz.com\/index.php?rest_route=\/wp\/v2\/posts"}],"about":[{"href":"http:\/\/www.korhanyilmaz.com\/index.php?rest_route=\/wp\/v2\/types\/post"}],"author":[{"embeddable":true,"href":"http:\/\/www.korhanyilmaz.com\/index.php?rest_route=\/wp\/v2\/users\/1"}],"replies":[{"embeddable":true,"href":"http:\/\/www.korhanyilmaz.com\/index.php?rest_route=%2Fwp%2Fv2%2Fcomments&post=9352"}],"version-history":[{"count":0,"href":"http:\/\/www.korhanyilmaz.com\/index.php?rest_route=\/wp\/v2\/posts\/9352\/revisions"}],"wp:attachment":[{"href":"http:\/\/www.korhanyilmaz.com\/index.php?rest_route=%2Fwp%2Fv2%2Fmedia&parent=9352"}],"wp:term":[{"taxonomy":"category","embeddable":true,"href":"http:\/\/www.korhanyilmaz.com\/index.php?rest_route=%2Fwp%2Fv2%2Fcategories&post=9352"},{"taxonomy":"post_tag","embeddable":true,"href":"http:\/\/www.korhanyilmaz.com\/index.php?rest_route=%2Fwp%2Fv2%2Ftags&post=9352"}],"curies":[{"name":"wp","href":"https:\/\/api.w.org\/{rel}","templated":true}]}}