{"id":9348,"date":"2009-05-25T15:33:37","date_gmt":"2009-05-25T13:33:37","guid":{"rendered":"http:\/\/www.korhanyilmaz.com\/?p=9348"},"modified":"2009-05-25T15:33:37","modified_gmt":"2009-05-25T13:33:37","slug":"chpden-erdogana-mayin-sorusu","status":"publish","type":"post","link":"http:\/\/www.korhanyilmaz.com\/?p=9348","title":{"rendered":"CHP&#039;den Erdo\u011fan&#039;a may\u0131n sorusu"},"content":{"rendered":"<p style=\"text-align: center;\"><img loading=\"lazy\" decoding=\"async\" class=\"aligncenter size-full wp-image-9349\" src=\"http:\/\/www.korhanyilmaz.com\/wp-content\/uploads\/2009\/05\/250520091647013539329.jpg\" alt=\"\" width=\"329\" height=\"210\" \/><\/p>\n<p style=\"text-align: justify;\"><strong>CHP \u0130zmir Milletvekili Canan Ar\u0131tman Ba\u015fbakan Erdo\u011fan&#8217;a \u201cS\u0131n\u0131r namussa, namusun ticareti olur mu?\u201d diye sordu. <\/strong><\/p>\n<p style=\"text-align: justify;\">CHP \u0130zmir Milletvekili Canan Ar\u0131tman, Ba\u015fbakan Erdo\u011fan\u2019\u0131n yan\u0131tlamas\u0131 istemiyle verdi\u011fi soru \u00f6nergesinde \u201cS\u0131n\u0131r namussa, namusun ticareti olur mu?\u201d diye sordu. Ar\u0131tman, \u00f6nergesinde Ba\u015fbakan Erdo\u011fan\u2019a \u201c62 milyon dolara mal olan \u00fc\u00e7\u00fcnc\u00fc u\u00e7a\u011f\u0131n\u0131z\u0131 almaktan vazge\u00e7erek bu kaynakla s\u0131n\u0131rdaki may\u0131nlar\u0131n, s\u0131n\u0131r topraklar\u0131m\u0131z\u0131 yabanc\u0131 \u015firketlere vermeden temizlenmesini sa\u011flamay\u0131 d\u00fc\u015f\u00fcn\u00fcr m\u00fcs\u00fcn\u00fcz?\u201d sorusunu y\u00f6neltti.<\/p>\n<p style=\"text-align: justify;\">Ar\u0131tman Meclis Ba\u015fkanl\u0131\u011f\u0131\u2019na sundu\u011fu soru \u00f6nergesinde T\u00fcrkiye ile Suriye s\u0131n\u0131r\u0131ndaki may\u0131nlar\u0131n temizlenmesine ili\u015fkin tart\u0131\u015fmalar\u0131 g\u00fcndeme getirdi.\u00d6nergesinde t\u00fcm d\u00fcnyada s\u0131n\u0131rlar\u0131ndaki may\u0131nlar\u0131n\u0131 yap-i\u015flet modeliyle 44 y\u0131ll\u0131\u011f\u0131na \u00e7okuluslu \u015firketlere devreden T\u00fcrkiye d\u0131\u015f\u0131nda bir \u00fclke olup olmad\u0131\u011f\u0131n\u0131 soran Ar\u0131tman Ba\u015fbakan Erdo\u011fan\u2019a \u015fu sorular\u0131 y\u00f6neltti:<!--more--><\/p>\n<p style=\"text-align: justify;\">\u201cD\u00fcnyan\u0131n 17\u2019nci b\u00fcy\u00fck ekonomisi olmas\u0131yla \u00f6v\u00fcnd\u00fc\u011f\u00fcm\u00fcz \u00fclkemizin maliyeti 50 milyon dolar civar\u0131nda tahmin edilen may\u0131n temizleme i\u015fini yapamamas\u0131n\u0131 nas\u0131l izah ediyorsunuz? B\u00f6lgesinde lider konumunda olan ve NATO\u2019nun ikinci b\u00fcy\u00fck ordusuna sahip olan \u00fclkemizin s\u0131n\u0131rdaki may\u0131nlar\u0131n\u0131n kendisinin bertaraf edemez konumda olmas\u0131ndaki \u00e7eli\u015fkiyi nas\u0131l a\u00e7\u0131klars\u0131n\u0131z? Bas\u0131nda yer alan bilgilere g\u00f6re 62 milyon dolara mal olan \u00fc\u00e7\u00fcnc\u00fc u\u00e7a\u011f\u0131n\u0131z\u0131 almaktan vazge\u00e7erek bu kaynakla s\u0131n\u0131rdaki may\u0131nlar\u0131n, s\u0131n\u0131r topraklar\u0131m\u0131z\u0131 yabanc\u0131 \u015firketlere vermeden temizlenmesini sa\u011flamay\u0131 d\u00fc\u015f\u00fcn\u00fcr m\u00fcs\u00fcn\u00fcz? S\u0131n\u0131rda vatani g\u00f6revini yapan evlatlar\u0131m\u0131za askeri yetkililerce \u2018s\u0131n\u0131r namustur\u2019 kavram\u0131 \u00f6\u011fretilir. S\u0131n\u0131r topraklar\u0131m\u0131z\u0131n yabanc\u0131lara yap-i\u015flet modeliyle devredilmesiyle Mehmet\u00e7ikten s\u0131n\u0131rlar\u0131m\u0131z\u0131 can\u0131 pahas\u0131na korumas\u0131n\u0131 nas\u0131l isteyece\u011fiz? S\u0131n\u0131r namussa, namusun ticareti olur mu?&#8221;<\/p>\n<p style=\"text-align: justify;\"><strong>-\u201cT\u00dcRK\u0130YE FA\u015e\u0130ST B\u0130R DEVLET M\u0130?\u201d- <\/strong><\/p>\n<p style=\"text-align: justify;\">Ar\u0131tman, Ba\u015fbakan Erdo\u011fan\u2019a y\u00f6neltti\u011fi bir ba\u015fka soru \u00f6nergesinde ise Ba\u015fbakan\u2019\u0131n partisinin D\u00fczce il kongresinde yapt\u0131\u011f\u0131 konu\u015fmadaki \u201cY\u0131llarca bu \u00fclkede bir \u015feyler yap\u0131ld\u0131. Farkl\u0131 etnik kimlikte olanlar kovuldu. Acaba kazand\u0131k m\u0131? Bu fa\u015fizan bir yakla\u015f\u0131m\u0131n neticesiydi\u201d \u015feklindeki s\u00f6zleriyle ilgili sorular y\u00f6neltti. Ar\u0131tman Ba\u015fbakan\u2019a \u201cT\u00fcrkiye Cumhuriyeti devleti hangi tarihlerde, hangi etnik kimlikteki vatanda\u015flar\u0131n\u0131 kovmu\u015ftur? Bu kovma i\u015flemleri hangi gerek\u00e7elerle yap\u0131lm\u0131\u015ft\u0131r? Hangi etnik kimlikten ka\u00e7 ki\u015fi kovulmu\u015ftur? Cumhuriyet tarihi boyunca T\u00fcrk k\u00f6kenli ka\u00e7 vatanda\u015f\u0131m\u0131z \u00fclkemizi terk etmi\u015ftir? \u00dclkemizi terk eden vatanda\u015flar\u0131m\u0131z aras\u0131nda en b\u00fcy\u00fck \u00e7o\u011funlu\u011fu etnik kimli\u011fi T\u00fcrk olanlar\u0131n olu\u015fturdu\u011fu ileri s\u00fcr\u00fclmektedir.Bu vatanda\u015flar\u0131m\u0131z hangi gerek\u00e7elerle \u00fclkemizi terk etmi\u015flerdir? Bunlar\u0131n yerle\u015ftikleri \u00fclkelere g\u00f6re say\u0131sal dok\u00fcman\u0131 nedir? T\u00fcrkiye Cumhuriyeti Devleti fa\u015fist bir devlet midir?\u201d diye sordu.<\/p>\n<p style=\"text-align: justify;\"><span style=\"color: #888888;\">Kaynak : Vatan<\/span><\/p>\n","protected":false},"excerpt":{"rendered":"<p style=\"text-align: center;\">\n<p style=\"text-align: justify;\">CHP \u0130zmir Milletvekili Canan Ar\u0131tman Ba\u015fbakan Erdo\u011fan&#8217;a \u201cS\u0131n\u0131r namussa, namusun ticareti olur mu?\u201d diye sordu. <\/p>\n<p style=\"text-align: justify;\">CHP \u0130zmir Milletvekili Canan Ar\u0131tman, Ba\u015fbakan Erdo\u011fan\u2019\u0131n yan\u0131tlamas\u0131 istemiyle verdi\u011fi soru \u00f6nergesinde \u201cS\u0131n\u0131r namussa, namusun ticareti olur mu?\u201d diye sordu. Ar\u0131tman, \u00f6nergesinde Ba\u015fbakan Erdo\u011fan\u2019a \u201c62 milyon dolara mal olan \u00fc\u00e7\u00fcnc\u00fc u\u00e7a\u011f\u0131n\u0131z\u0131 almaktan <\/p>\n","protected":false},"author":1,"featured_media":0,"comment_status":"open","ping_status":"closed","sticky":false,"template":"","format":"standard","meta":{"footnotes":""},"categories":[105],"tags":[],"class_list":["post-9348","post","type-post","status-publish","format-standard","hentry","category-gundem","odd"],"_links":{"self":[{"href":"http:\/\/www.korhanyilmaz.com\/index.php?rest_route=\/wp\/v2\/posts\/9348","targetHints":{"allow":["GET"]}}],"collection":[{"href":"http:\/\/www.korhanyilmaz.com\/index.php?rest_route=\/wp\/v2\/posts"}],"about":[{"href":"http:\/\/www.korhanyilmaz.com\/index.php?rest_route=\/wp\/v2\/types\/post"}],"author":[{"embeddable":true,"href":"http:\/\/www.korhanyilmaz.com\/index.php?rest_route=\/wp\/v2\/users\/1"}],"replies":[{"embeddable":true,"href":"http:\/\/www.korhanyilmaz.com\/index.php?rest_route=%2Fwp%2Fv2%2Fcomments&post=9348"}],"version-history":[{"count":0,"href":"http:\/\/www.korhanyilmaz.com\/index.php?rest_route=\/wp\/v2\/posts\/9348\/revisions"}],"wp:attachment":[{"href":"http:\/\/www.korhanyilmaz.com\/index.php?rest_route=%2Fwp%2Fv2%2Fmedia&parent=9348"}],"wp:term":[{"taxonomy":"category","embeddable":true,"href":"http:\/\/www.korhanyilmaz.com\/index.php?rest_route=%2Fwp%2Fv2%2Fcategories&post=9348"},{"taxonomy":"post_tag","embeddable":true,"href":"http:\/\/www.korhanyilmaz.com\/index.php?rest_route=%2Fwp%2Fv2%2Ftags&post=9348"}],"curies":[{"name":"wp","href":"https:\/\/api.w.org\/{rel}","templated":true}]}}