{"id":9337,"date":"2009-05-25T14:53:58","date_gmt":"2009-05-25T12:53:58","guid":{"rendered":"http:\/\/www.korhanyilmaz.com\/?p=9337"},"modified":"2009-05-25T14:53:58","modified_gmt":"2009-05-25T12:53:58","slug":"senerden-akpye-sert-sozler","status":"publish","type":"post","link":"http:\/\/www.korhanyilmaz.com\/?p=9337","title":{"rendered":"\u015eener&#039;den AKP&#039;ye sert s\u00f6zler"},"content":{"rendered":"<p style=\"text-align: justify;\"><img loading=\"lazy\" decoding=\"async\" class=\"aligncenter size-full wp-image-9338\" src=\"http:\/\/www.korhanyilmaz.com\/wp-content\/uploads\/2009\/05\/250520091727584694704.jpg\" alt=\"\" width=\"329\" height=\"210\" \/><\/p>\n<p style=\"text-align: justify;\"><strong>&#8220;En hayati konular\u0131m\u0131zda kendi g\u00fcndemini diplomasi trafi\u011finin belirledi\u011fi bir siyasi iktidar bu \u00fclkenin tek bir vatan evlad\u0131ndan oy almamal\u0131d\u0131r&#8230;&#8221;<\/strong><\/p>\n<p style=\"text-align: justify;\">T\u00fcrkiye Partisi Genel Ba\u015fkan\u0131 Abd\u00fcllatif \u015eener, partisinin tan\u0131t\u0131m toplant\u0131s\u0131nda, AKP\u2019ye ekonomiden y\u00fcklendi. \u015eener, \u201cBu \u00fclkede t\u00fcm sekt\u00f6rler tasfiye s\u00fcrecine girmi\u015fken sorumlular\u0131n gece g\u00fcnd\u00fcz mesai yapmas\u0131 laz\u0131m. Bu heyecan\u0131 hisseden varsa bu \u00fclkede tek bir ki\u015fi varsa gelsin desin ki \u2018Ben g\u00f6rd\u00fcm, \u00e7al\u0131\u015f\u0131yorlar, ar\u0131yorlar\u2019 desin; ama yok. Bu \u00fclkede bu heyecan\u0131 sorumluluklar\u0131 hisseden varsa gelsin desin. Bunun ad\u0131 &#8216;Titanik gemisi batarken \u00fcst katta mobilyalar\u0131n yerini de\u011fi\u015ftirmek&#8217; demektir. Bilmiyorlarsa gelsinler birlikte \u00e7al\u0131\u015fal\u0131m\u201d dedi. <!--more--><\/p>\n<p style=\"text-align: justify;\">T\u00fcrkiye Partisi Genel Ba\u015fkan\u0131 Abd\u00fcllatif \u015eener, partisinin Bilkent Otel\u2019de d\u00fczenlenen bas\u0131na tan\u0131t\u0131m toplant\u0131s\u0131nda konu\u015ftu. Partisinin T\u00fcrkiye Partisi olarak \u201cdemokrat merkez partisi\u201d oldu\u011funu s\u00f6yleyen \u015eener, yepyeni bir kadroya sahip parti yap\u0131s\u0131nda gen\u00e7lerin ve kad\u0131nlar\u0131n \u00e7o\u011funlukta oldu\u011funa dikkat \u00e7ekti. Konu\u015fmas\u0131nda s\u0131k s\u0131k T\u00fcrkiye Patisi\u2019nin geleneksel tarz\u0131 d\u0131\u015flayarak, yeni bir siyaset tarz\u0131n\u0131 ortaya \u00e7\u0131karmak i\u00e7in kuruldu\u011funu vurgulayan \u015eener, \u201cYeni bir siyaset in\u015fa edece\u011fiz, gen\u00e7lerin \u00f6n\u00fcn\u00fc a\u00e7aca\u011f\u0131z, gen\u00e7 bir n\u00fcfusa sahip, gen\u00e7 bir parti olarak kurulmu\u015ftur. Kad\u0131nlar\u0131m\u0131z\u0131n siyasete kat\u0131l\u0131m\u0131n\u0131 artt\u0131raca\u011f\u0131z. Kad\u0131nlar\u0131m\u0131z\u0131 siyasete davet ediyoruz. Bug\u00fcn 25 May\u0131s 2009. D\u00fcn i\u00e7in 25 May\u0131s \u00f6nemli bir g\u00fcnd\u00fcr. Bug\u00fcn daha \u00f6nemli hale gelmi\u015ftir. \u00c7\u00fcnk\u00fc T\u00fcrkiye Partisi kurulmu\u015ftur. B\u00fct\u00fcn insanlar\u0131m\u0131z\u0131 kucaklamak, kimseyi \u00f6tekile\u015ftirmemek i\u00e7in kurulmu\u015ftur. Tarihe bir kez daha 25 May\u0131s\u2019\u0131 nak\u015fediyoruz\u201d dedi.<\/p>\n<p style=\"text-align: justify;\"><strong>-NE OLDU 25 MAYIS\u2019TA?-<\/strong><\/p>\n<p style=\"text-align: justify;\">\u015eener, T\u00fcrkiye Partisi\u2019nin kurulu\u015f g\u00fcn\u00fcn\u00fcn tarihin \u00f6nemli olaylar\u0131na i\u015faret etti\u011fine dikkat \u00e7ekerek, \u201c\u00c7\u00fcnk\u00fc ge\u00e7mi\u015fte 25 May\u0131s bizim bundan sonra ataca\u011f\u0131m\u0131z ad\u0131mlar\u0131n k\u00f6\u015fe ba\u015flar\u0131na i\u015faret etmektedir\u201d dedi. \u015eener 25 May\u0131s\u2019ta ya\u015fanan tarihi olaylar\u0131 \u015f\u00f6yle anlatt\u0131:<\/p>\n<p style=\"text-align: justify;\">\u201cBir T\u00fcrk 25 May\u0131s 1995\u2019te d\u00fcnyan\u0131n en y\u00fcksek tepesi olan Everest tepesine \u00e7\u0131kt\u0131. 25 May\u0131s 1944\u2019te bu \u00fclkede milli sanayi vard\u0131, T\u00fcrkiye\u2019de Nuri Demira\u011f taraf\u0131ndan u\u00e7ak fabrikas\u0131 kuruldu. Bu fabrika u\u00e7a\u011f\u0131n\u0131 \u00fcretti, milli sanayimizin yolcu u\u00e7a\u011f\u0131 ile ilk yolculuk \u0130stanbul\u2019dan Ankara\u2019ya 25 May\u0131s 1944\u2019te ger\u00e7ekle\u015ftirildi. Son y\u00fczy\u0131l\u0131n\u0131 Osmanl\u0131 devleti yar\u0131 s\u00f6m\u00fcrge olarak ge\u00e7irdi. T\u00fcrkiye Cumhuriyeti kurulmu\u015f ama Osmanl\u0131\u2019n\u0131n bor\u00e7lar\u0131n\u0131 devralm\u0131\u015ft\u0131r. 1955 y\u0131l\u0131n\u0131n 25 May\u0131s\u2019\u0131nda T\u00fcrkiye Cumhuriyeti Osmanl\u0131\u2019n\u0131n bor\u00e7lar\u0131n\u0131n son taksidini \u00f6demi\u015ftir.\u201d<\/p>\n<p style=\"text-align: justify;\"><strong>-AKP\u2019YE EKON\u0130M\u0130DEN Y\u00dcKLEND\u0130-<\/strong><\/p>\n<p style=\"text-align: justify;\">Konu\u015fmas\u0131nda k\u00fcresel ekonomik krizi temel alarak, AKP h\u00fck\u00fcmetinin ekonomi politikalar\u0131n\u0131 ele\u015ftiren \u015eener, T\u00fcrk ekonomisinin ba\u011f\u0131l\u0131l\u0131klar, ba\u011f\u0131ml\u0131l\u0131klar ve d\u0131\u015f dalgalara teslim olmu\u015f bir yap\u0131dan kurtar\u0131p birlikte yap\u0131land\u0131racaklar\u0131n\u0131 s\u00f6yledi. Niyetlerinin ve kararl\u0131l\u0131klar\u0131n\u0131n hizmet ve d\u00fcr\u00fcst siyaset oldu\u011funu belirten \u015eener T\u00fcrkiye\u2019nin neden yeni bir parti ihtiya\u00e7 duydu\u011fu ise \u015fu s\u00f6zlerle cevaplad\u0131:<\/p>\n<p style=\"text-align: justify;\">\u201cD\u00fcnyada olup bitenler T\u00fcrkiye\u2019yi sars\u0131yor. T\u00fcrkiye\u2019de varoldu\u011funuz sand\u0131\u011f\u0131n\u0131z sorumlular T\u00fcrkiye\u2019yi k\u00fcresel dalgalara teslim ediyor. T\u00fcrkiye d\u0131\u015far\u0131dan ve i\u00e7erden istikrars\u0131zl\u0131\u011fa do\u011fru itiliyor. T\u00fcrkiye\u2019nin ve halk\u0131m\u0131z\u0131n ihtiya\u00e7lar\u0131na bu yap\u0131da cevap yoktur. Onun i\u00e7in ya\u015fad\u0131\u011f\u0131m\u0131z ko\u015fullar\u0131 iyi bilmeden T\u00fcrkiye Partisi\u2019ne neden ihtiya\u00e7 oldu\u011funu kavrayabilmek zordur. T\u00fcrk ekonomisi politikas\u0131zl\u0131\u011fa teslim olmu\u015ftur. \u0130\u015fsizlik T\u00fcrkiye\u2019yi kas\u0131p kavuruyor, feryatlar\u0131 i\u015fiten sorumlular yok ortada. Ekonomi sorumlular\u0131 T\u00fcrkiye\u2019nin dertlerine yabanc\u0131la\u015fm\u0131\u015f vaziyette. \u0130\u015fsizin derdini bilmiyor, duymuyor. Bu \u00fclkede t\u00fcm sekt\u00f6rler tasfiye s\u00fcrecine girmi\u015fken sorumlular\u0131n gece g\u00fcnd\u00fcz mesai yapmas\u0131 laz\u0131m. Bu heyecan\u0131 hisseden varsa bu \u00fclkede tek bir ki\u015fi varsa gelsin desin ki \u2018Ben g\u00f6rd\u00fcm, \u00e7al\u0131\u015f\u0131yorlar, ar\u0131yorlar\u2019 desin ama yok. Bu \u00fclkede bu heyecan\u0131 sorumluluklar\u0131 hisseden varsa gelsin desin. Bunun ad\u0131 &#8216;Titanik gemisi batarken \u00fcst katta mobilyalar\u0131n yerini de\u011fi\u015ftirmek&#8217; demektir. Bilmiyorlarsa gelsinler birlikte \u00e7al\u0131\u015fal\u0131m. Bilgi birikimimizi birlikte payla\u015fal\u0131m. B\u00f6ylesine bir gidi\u015f kriz sonras\u0131 i\u00e7inde sa\u011fl\u0131ks\u0131z bir gidi\u015ftir. Ekonominin her taraf\u0131 sahipsizdir. Bunun anlam\u0131 b\u00f6lgemiz Ortado\u011fu yeniden yap\u0131land\u0131r\u0131l\u0131rken T\u00fcrkiye sorunlar\u0131n hi\u00e7birini kendi stratejisi ile \u00e7\u00f6zme kararl\u0131l\u0131\u011f\u0131n\u0131 g\u00f6stermiyor.<\/p>\n<p style=\"text-align: justify;\"><strong>-\u201cAKP TEK B\u0130R VATAN EVLADINDAN OY ALMAMALIDIR\u201d-<\/strong><\/p>\n<p style=\"text-align: justify;\">T\u00fcrkiye\u2019nin i\u00e7 g\u00f6r\u00fcnt\u00fcs\u00fcne bak\u0131ld\u0131\u011f\u0131nda ise, siyasi kavgalar\u0131n g\u00f6r\u00fcnd\u00fc\u011f\u00fcn\u00fc s\u00f6yleyen \u015eener, iktidar taraf\u0131ndan yo\u011fun bir diplomas\u0131 trafi\u011fi ya\u015fand\u0131\u011f\u0131na dikkat \u00e7ekti. Ba\u015fbakan Erdo\u011fan\u2019\u0131n \u00fclke insan\u0131yla; esnafla, \u00e7ift\u00e7iyle, k\u00f6yl\u00fcyle g\u00f6r\u00fc\u015fmedi\u011fine i\u015faret eden \u015eener, \u201cBunun anlam\u0131 \u015fudur; B\u00f6lgemiz, orta do\u011fu yeniden yap\u0131land\u0131r\u0131l\u0131rken, T\u00fcrkiye sorunlar\u0131n\u0131n hi\u00e7birini kendi iradesi ile g\u00fcndeme getiremiyor. En hayati konular\u0131m\u0131zda kendi g\u00fcndemini diplomasi trafi\u011finin belirledi\u011fi bir siyasi iktidar bu \u00fclkenin tek bir vatan evlad\u0131ndan oy almamal\u0131d\u0131r\u201d diye konu\u015ftu.<\/p>\n<p style=\"text-align: justify;\">T\u00fcrkiye Partisi\u2019nin bar\u0131\u015f partisi, 72 milyon&#8217;un biz olaca\u011f\u0131 bir parti oldu\u011funu vurgulayan \u015eener, \u201cBiz kavgaya, kin ve nefrete taraf de\u011filiz \u00e7\u00fcnk\u00fc merkezdeyiz. Kurumlar ars\u0131 g\u00fcveni kuraca\u011f\u0131z. Bizim d\u00f6nemimizde \u015feffaf siyaset olacak. Kamu kaynaklar\u0131n\u0131n nas\u0131l da\u011f\u0131t\u0131ld\u0131\u011f\u0131n\u0131 isteyen her yurtta\u015f\u0131m\u0131z bilgisayarda bir tu\u015fa basarak g\u00f6recek. Her vatanda\u015f\u0131m\u0131z imar tadillerinin ne zaman, kimler i\u00e7in yap\u0131ld\u0131\u011f\u0131n\u0131 g\u00f6recektir. Liyakat ve ba\u015far\u0131n\u0131n \u00f6d\u00fcllendirildi\u011fi bir toplumsal ve kurumsal k\u00fclt\u00fcr in\u015fa edece\u011fiz\u201d dedi.<\/p>\n<p style=\"text-align: justify;\"><strong>-\u201cMEVCUT H\u00dcK\u00dcMET BAKANLI\u011eIMIN KRED\u0130LER\u0130N\u0130 KULLANIYOR\u201d-<\/strong><\/p>\n<p style=\"text-align: justify;\">Konu\u015fmas\u0131n\u0131n ard\u0131ndan gazetecilerin sorular\u0131n\u0131 da yan\u0131tlayan \u015eener, bir gazetecinin konu\u015fmas\u0131 s\u0131ras\u0131nda sarf etti\u011fi s\u00f6zleri hat\u0131rlatarak, \u201cTitanik Batarken siz de kaptan k\u00f6\u015fk\u00fcnde de\u011fil miydiniz?\u201d diye sormas\u0131 \u00fczerine \u015funlar\u0131 dedi:<\/p>\n<p style=\"text-align: justify;\">\u201cMaliye Bakanl\u0131\u011f\u0131 yapt\u0131\u011f\u0131m d\u00f6nemde, T\u00fcrkiye\u2019nin ne durumda oldu\u011funu en iyi esnaf, k\u00f6yl\u00fc, \u00e7ift\u00e7i, sanayici, i\u015f adam\u0131, esnaf bilir. 2002\u2019den 2007\u2019nin yar\u0131s\u0131na kadar Devlet Bakan\u0131 ve Ba\u015fbakan Yard\u0131mc\u0131s\u0131 olarak h\u00fck\u00fcmette yer ald\u0131m. Mevcut h\u00fck\u00fcmet hala o d\u00f6nemin kredilerini kullan\u0131yor. O d\u00f6nemden sonra \u2018\u015funu da iyi yapt\u0131k\u2019 diyecek halleri yok.\u201d<\/p>\n<p style=\"text-align: justify;\"><strong>-NOTLAR..-<\/strong><\/p>\n<p style=\"text-align: justify;\">\u015eener\u2019in parti tan\u0131t\u0131m toplant\u0131s\u0131ndan dikkat \u00e7eken baz\u0131 notlar ise \u015f\u00f6yle:<\/p>\n<p style=\"text-align: justify;\">\u201c-T\u00fcrkiye Partisi\u2019nin kurulu\u015f toplant\u0131s\u0131, AKP\u2019nin kuruldu\u011fu Bilkent Oteli\u2019nde ayn\u0131 salonda ve ayn\u0131 saatte yap\u0131ld\u0131.<\/p>\n<p style=\"text-align: justify;\">-Abdullatif \u015eener, toplant\u0131n\u0131n yap\u0131laca\u011f\u0131 salona e\u015fi ile birlikte girdi. Gen\u00e7 partililerin olu\u015fturdu\u011fu koridordan y\u00fcr\u00fcyen \u015eener, salonda kurucular aras\u0131nda e\u015fiyle birlikte oturdu. \u015eener\u2019in salona giri\u015finde yer yer izdiham ya\u015fan\u0131rken, &#8216;Ba\u015fbakan \u015eener&#8217; sloganlar\u0131 at\u0131ld\u0131<\/p>\n<p style=\"text-align: justify;\">-35 olmas\u0131 beklenen kurucular kurulunda 33 ki\u015fi yer ald\u0131. Kurucular aras\u0131nda 9 kad\u0131n kurucu, 7 \u00f6\u011fretim \u00fcyesi bulunuyor. 60 ya\u015f\u0131n \u00fczerinde de iki kurucu \u00fcye bulunuyor. Kurucular aras\u0131nda t\u00fcrbanl\u0131 bulunmuyor.<\/p>\n<p style=\"text-align: justify;\">-\u0130stanbul, Adana, Sivas ve Gaziantep gibi T\u00fcrkiye\u2019nin \u00e7e\u015fitli b\u00f6lgelerinden otob\u00fcslerle partililer kurulu\u015f toplant\u0131s\u0131na geldi. \u015eener pankartlar\u0131 ve resimleri ta\u015f\u0131yan partililer salonu ve salon d\u0131\u015f\u0131n\u0131 doldurdu. Kad\u0131n kat\u0131l\u0131mc\u0131lar\u0131n yo\u011fun oldu\u011fu g\u00f6r\u00fcld\u00fc. Salonda \u00f6z\u00fcrl\u00fc yurtta\u015flar i\u00e7in \u00f6zel bir yer ayr\u0131ld\u0131\u011f\u0131 g\u00f6zlendi.<\/p>\n<p style=\"text-align: justify;\">-Kurulu\u015f toplant\u0131s\u0131na kat\u0131lanlar aras\u0131nda \u00e7ok say\u0131da eski milletvekili oldu\u011funu da g\u00f6r\u00fcld\u00fc.<\/p>\n<p style=\"text-align: justify;\">-\u015eener\u2019in resimlerinin yerald\u0131\u011f\u0131 poster ve pankartlarda \u015eener\u2019in akademik titrinin \u201cProf\u201d yerine, \u201cDo\u00e7.Dr.\u201d yaz\u0131ld\u0131\u011f\u0131 dikkati \u00e7ekti.<\/p>\n<p style=\"text-align: justify;\">-Salon d\u0131\u015f\u0131nda partiye kat\u0131l\u0131m \u00fcye formlar\u0131 da\u011f\u0131t\u0131ld\u0131. Formlar\u0131n \u00fczerinde, \u201cS\u00f6z\u00fcm\u00fczd\u00fcr: Ben de var\u0131m, herkes kadromuzdur, katt\u0131\u011f\u0131n\u0131z her d\u00fc\u015f\u00fcnce program\u0131m\u0131zd\u0131r\u201d s\u00f6z\u00fc yer ald\u0131. Yine formda \u015eener\u2019in akademik titri \u201cDo\u00e7\u201d olarak yer ald\u0131.<\/p>\n<p style=\"text-align: justify;\">-Partinin m\u00fczi\u011fi ise geleneksel tarza katt\u0131\u011f\u0131 modern yorumu ile tan\u0131nan \u015fark\u0131c\u0131 \u201c\u015eahsenem\u201d taraf\u0131ndan yap\u0131ld\u0131. T\u00fcrkiye\u2019nin yerel m\u00fczik motiflerinin yer ald\u0131\u011f\u0131 par\u00e7a salondakileri co\u015fturdu.<\/p>\n<p style=\"text-align: justify;\">-T\u00fcrkiye Partisi\u2019nin amblemi T\u00fcrkiye haritas\u0131 \u00fczerinde iki elin tokala\u015fmas\u0131 olarak belirlendi. Mavi renk kullan\u0131lan amblemle ellerden birinin kad\u0131n eli oldu\u011fu g\u00f6r\u00fcld\u00fc.<\/p>\n<p style=\"text-align: justify;\">-Konu\u015fmas\u0131nda h\u00fck\u00fcmete ekonomik politikalar\u0131 \u00fczerinden y\u00fcklenen \u015eener, yeni siyaset anlay\u0131\u015f\u0131nda kad\u0131n ve gen\u00e7lere s\u0131k s\u0131k vurgu yapt\u0131.&#8221;<\/p>\n<p style=\"text-align: justify;\"><span style=\"color: #888888;\">Kaynak : Vatan<\/span><\/p>\n","protected":false},"excerpt":{"rendered":"<p style=\"text-align: justify;\">\n<p style=\"text-align: justify;\">&#8220;En hayati konular\u0131m\u0131zda kendi g\u00fcndemini diplomasi trafi\u011finin belirledi\u011fi bir siyasi iktidar bu \u00fclkenin tek bir vatan evlad\u0131ndan oy almamal\u0131d\u0131r&#8230;&#8221;<\/p>\n<p style=\"text-align: justify;\">T\u00fcrkiye Partisi Genel Ba\u015fkan\u0131 Abd\u00fcllatif \u015eener, partisinin tan\u0131t\u0131m toplant\u0131s\u0131nda, AKP\u2019ye ekonomiden y\u00fcklendi. \u015eener, \u201cBu \u00fclkede t\u00fcm sekt\u00f6rler tasfiye s\u00fcrecine girmi\u015fken sorumlular\u0131n gece g\u00fcnd\u00fcz mesai yapmas\u0131 laz\u0131m. Bu heyecan\u0131 hisseden <\/p>\n","protected":false},"author":1,"featured_media":0,"comment_status":"open","ping_status":"closed","sticky":false,"template":"","format":"standard","meta":{"footnotes":""},"categories":[105],"tags":[],"class_list":["post-9337","post","type-post","status-publish","format-standard","hentry","category-gundem","odd"],"_links":{"self":[{"href":"http:\/\/www.korhanyilmaz.com\/index.php?rest_route=\/wp\/v2\/posts\/9337","targetHints":{"allow":["GET"]}}],"collection":[{"href":"http:\/\/www.korhanyilmaz.com\/index.php?rest_route=\/wp\/v2\/posts"}],"about":[{"href":"http:\/\/www.korhanyilmaz.com\/index.php?rest_route=\/wp\/v2\/types\/post"}],"author":[{"embeddable":true,"href":"http:\/\/www.korhanyilmaz.com\/index.php?rest_route=\/wp\/v2\/users\/1"}],"replies":[{"embeddable":true,"href":"http:\/\/www.korhanyilmaz.com\/index.php?rest_route=%2Fwp%2Fv2%2Fcomments&post=9337"}],"version-history":[{"count":0,"href":"http:\/\/www.korhanyilmaz.com\/index.php?rest_route=\/wp\/v2\/posts\/9337\/revisions"}],"wp:attachment":[{"href":"http:\/\/www.korhanyilmaz.com\/index.php?rest_route=%2Fwp%2Fv2%2Fmedia&parent=9337"}],"wp:term":[{"taxonomy":"category","embeddable":true,"href":"http:\/\/www.korhanyilmaz.com\/index.php?rest_route=%2Fwp%2Fv2%2Fcategories&post=9337"},{"taxonomy":"post_tag","embeddable":true,"href":"http:\/\/www.korhanyilmaz.com\/index.php?rest_route=%2Fwp%2Fv2%2Ftags&post=9337"}],"curies":[{"name":"wp","href":"https:\/\/api.w.org\/{rel}","templated":true}]}}