{"id":9306,"date":"2009-05-21T09:55:33","date_gmt":"2009-05-21T06:55:33","guid":{"rendered":"http:\/\/www.korhanyilmaz.com\/?p=9306"},"modified":"2009-05-21T09:55:33","modified_gmt":"2009-05-21T06:55:33","slug":"hakimler-kanunlari-uygular","status":"publish","type":"post","link":"http:\/\/www.korhanyilmaz.com\/?p=9306","title":{"rendered":"&#039;Hakimler kanunlar\u0131 uygular&#039;"},"content":{"rendered":"<p style=\"text-align: center;\"><a href=\"http:\/\/www.korhanyilmaz.com\/wp-content\/uploads\/2009\/05\/210520091036337863562.jpg\"  class=\"lightview\"><img loading=\"lazy\" decoding=\"async\" class=\"aligncenter size-full wp-image-9307\" title=\"'Hakimler kanunlar\u0131 uygular' \" src=\"http:\/\/www.korhanyilmaz.com\/wp-content\/uploads\/2009\/05\/210520091036337863562.jpg\" alt=\"'Hakimler kanunlar\u0131 uygular' \" width=\"329\" height=\"210\" \/><\/a><\/p>\n<p style=\"text-align: justify;\"><strong><span style=\"font-family: Arial;\">&#8216;G\u00fcl yarg\u0131lanmal\u0131&#8217; karar\u0131n\u0131 veren mahkemenin ba\u015fkan\u0131 Osman Ka\u00e7maz da konu\u015ftu<\/span><\/strong><\/p>\n<p style=\"text-align: justify;\">Cumhurba\u015fkan\u0131 Abdullah G\u00fcl, &#8220;Kay\u0131p Trilyon davas\u0131ndan yarg\u0131lanmal\u0131&#8221; karar\u0131n\u0131 &#8220;Hukuki s\u00fcre\u00e7 sonunda iddia edilen sonu\u00e7 \u00e7\u0131karsa, yarg\u0131lanmaktan endi\u015fe duymam teredd\u00fct de etmem&#8221; s\u00f6zleriyle de\u011ferlendirdi. G\u00fcl, duydu\u011fu tek endi\u015fenin ise dokunulmazl\u0131k tart\u0131\u015fmas\u0131 nedeniyle Cumhurba\u015fkanl\u0131\u011f\u0131 makam\u0131n\u0131n y\u0131prat\u0131lmas\u0131 oldu\u011funu s\u00f6yledi. Sadece G\u00fcl de\u011fil, tart\u0131\u015fma yaratan karar\u0131 veren mahkemenin ba\u015fkan\u0131 Osman Ka\u00e7maz da konu\u015ftu: &#8220;Hakimler kanunlar\u0131 uygular&#8221;<\/p>\n<p style=\"text-align: justify;\">Cumhurba\u015fkan\u0131 Abdullah G\u00fcl, Sincan 1&#8217;inci A\u011f\u0131r Ceza Mahkemesi&#8217;nin &#8220;Kay\u0131p Trilyon davas\u0131ndan yarg\u0131lanmal\u0131&#8221; karar\u0131n\u0131 &#8220;Hukuki s\u00fcre\u00e7 sonunda iddia edilen sonu\u00e7 \u00e7\u0131karsa, yarg\u0131lanmaktan endi\u015fe duymam teredd\u00fct de etmem&#8221; s\u00f6zleriyle de\u011ferlendirdi. <!--more--><\/p>\n<p style=\"text-align: justify;\">G\u00fcl, duydu\u011fu tek endi\u015fenin ise dokunulmazl\u0131k tart\u0131\u015fmas\u0131 nedeniyle Cumhurba\u015fkanl\u0131\u011f\u0131 makam\u0131n\u0131n y\u0131prat\u0131lmas\u0131 oldu\u011funu s\u00f6yledi.<\/p>\n<p style=\"text-align: justify;\">Sadece G\u00fcl de\u011fil, tart\u0131\u015fma yaratan karar\u0131 veren mahkemenin ba\u015fkan\u0131 Osman Ka\u00e7maz da konu\u015ftu: &#8220;Hakimler kanunlar\u0131 uygular&#8221;<\/p>\n<p style=\"text-align: justify;\">Sincan 1&#8217;inci A\u011f\u0131r Ceza Mahkemesi&#8217;nin &#8220;Cumhurba\u015fkan\u0131 G\u00fcl yarg\u0131lanmal\u0131&#8221; karar\u0131ndan sonra tart\u0131\u015fma ba\u015flad\u0131.<\/p>\n<p style=\"text-align: justify;\">Cumhurba\u015fkan\u0131 G\u00fcl ise kararla ilgili olarak, hukuki prosed\u00fcr sonunda iddia edildi\u011fi gibi sonu\u00e7 \u00e7\u0131karsa, yarg\u0131lanmaktan endi\u015fe duymayaca\u011f\u0131n\u0131 s\u00f6yledi.<\/p>\n<p style=\"text-align: justify;\">Abdullah G\u00fcl, kapat\u0131lan Refah Partisi&#8217;nin Kay\u0131p Trilyon davas\u0131nda hem \u00f6zel evrakta sahtecilik hem de siyasi partilere kanununa ayk\u0131r\u0131l\u0131k iddialar\u0131yla su\u00e7land\u0131.<\/p>\n<p style=\"text-align: justify;\">O zaman milletvekiliydi, dokunulmazl\u0131\u011f\u0131 vard\u0131. O dokunulmazl\u0131k kalkt\u0131 ve Sincan A\u011f\u0131r Ceza Mahkemesi Abdullah G\u00fcl&#8217;\u00fcn yarg\u0131lanmas\u0131n\u0131 istedi.<\/p>\n<p style=\"text-align: justify;\">G\u00fcl&#8217;\u00fcn tek endi\u015fesi ise Cumhurba\u015fkanl\u0131\u011f\u0131 makam\u0131. G\u00fcl konuyla ilgili olarak, &#8220;Tek kayg\u0131m Cumhurba\u015fkanl\u0131\u011f\u0131n\u0131n dokunulmazl\u0131\u011f\u0131 var m\u0131 yok mu tart\u0131\u015fmas\u0131yla bu makam\u0131n zedenlenmemesidir. Bu T\u00fcrkiye&#8217;nin itibariyle ilgili konulard\u0131r&#8221; ifadesini kulland\u0131.<\/p>\n<p style=\"text-align: justify;\">Abdullah G\u00fcl, kapat\u0131lan Refah Partisi&#8217;nde d\u0131\u015f ili\u015fkilerden sorumlu genel ba\u015fkan yard\u0131mc\u0131s\u0131 oldu\u011funu da hat\u0131rlatt\u0131, &#8220;benim mali konularla hi\u00e7bir ilgim yoktu&#8221; dedi.<\/p>\n<p style=\"text-align: justify;\">AKP&#8217;ye g\u00f6re ise Cumhurba\u015fkan\u0131&#8217;n\u0131n yarg\u0131lanmas\u0131 m\u00fcmk\u00fcn de\u011fil. Ba\u015fbakan Erdo\u011fan da Anayasa&#8217;y\u0131 hat\u0131rlatt\u0131 Cumhurba\u015fkanlar\u0131n\u0131n vatana ihanet d\u0131\u015f\u0131nda yarg\u0131lanamayacaklar\u0131n\u0131 s\u00f6yledi.<\/p>\n<p style=\"text-align: justify;\">AKP&#8217;nin kapal\u0131 grup toplant\u0131s\u0131nda konu\u015fan Erdo\u011fan, &#8220;Makemenin verdi\u011fi karar Anayasa&#8217;n\u0131n \u00fcst\u00fcnde de\u011fil, onu ba\u011flamaz&#8221; dedi.<\/p>\n<p style=\"text-align: justify;\">Milletvekilleri de bakanlar da tepkiliydi. Tepkinin adresi ise karar\u0131 veren Sincan A\u011f\u0131r Ceza Mahkemesi&#8217;ydi.<\/p>\n<p style=\"text-align: justify;\">Ve ele\u015ftirilerin y\u00f6neldi\u011fi mahkeme ve mahkemenin hakimi Osman Ka\u00e7maz da konu\u015ftu. Ka\u00e7maz, &#8220;Hakimler kanunlar\u0131 uygular&#8221; dedi.<\/p>\n<p style=\"text-align: justify;\">Abdullah G\u00fcl i\u00e7in kararda neden &#8220;\u015f\u00fcpheli&#8221; ifadesinin kullan\u0131ld\u0131\u011f\u0131n\u0131 anlatt\u0131.<\/p>\n<p style=\"text-align: justify;\">Ka\u00e7maz, &#8220;Hi\u00e7bir hakim k\u00f6t\u00fc niyetli olamaz. Yasada \u015f\u00fcphelinin tan\u0131m\u0131 yap\u0131l\u0131yor. \u015e\u00fcpheli s\u0131fat\u0131 ki\u015fi ayr\u0131m\u0131 yap\u0131lmaks\u0131z\u0131n uygulan\u0131r. \u015eu Cumhurba\u015fkan\u0131d\u0131r, o Ba\u015fbakand\u0131r, o m\u00fchendistir ayr\u0131m\u0131 yapamay\u0131z&#8221; ifadesini kulland\u0131.<\/p>\n<p style=\"text-align: justify;\">Ka\u00e7maz, bu a\u00e7\u0131klamalar\u0131 Cumhurba\u015fkan\u0131yla ilgili karar\u0131 verdikten sonra gazetelere yapt\u0131.<\/p>\n<p style=\"text-align: justify;\">Osman Ka\u00e7maz, daha \u00f6nce de \u00f6nemli kararlara imza atm\u0131\u015ft\u0131. Hatta g\u00fcndeme de o \u00f6nemli kararlar\u0131 ald\u0131\u011f\u0131 odas\u0131na yerle\u015ftirdi\u011fi ortam dinlemesini engelleyen Jammer cihaz\u0131 ile gelmi\u015fti. Ve Kanal D&#8217;ye neden Jammer cihaz\u0131 kulland\u0131\u011f\u0131n\u0131 anlatm\u0131\u015ft\u0131.<\/p>\n<p style=\"text-align: justify;\">Ka\u00e7maz, &#8220;Ba\u015fbakan&#8217;\u0131n karar\u0131 vard\u0131, Deniz Baykal&#8217;\u0131n karar\u0131 vard\u0131. Adaletin tarafs\u0131z d\u00fczg\u00fcn i\u015flemesi i\u00e7in bu \u00f6nlemi ald\u0131k. Birg\u00fcn \u00f6nce verece\u011fimiz karar\u0131 tart\u0131\u015f\u0131yoruz. Ba\u015fkalar\u0131n\u0131n \u00f6\u011frenmesini istemiyoruz&#8221; diye konu\u015ftu.<\/p>\n<p style=\"text-align: justify;\">\n<p style=\"text-align: center;\"><a href=\"http:\/\/www.korhanyilmaz.com\/wp-content\/uploads\/2009\/05\/210520091009375972462_31.jpg\"  class=\"lightview\"><span style=\"font-family: Arial,Verdana,Helvetica,sans-serif; font-size: x-small;\"><img loading=\"lazy\" decoding=\"async\" class=\"aligncenter size-full wp-image-9310\" title=\"' G\u00fcl yarg\u0131lanmal\u0131 ' karar\u0131n\u0131 veren mahkemenin ba\u015fkan\u0131 Osman Ka\u00e7maz\" src=\"http:\/\/www.korhanyilmaz.com\/wp-content\/uploads\/2009\/05\/210520091009375972462_31.jpg\" alt=\"G\u00fcl yarg\u0131lanmal\u0131' karar\u0131n\u0131 veren mahkemenin ba\u015fkan\u0131 Osman Ka\u00e7maz\" width=\"292\" height=\"217\" \/><\/span><\/a><\/p>\n<p style=\"text-align: left;\"><span style=\"color: #888888;\">Kaynak : Vatan<\/span><\/p>\n<p style=\"text-align: left;\"><span style=\"font-family: Arial,Verdana,Helvetica,sans-serif; font-size: x-small;\"> <\/span><\/p>\n","protected":false},"excerpt":{"rendered":"<p style=\"text-align: center;\">\n<p style=\"text-align: justify;\">&#8216;G\u00fcl yarg\u0131lanmal\u0131&#8217; karar\u0131n\u0131 veren mahkemenin ba\u015fkan\u0131 Osman Ka\u00e7maz da konu\u015ftu<\/p>\n<p style=\"text-align: justify;\">Cumhurba\u015fkan\u0131 Abdullah G\u00fcl, &#8220;Kay\u0131p Trilyon davas\u0131ndan yarg\u0131lanmal\u0131&#8221; karar\u0131n\u0131 &#8220;Hukuki s\u00fcre\u00e7 sonunda iddia edilen sonu\u00e7 \u00e7\u0131karsa, yarg\u0131lanmaktan endi\u015fe duymam teredd\u00fct de etmem&#8221; s\u00f6zleriyle de\u011ferlendirdi. G\u00fcl, duydu\u011fu tek endi\u015fenin ise dokunulmazl\u0131k tart\u0131\u015fmas\u0131 nedeniyle Cumhurba\u015fkanl\u0131\u011f\u0131 makam\u0131n\u0131n y\u0131prat\u0131lmas\u0131 oldu\u011funu s\u00f6yledi. Sadece G\u00fcl <\/p>\n","protected":false},"author":1,"featured_media":0,"comment_status":"open","ping_status":"closed","sticky":false,"template":"","format":"standard","meta":{"footnotes":""},"categories":[105],"tags":[],"class_list":["post-9306","post","type-post","status-publish","format-standard","hentry","category-gundem","odd"],"_links":{"self":[{"href":"http:\/\/www.korhanyilmaz.com\/index.php?rest_route=\/wp\/v2\/posts\/9306","targetHints":{"allow":["GET"]}}],"collection":[{"href":"http:\/\/www.korhanyilmaz.com\/index.php?rest_route=\/wp\/v2\/posts"}],"about":[{"href":"http:\/\/www.korhanyilmaz.com\/index.php?rest_route=\/wp\/v2\/types\/post"}],"author":[{"embeddable":true,"href":"http:\/\/www.korhanyilmaz.com\/index.php?rest_route=\/wp\/v2\/users\/1"}],"replies":[{"embeddable":true,"href":"http:\/\/www.korhanyilmaz.com\/index.php?rest_route=%2Fwp%2Fv2%2Fcomments&post=9306"}],"version-history":[{"count":0,"href":"http:\/\/www.korhanyilmaz.com\/index.php?rest_route=\/wp\/v2\/posts\/9306\/revisions"}],"wp:attachment":[{"href":"http:\/\/www.korhanyilmaz.com\/index.php?rest_route=%2Fwp%2Fv2%2Fmedia&parent=9306"}],"wp:term":[{"taxonomy":"category","embeddable":true,"href":"http:\/\/www.korhanyilmaz.com\/index.php?rest_route=%2Fwp%2Fv2%2Fcategories&post=9306"},{"taxonomy":"post_tag","embeddable":true,"href":"http:\/\/www.korhanyilmaz.com\/index.php?rest_route=%2Fwp%2Fv2%2Ftags&post=9306"}],"curies":[{"name":"wp","href":"https:\/\/api.w.org\/{rel}","templated":true}]}}