{"id":9292,"date":"2009-05-21T08:24:15","date_gmt":"2009-05-21T05:24:15","guid":{"rendered":"http:\/\/www.korhanyilmaz.com\/?p=9292"},"modified":"2009-05-21T08:24:15","modified_gmt":"2009-05-21T05:24:15","slug":"tskya-akla-zarar-konferans","status":"publish","type":"post","link":"http:\/\/www.korhanyilmaz.com\/?p=9292","title":{"rendered":"TSK&#039;ya akla zarar konferans"},"content":{"rendered":"<p style=\"text-align: center;\"><img loading=\"lazy\" decoding=\"async\" class=\"size-full wp-image-9293 aligncenter\" src=\"http:\/\/www.korhanyilmaz.com\/wp-content\/uploads\/2009\/05\/fft28_mf176799.Jpeg\" alt=\"\" width=\"306\" height=\"204\" \/><\/p>\n<p style=\"text-align: justify;\">Ergenekon san\u0131\u011f\u0131 Erenerol&#8217;un Genelkurmay&#8217;da verdi\u011fi &#8216;Misyonerlik&#8217; konulu konferansta akla zarar iddialar var: Birle\u015fmi\u015f Milletler Yahudilerin i\u015fi&#8230; Nazi soyk\u0131r\u0131m\u0131 \u0130srail i\u00e7in yap\u0131ld\u0131&#8230; Ayasofya, T\u00fcrk eseri&#8230; Vicdani ret\u00e7ili\u011fi Yehova \u015fahitleri a\u015f\u0131l\u0131yor.<\/p>\n<p style=\"text-align: justify;\">\u0130STANBUL &#8211; Ergenekon davas\u0131n\u0131n tutuklu san\u0131klar\u0131ndan T\u00fcrk Ortodoks Patrikhanesi Bas\u0131n S\u00f6zc\u00fcs\u00fc Sevgi Erenerol\u2019un Ekim ve Kas\u0131m 2006\u2019da Genelkurmay Kararg\u00e2h\u0131 ve Hava Kuvvetleri Komutanl\u0131\u011f\u0131\u2019nda verdi\u011fi \u2018Misyonerlik Faaliyetleri\u2019 ba\u015fl\u0131kl\u0131 konferans\u0131n CD\u2019lerinde akla zarar iddialar var. Genelkurmay\u2019\u0131n \u2018gizli\u2019 damgas\u0131 vurdu\u011fu iki konferansta Erenerol, \u00fcst r\u00fctbeli askerlere, bazen a\u011flayarak, misyonerlik dersi veriyor. \u0130\u015fte, Erenerol\u2019dan baz\u0131 inciler: \u201cSivil toplum \u00f6rg\u00fctleri casus ve y\u0131k\u0131c\u0131d\u0131r. Naziler soyk\u0131r\u0131m\u0131, Yahudiler \u0130srail\u2019de toplans\u0131n diye yapt\u0131&#8230; Misyonerli\u011fin amac\u0131 Anadolu\u2019yu ele ge\u00e7irmek&#8230; Anadolu\u2019nun ilk H\u0131ristiyanlar\u0131 T\u00fcrklerdir&#8230; Ayasofya da T\u00fcrk eseridir. \u0130stanbul, ek\u00fcmeniklik i\u00e7in 2010 Avrupa K\u00fclt\u00fcr Ba\u015fkenti ilan edildi&#8230;\u201d <!--more--><br \/>\nHrant Dink Davas\u0131\u2019n\u0131n g\u00f6r\u00fcld\u00fc\u011f\u00fc \u0130stanbul 13. A\u011f\u0131r Ceza Mahkemesi\u2019ne ge\u00e7en ocak ay\u0131nda dilek\u00e7e veren m\u00fcdahil avukatlar, Erenerol\u2019un T\u00fcrk Silahl\u0131 Kuvvetleri\u2019ne (TSK) verdi\u011fi \u2018T\u00fcrkiye\u2019de Misyonerlik Faaliyetleri\u2019 konulu konferans CD\u2019lerinin Genelkurmay\u2019dan istenmesini talep etmi\u015fti. Dink ve Ergenekon davalar\u0131 aras\u0131ndaki olas\u0131 ba\u011flant\u0131lara ili\u015fkin ku\u015fkular \u00fczerine mahkeme, bu talebi 26 Ocak\u2019ta kabul etti. Ve TSK, \u2018gizli\u2019 kayd\u0131 olan iki CD\u2019yi 13. A\u011f\u0131r Ceza Mahkemesi\u2019nde g\u00f6nderdi. Mahkeme 20 Nisan\u2019da CD\u2019leri \u00e7\u00f6z\u00fcm\u00fcn\u00fcn yap\u0131lmas\u0131 i\u00e7in Emniyet\u2019e yollad\u0131.<br \/>\n\u0130ki CD\u2019den ilki 4 Ekim 2006\u2019da Genelkurmay Karag\u00e2h\u0131\u2019nda yap\u0131lan konferansa ait ve 44 dakika s\u00fcr\u00fcyor. \u0130kinci CD ise 20 Kas\u0131m 2006\u2019da Hava Kuvvetleri\u2019nde yap\u0131lan konferans\u0131 i\u00e7eriyor. O da bir saat 14 dakika s\u00fcr\u00fcyor.<br \/>\nGenelkurmay\u2019daki toplant\u0131n\u0131n a\u00e7\u0131\u015f konu\u015fmas\u0131n\u0131 yapan Yarbay S.\u00d6. yap\u0131yor. S.\u00d6. konferans\u0131n \u2018Genelkurmay Askeri Tarih ve Stratejik Et\u00fct Ba\u015fkanl\u0131\u011f\u0131\u2019na ba\u011fl\u0131 (ATESE) Stratejik Ara\u015ft\u0131rmalar Merkezi\u2019nin (SAREM) 2006 y\u0131l\u0131 planl\u0131 faaliyetlerinden biri\u2019 oldu\u011funu belirtiyor. Hava Kuvvetleri\u2019ndeki konferansta d\u00f6nemin Harek\u00e2t Ba\u015fkan\u0131 T\u00fcmgeneral \u015eirin \u00dcnal\u2019\u0131n da aralar\u0131nda bulundu\u011fu r\u00fctbeliler dinleyici koltuklar\u0131n\u0131 dolduruyor. A\u00e7\u0131 konu\u015fmas\u0131n\u0131 yapan Bilgi Destek Subay\u0131 Y\u00fczba\u015f\u0131 \u00d6., konferans\u0131 \u2018Bilgilendirme ve bilin\u00e7lendirme faaliyetleri kapsam\u0131nda Harek\u00e2t Ba\u015fkanl\u0131\u011f\u0131 koordinat\u00f6rl\u00fc\u011f\u00fcnde icra edilen ve 2006-2007 konferanslar\u0131 serisinin ilki\u2019 diye niteliyor.<br \/>\nHer iki sunu\u015ftan sonra Erenerol\u2019un \u00f6zge\u00e7mi\u015fi okunuyor. Erenerol i\u00e7in \u201c15 y\u0131ld\u0131r serbest ara\u015ft\u0131rmac\u0131 olarak misyonerlik faaliyetleriyle ilgili \u00e7e\u015fitli ara\u015ft\u0131rmalar yapmaktad\u0131r\u201d deniliyor.<\/p>\n<p style=\"text-align: justify;\">\nErenerol\u2019un, iki konferansta da metne sad\u0131k kal\u0131p TSK\u2019yi \u2018bilgilendirdi\u011fi\u2019 konu\u015fmas\u0131ndan kimi b\u00f6l\u00fcmler \u015f\u00f6yle:<\/p>\n<p style=\"text-align: justify;\">\n<strong>Sivil toplum casustur: <\/strong>Sald\u0131r\u0131lar\u0131n bir\u00e7ok boyutu var. Bunlardan birisi de hakiki ad\u0131 \u2018Non-Governmental Organisation\u2019 olan, T\u00fcrk\u00e7e\u2019ye \u00e7evrildi\u011finde \u2018H\u00fck\u00fcmet D\u0131\u015f\u0131 Kurulu\u015flar \u2018denilmesi gerekirken, sivil toplum \u00f6rg\u00fctleri diye tan\u0131t\u0131lan, her t\u00fcrl\u00fc etnik ve dinsel farkl\u0131l\u0131klar\u0131 ka\u015f\u0131yan, casusluk ve y\u0131k\u0131c\u0131 faaliyetlerin olu\u015fturdu\u011fu kurulu\u015flard\u0131r. K\u00f6kleri yurtd\u0131\u015f\u0131ndad\u0131r. \u0130nsan haklar\u0131 ve demokrasi ad\u0131 alt\u0131nda zehirli faaliyetlerini \u00fclkemizde s\u00fcrd\u00fcrmektedirler.<\/p>\n<p style=\"text-align: justify;\">\n<strong>BM Yahudi eseri: <\/strong>Bu zihniyetin hedefi d\u00fcnya h\u00e2kimiyetidir. K\u00fcreselle\u015fme, bunun kod ad\u0131d\u0131r. Yahudi felsefeci Filo de Vitomozizes \u015f\u00f6yle demi\u015ftir: \u2018B\u00fct\u00fcn d\u00fcnya milletlerini Yahudi \u015feriat\u0131 alt\u0131nda birle\u015ftirecek bir devlet kurulacak ve her millet, gelene\u011fini terk edecek ve yaln\u0131zca Yahudi \u015feriat\u0131na ba\u011fl\u0131 olacakt\u0131r.\u2019 Birle\u015fmi\u015f Milletler (BM), D\u00fcnya Bankas\u0131, IMF, D\u00fcnya Ticaret \u00d6rg\u00fct\u00fc ve UNESCO hep bunlar\u0131n eseridir.<br \/>\nTek ama\u00e7lar\u0131 toprak: Misyonerlik her ne kadar bir din de\u011fi\u015ftirme olarak biliniyorsa da siyaset satranc\u0131n\u0131n bir piyonudur. Tek ama\u00e7 din ad\u0131na bu topraklar\u0131n ele ge\u00e7irilmesidir.<\/p>\n<p style=\"text-align: justify;\">\n<strong>Soyk\u0131r\u0131m \u0130srail i\u00e7indi: <\/strong>18. y\u00fczy\u0131lda New York\u2019ta Ciddi \u0130ncil \u0130nceleyicileri adl\u0131 bir\u00e7ok tarikat ortaya \u00e7\u0131kt\u0131. Bunlardan Evanjelistler, Mormonlar, Yehova \u015eahitleri insanlara \u2018Tanr\u0131 seni se\u00e7ti\u2019, yani bu se\u00e7ilmi\u015flik kavram\u0131n\u0131 ortaya atm\u0131\u015flard\u0131r. Mesih inan\u0131\u015f\u0131 Yahudilikten Hristiyanl\u0131\u011fa aktar\u0131lm\u0131\u015ft\u0131r. Bu tarikatlar Yahudi h\u00e2kimiyetini per\u00e7inle\u015ftirmek ve Allah buyru\u011fu oldu\u011funa insanlar\u0131 inand\u0131rmay\u0131 istemektedirler. \u0130srail devletinin kurulmas\u0131 gerekti\u011fini iddia etmi\u015flerdi ve devlet kurmu\u015ftur. \u2018B\u00fct\u00fcn Yahudiler bu devletin s\u0131n\u0131rlar\u0131 i\u00e7ine girmelidir\u2019 demi\u015flerdir. Nitekim Nazi Almanyas\u0131\u2019nda yap\u0131lan bu ama\u00e7layd\u0131.<\/p>\n<p style=\"text-align: justify;\">\n<strong>Ayasofya, T\u00fcrk i\u015fi<\/strong>: T\u00fcrkler 1000 y\u0131ld\u0131r Anadolu\u2019da\u2019 denilmesi Bat\u0131\u2019n\u0131n \u2018Sizler i\u015fgalcisiniz bu topraklar bize aittir\u2019 s\u00f6ylemine hakl\u0131 \u00e7\u0131karacak bir tarzd\u0131r. Atat\u00fcrk Anadolu\u2019nun 7 bin y\u0131ll\u0131k T\u00fcrk yurdu oldu\u011fundan bahseder. Anadolu\u2019nun ilk sakinlerinin T\u00fcrkler oldu\u011fu daha sonra ortaya konmu\u015ftur. En \u00f6nemli kaynak, Kaz\u0131m Mir\u015fan\u2019d\u0131r. \u2018Erken T\u00fcrklerin Anadolu Yaz\u0131tlar\u0131\u2019 adl\u0131 eseri T\u00fcrk varl\u0131\u011f\u0131n\u0131n Anadolu\u2019da 10 bin y\u0131l \u00f6nceye dayand\u0131\u011f\u0131n\u0131 g\u00f6sterir. H\u0131ristiyanl\u0131\u011f\u0131 kabul edenler Anadolu\u2019daki T\u00fcrklerdir. \u0130stanbul ve Trabzon Ayasofyas\u0131\u2019nda duvarlarda bulunan eski yaz\u0131lar\u0131n da erken T\u00fcrk\u00e7e olduklar\u0131n\u0131, fakat restorasyanlarla daha sonra Yunanca harflerin eklendi\u011fini g\u00f6rmekteyiz.<\/p>\n<p style=\"text-align: justify;\">\n<strong>Ek\u00fcmenik Ba\u015fkent: <\/strong>Avrupa Birli\u011fi Konseyi \u0130stanbul\u2019u 2010 Avrupa K\u00fclt\u00fcr Merkezi ilan etti. Avrupa Birli\u011fi\u2019ne girmek i\u00e7in her att\u0131\u011f\u0131m\u0131z ad\u0131mda bir kusur bulan AB, ne hikmetse b\u00fcy\u00fck bir ke\u015fmeke\u015f halinde olan \u0130stanbul\u2019u D\u00fcnya K\u00fclt\u00fcr Merkezi olarak kabullenebildi. \u0130\u015fte bu da bu ek\u00fcmeniklik meselesinin bir par\u00e7as\u0131d\u0131r. Bu y\u00fczden son y\u0131llarda Bizans g\u00f6r\u00fcn\u00fcml\u00fc bir tarihi yap\u0131lanma ba\u015flat\u0131ld\u0131. Restorasyonlar h\u0131zla s\u00fcrd\u00fcr\u00fclmektedir. Bu \u015fekilde devletin par\u00e7alanma s\u00fcreci de ba\u015flat\u0131lacakt\u0131r. \u0130stabulu ayr\u0131, \u00f6zel bir \u0130stanbul devleti olarak yap\u0131land\u0131rmaya gitmektedirler.\u201d<\/p>\n<p style=\"text-align: justify;\">\n<strong>Vicdani ret misyoner i\u015fi:<\/strong> D\u00fcn gizlice \u00e7al\u0131\u015fan misyonerler bug\u00fcn rahat\u00e7a milletimizi zehirlemektedirler. T\u00fcrkiye\u2019de yeni bir Protestan n\u00fcfus olu\u015fturmaktad\u0131rlar. Bunun yolu, 12 Eyl\u00fcl sonras\u0131 \u00d6zal d\u00f6neminde a\u00e7\u0131lm\u0131\u015ft\u0131r. \u00d6zellikle 163. maddenin (din propagandas\u0131n\u0131 yasaklayan madde) kald\u0131r\u0131lmas\u0131 misyonerli\u011fin \u00f6n\u00fcndeki yasal engelleri kald\u0131rm\u0131\u015ft\u0131r. Yasal bo\u015fluklar sayesinde T\u00fcrkiye\u2019nin her bir taraf\u0131nda cirit atar hale gelmi\u015flerdir. Nedir vicdani ret\u00e7iler? Bunlar Yehova \u015eahitleri taraf\u0131ndan topluma a\u015f\u0131lanan zihniyettir.\u201d<br \/>\nHatt\u0131 m\u00fcdafa yoktur: Bu faaliyetlerin amac\u0131 sadece vatan topraklar\u0131n\u0131n ele ge\u00e7irilmesidir (A\u011fl\u0131yor ve a\u011flayarak devam ediyor) Dolay\u0131s\u0131yla sald\u0131r\u0131 topyek\u00fcn, her an ve her yerdedir. Atat\u00fcrk\u2019\u00fcn zaman\u0131nda vermi\u015f oldu\u011fu emir bug\u00fcn de ge\u00e7erlidir. Hatt\u0131 m\u00fcdafaa yoktur, sath\u0131 m\u00fcdafaa vard\u0131r. O sat\u0131h b\u00fct\u00fcn vatand\u0131r.\n<\/p>\n<p style=\"text-align: justify;\"><span style=\"color: #888888;\">Kaynak : \u0130smail Saymaz &#8211; Radikal<\/span><\/p>\n<p style=\"text-align: justify;\">\n","protected":false},"excerpt":{"rendered":"<p style=\"text-align: center;\">\n<p style=\"text-align: justify;\">Ergenekon san\u0131\u011f\u0131 Erenerol&#8217;un Genelkurmay&#8217;da verdi\u011fi &#8216;Misyonerlik&#8217; konulu konferansta akla zarar iddialar var: Birle\u015fmi\u015f Milletler Yahudilerin i\u015fi&#8230; Nazi soyk\u0131r\u0131m\u0131 \u0130srail i\u00e7in yap\u0131ld\u0131&#8230; Ayasofya, T\u00fcrk eseri&#8230; Vicdani ret\u00e7ili\u011fi Yehova \u015fahitleri a\u015f\u0131l\u0131yor.<\/p>\n<p style=\"text-align: justify;\">\u0130STANBUL &#8211; Ergenekon davas\u0131n\u0131n tutuklu san\u0131klar\u0131ndan T\u00fcrk Ortodoks Patrikhanesi Bas\u0131n S\u00f6zc\u00fcs\u00fc Sevgi Erenerol\u2019un Ekim ve Kas\u0131m 2006\u2019da Genelkurmay Kararg\u00e2h\u0131 <\/p>\n","protected":false},"author":1,"featured_media":0,"comment_status":"open","ping_status":"closed","sticky":false,"template":"","format":"standard","meta":{"footnotes":""},"categories":[105],"tags":[],"class_list":["post-9292","post","type-post","status-publish","format-standard","hentry","category-gundem","odd"],"_links":{"self":[{"href":"http:\/\/www.korhanyilmaz.com\/index.php?rest_route=\/wp\/v2\/posts\/9292","targetHints":{"allow":["GET"]}}],"collection":[{"href":"http:\/\/www.korhanyilmaz.com\/index.php?rest_route=\/wp\/v2\/posts"}],"about":[{"href":"http:\/\/www.korhanyilmaz.com\/index.php?rest_route=\/wp\/v2\/types\/post"}],"author":[{"embeddable":true,"href":"http:\/\/www.korhanyilmaz.com\/index.php?rest_route=\/wp\/v2\/users\/1"}],"replies":[{"embeddable":true,"href":"http:\/\/www.korhanyilmaz.com\/index.php?rest_route=%2Fwp%2Fv2%2Fcomments&post=9292"}],"version-history":[{"count":0,"href":"http:\/\/www.korhanyilmaz.com\/index.php?rest_route=\/wp\/v2\/posts\/9292\/revisions"}],"wp:attachment":[{"href":"http:\/\/www.korhanyilmaz.com\/index.php?rest_route=%2Fwp%2Fv2%2Fmedia&parent=9292"}],"wp:term":[{"taxonomy":"category","embeddable":true,"href":"http:\/\/www.korhanyilmaz.com\/index.php?rest_route=%2Fwp%2Fv2%2Fcategories&post=9292"},{"taxonomy":"post_tag","embeddable":true,"href":"http:\/\/www.korhanyilmaz.com\/index.php?rest_route=%2Fwp%2Fv2%2Ftags&post=9292"}],"curies":[{"name":"wp","href":"https:\/\/api.w.org\/{rel}","templated":true}]}}