{"id":9287,"date":"2009-05-21T08:20:43","date_gmt":"2009-05-21T05:20:43","guid":{"rendered":"http:\/\/www.korhanyilmaz.com\/?p=9287"},"modified":"2009-05-21T08:20:43","modified_gmt":"2009-05-21T05:20:43","slug":"yazicioglu-hakkinda-yeni-iddia","status":"publish","type":"post","link":"http:\/\/www.korhanyilmaz.com\/?p=9287","title":{"rendered":"Yaz\u0131c\u0131o\u011flu hakk\u0131nda yeni iddia"},"content":{"rendered":"<p style=\"text-align: center;\"><img loading=\"lazy\" decoding=\"async\" class=\"size-full wp-image-9288 aligncenter\" src=\"http:\/\/www.korhanyilmaz.com\/wp-content\/uploads\/2009\/05\/fft27_mf176811.Jpeg\" alt=\"\" width=\"322\" height=\"97\" \/><\/p>\n<p style=\"text-align: justify;\">TBMM Ara\u015ft\u0131rma Komisyonu, Yaz\u0131c\u0131o\u011flu&#8217;nun e\u015fi G\u00fclefer Han\u0131m&#8217;\u0131 dinledi. G\u00fclefer Yaz\u0131c\u0131o\u011flu kazadan sonra e\u015fine evrak, silah, para ve \u00e7antan\u0131n kendisine teslim edilmedi\u011fini s\u00f6yledi.<\/p>\n<p style=\"text-align: justify;\">BBP lideri Muhsin Yaz\u0131c\u0131o\u011flu ile birlikte 5 ki\u015finin daha ya\u015fam\u0131n\u0131 yitirdi\u011fi kaza ve sonras\u0131nda ya\u015fanan kurtarma \u00e7al\u0131\u015fmalar\u0131na ili\u015fkin olu\u015fturulan TBMM Ara\u015ft\u0131rma Komisyonu, d\u00fcn Yaz\u0131c\u0131o\u011flu\u2019nun e\u015fi G\u00fclefer Yaz\u0131c\u0131o\u011flu, BBP y\u00f6neticilerini dinledi. G\u00fclefer Yaz\u0131c\u0131o\u011flu komisyona enkaz\u0131n bulunmas\u0131n\u0131n ard\u0131ndan Yaz\u0131c\u0131o\u011flu\u2019na ait cep telefonunun kendilerine teslim edildi\u011fini, ancak telefonla birlikte e\u015finin silah\u0131n\u0131n, \u00f6zel evrak\u0131n\u0131n ve paras\u0131n\u0131 da koydu\u011fu \u00e7antan\u0131n ise hala ortada olmad\u0131\u011f\u0131n\u0131 s\u00f6yledi. <!--more-->\u201cE\u015fimin \u00e7antas\u0131 nerede?\u201d diye soran G\u00fclefer Yaz\u0131c\u0131o\u011flu, ayr\u0131ca e\u015finin bulundu\u011funda kaza mahallinde 1 metreyi a\u015fk\u0131n kar olmas\u0131na ra\u011fmen ayakkab\u0131n\u0131n alt\u0131nda ve pantolonun dizinde \u00e7amur oldu\u011funu s\u00f6yleyerek, bu \u00e7amurun da a\u00e7\u0131kl\u0131\u011fa kavu\u015fturulmas\u0131n\u0131 istedi.<\/p>\n<p style=\"text-align: justify;\"><span style=\"color: #888888;\">Kaynak: Vatan<\/span><\/p>\n","protected":false},"excerpt":{"rendered":"<p style=\"text-align: center;\">\n<p style=\"text-align: justify;\">TBMM Ara\u015ft\u0131rma Komisyonu, Yaz\u0131c\u0131o\u011flu&#8217;nun e\u015fi G\u00fclefer Han\u0131m&#8217;\u0131 dinledi. G\u00fclefer Yaz\u0131c\u0131o\u011flu kazadan sonra e\u015fine evrak, silah, para ve \u00e7antan\u0131n kendisine teslim edilmedi\u011fini s\u00f6yledi.<\/p>\n<p style=\"text-align: justify;\">BBP lideri Muhsin Yaz\u0131c\u0131o\u011flu ile birlikte 5 ki\u015finin daha ya\u015fam\u0131n\u0131 yitirdi\u011fi kaza ve sonras\u0131nda ya\u015fanan kurtarma \u00e7al\u0131\u015fmalar\u0131na ili\u015fkin olu\u015fturulan TBMM Ara\u015ft\u0131rma Komisyonu, d\u00fcn Yaz\u0131c\u0131o\u011flu\u2019nun e\u015fi G\u00fclefer <\/p>\n","protected":false},"author":1,"featured_media":0,"comment_status":"open","ping_status":"closed","sticky":false,"template":"","format":"standard","meta":{"footnotes":""},"categories":[105],"tags":[],"class_list":["post-9287","post","type-post","status-publish","format-standard","hentry","category-gundem","odd"],"_links":{"self":[{"href":"http:\/\/www.korhanyilmaz.com\/index.php?rest_route=\/wp\/v2\/posts\/9287","targetHints":{"allow":["GET"]}}],"collection":[{"href":"http:\/\/www.korhanyilmaz.com\/index.php?rest_route=\/wp\/v2\/posts"}],"about":[{"href":"http:\/\/www.korhanyilmaz.com\/index.php?rest_route=\/wp\/v2\/types\/post"}],"author":[{"embeddable":true,"href":"http:\/\/www.korhanyilmaz.com\/index.php?rest_route=\/wp\/v2\/users\/1"}],"replies":[{"embeddable":true,"href":"http:\/\/www.korhanyilmaz.com\/index.php?rest_route=%2Fwp%2Fv2%2Fcomments&post=9287"}],"version-history":[{"count":0,"href":"http:\/\/www.korhanyilmaz.com\/index.php?rest_route=\/wp\/v2\/posts\/9287\/revisions"}],"wp:attachment":[{"href":"http:\/\/www.korhanyilmaz.com\/index.php?rest_route=%2Fwp%2Fv2%2Fmedia&parent=9287"}],"wp:term":[{"taxonomy":"category","embeddable":true,"href":"http:\/\/www.korhanyilmaz.com\/index.php?rest_route=%2Fwp%2Fv2%2Fcategories&post=9287"},{"taxonomy":"post_tag","embeddable":true,"href":"http:\/\/www.korhanyilmaz.com\/index.php?rest_route=%2Fwp%2Fv2%2Ftags&post=9287"}],"curies":[{"name":"wp","href":"https:\/\/api.w.org\/{rel}","templated":true}]}}