{"id":9284,"date":"2009-05-20T23:17:21","date_gmt":"2009-05-20T20:17:21","guid":{"rendered":"http:\/\/www.korhanyilmaz.com\/?p=9284"},"modified":"2009-05-20T23:17:21","modified_gmt":"2009-05-20T20:17:21","slug":"cumhurbaskani-hukuki-proseduru-bekliyor","status":"publish","type":"post","link":"http:\/\/www.korhanyilmaz.com\/?p=9284","title":{"rendered":"Cumhurba\u015fkan\u0131 hukuki prosed\u00fcr\u00fc bekliyor"},"content":{"rendered":"<p style=\"text-align: center;\"><img loading=\"lazy\" decoding=\"async\" class=\"size-full wp-image-9285 aligncenter\" title=\"T\u00fcrkiye Cumhuriyeti Cumhurba\u015fkan\u0131 Abdullah G\u00fcl\" src=\"http:\/\/www.korhanyilmaz.com\/wp-content\/uploads\/2009\/05\/Eklyn_Admin_id_8651697039.jpg\" alt=\"T\u00fcrkiye Cumhuriyeti Cumhurba\u015fkan\u0131 Abdullah G\u00fcl\" width=\"280\" height=\"210\" \/><\/p>\n<p style=\"text-align: justify;\">Cumhurba\u015fkan\u0131 Abdullah G\u00fcl, &#8216;Kay\u0131p Trilyon&#8217; davas\u0131nda Sincan 1. A\u011f\u0131r Ceza Mahkemesi&#8217;nin hakk\u0131ndaki takipsizlik karar\u0131n\u0131 kald\u0131rmas\u0131yla ilgili olarak, Hukuki prosed\u00fcr neticelendi\u011finde baz\u0131lar\u0131n\u0131n iddialar\u0131 gibi durum ortaya \u00e7\u0131karsa bu konuda yarg\u0131lanmaktan \u015fahs\u0131m ad\u0131na benim hi\u00e7bir \u015f\u00fcphem, teredd\u00fcd\u00fcm yoktur dedi.<\/p>\n<p style=\"text-align: justify;\">ANKARA &#8211; Cumhurba\u015fkan\u0131 Abdullah G\u00fcl, Sincan 1. A\u011f\u0131r Ceza Mahkemesi\u2019nin hakk\u0131ndaki takipsizlik karar\u0131n\u0131 kald\u0131rmas\u0131yla ilgili olarak, \u201cHukuki prosed\u00fcr neticelendi\u011finde, e\u011fer baz\u0131lar\u0131n\u0131n iddia etti\u011fi gibi bir durum ortaya \u00e7\u0131karsa, bu konuda yarg\u0131lanmaktan \u015fahs\u0131m ad\u0131na benim hi\u00e7bir \u015f\u00fcphem, teredd\u00fct\u00fcm yoktur\u201d dedi. <!--more--><br \/>\nCumhurba\u015fkan\u0131 G\u00fcl, Slovenya Cumhurba\u015fkan\u0131 Danilo T\u00fcrk ile \u00c7ankaya K\u00f6\u015fk\u00fc\u2019nde d\u00fczenledi\u011fi ortak bas\u0131n toplant\u0131s\u0131nda, gazetecilerin Sincan 1. A\u011f\u0131r Ceza Mahkemesi\u2019nin hakk\u0131nda verilen takipsizlik karar\u0131n\u0131 kald\u0131rmas\u0131 ve karar\u0131n zamanlamas\u0131n\u0131 nas\u0131l de\u011ferlendirdi\u011fini sormas\u0131 \u00fczerine, \u015funlar\u0131 s\u00f6yledi: \u201cZamanlamayla ilgili bir \u015fey s\u00f6yleyemem. Zamanlamayla ilgili herhangi bir \u015fey s\u00f6ylersem polemik olur. Yaln\u0131z \u015funu hat\u0131rlatmak isterim; 10 y\u0131l \u00f6nce o zamanki Refah Partisi\u2019nin 10\u2019un \u00fczerinde genel ba\u015fkan yard\u0131mc\u0131s\u0131 vard\u0131. Ben de d\u0131\u015f politikadan sorumlu genel ba\u015fkan yard\u0131mc\u0131s\u0131yd\u0131m ve mali konularla, para i\u015fleriyle hi\u00e7bir yetkisi ve sorumlulu\u011fu olmayan bir ki\u015fiydim ama bu konu daha sonra mahkemelere ta\u015f\u0131nd\u0131. Mahkemeler neticede partinin genel sekreteri dahil olmak \u00fczere b\u00fct\u00fcn genel ba\u015fkan yard\u0131mc\u0131lar\u0131 ve genel muhasibini bu i\u015flerden sorumsuz buldu. Yani beraat ettiler.<br \/>\nBen protokol listesinde bile en sonda gelen ki\u015fiydim ve hi\u00e7bir \u015fekilde para i\u015fleriyle ilgisiz bir ki\u015fiydim ama milletvekili oldu\u011fum i\u00e7in herhangi bir \u015fekilde benimle ilgili yarg\u0131lama s\u00f6z konusu olmad\u0131. Hat\u0131rlarsan\u0131z, ben, bakanken, Ba\u015fbakan Yard\u0131mc\u0131s\u0131 iken, D\u0131\u015fi\u015fleri Bakan\u0131 iken bile bu konu Meclis komisyonlar\u0131na geldi\u011finde bizzat gidip \u2019dokunulmazl\u0131\u011f\u0131m\u0131 kald\u0131rabilirsiniz, kald\u0131r\u0131n\u2019 teklifinde bulunmu\u015f bir ki\u015fiyim. Ama o g\u00fcnk\u00fc \u015fartlarda dokunulmazl\u0131\u011fa farkl\u0131 bak\u0131ld\u0131\u011f\u0131 i\u00e7in bu ger\u00e7ekle\u015fmedi.<br \/>\nYaln\u0131z buna ilaveten \u015funu da hat\u0131rlatmak isterim ki dokunulmazl\u0131k, milletvekili dokunulmazl\u0131\u011f\u0131 hukuk davalar\u0131nda ge\u00e7erli de\u011fildir. Dolay\u0131s\u0131yla hukuk davas\u0131, o zaman di\u011fer genel ba\u015fkan yard\u0131mc\u0131lar\u0131yla birlikte benim i\u00e7in de a\u00e7\u0131ld\u0131 hatta mal varl\u0131\u011f\u0131ma tedbir getirildi. Dolay\u0131s\u0131yla bu dava yap\u0131ld\u0131 ve neticede hi\u00e7bir sorumlulu\u011fumuz olmad\u0131\u011f\u0131 i\u00e7in bu dava reddedildi.<br \/>\nTekrar bu konunun tekrar g\u00fcndeme getirilmesiyle ilgili \u015funu s\u00f6ylemek isterim; Cumhurba\u015fkanl\u0131\u011f\u0131 makam\u0131 T\u00fcrkiye\u2019nin en y\u00fcce makam\u0131d\u0131r. Cumhurba\u015fkan\u0131 T\u00fcrkiye\u2019nin birli\u011fini, beraberli\u011fini ve b\u00fct\u00fcn T\u00fcrk milletini temsil eder. A\u00e7\u0131kcas\u0131, tek kayg\u0131m Cumhurba\u015fkanl\u0131\u011f\u0131 makam\u0131n\u0131n \u2019dokunulmazl\u0131\u011f\u0131 var m\u0131, yok mu\u2019 tart\u0131\u015fmalar\u0131yla zedelenmesidir. \u00c7\u00fcnk\u00fc bunun yans\u0131malar\u0131n\u0131 T\u00fcrkiye i\u00e7inde g\u00f6rmezsiniz, T\u00fcrkiye d\u0131\u015f\u0131nda \u00e7ok daha farkl\u0131 \u015fekilde yans\u0131r. T\u00fcrkiye\u2019nin itibar\u0131yla ilgili konulard\u0131r&#8230;<br \/>\nAma \u015funu da s\u00f6ylemek isterim ki; hukuki prosed\u00fcr neticelendi\u011finde e\u011fer baz\u0131lar\u0131n\u0131n iddia etti\u011fi gibi bir durum ortaya \u00e7\u0131karsa, bu konuda yarg\u0131lanmaktan \u015fahs\u0131m ad\u0131na benim hi\u00e7bir \u015f\u00fcphem, teredd\u00fct\u00fcm yoktur. Bunu da a\u00e7\u0131k\u00e7a ifade etmek isterim. Bu konuyla ilgili herhangi bir endi\u015fe duymad\u0131\u011f\u0131m\u0131 da a\u00e7\u0131k\u00e7a s\u00f6ylerim.<br \/>\nE\u011fer bu hukuki prosed\u00fcr neticelenir ve bunun neticesinde baz\u0131lar\u0131n\u0131n iddia etti\u011fi gibi netice de ortaya \u00e7\u0131karsa o zaman, tekrar s\u00f6yl\u00fcyorum, \u015fahs\u0131m ad\u0131na herhangi bir kayg\u0131m, endi\u015fem s\u00f6z konusu de\u011fildir. Bunu a\u00e7\u0131k\u00e7a t\u00fcm kamuoyuyla payla\u015fmak isterim ve bu konuyu da burada a\u00e7\u0131k\u00e7as\u0131 kesmek isterim.\u201d (aa)<\/p>\n","protected":false},"excerpt":{"rendered":"<p style=\"text-align: center;\">\n<p style=\"text-align: justify;\">Cumhurba\u015fkan\u0131 Abdullah G\u00fcl, &#8216;Kay\u0131p Trilyon&#8217; davas\u0131nda Sincan 1. A\u011f\u0131r Ceza Mahkemesi&#8217;nin hakk\u0131ndaki takipsizlik karar\u0131n\u0131 kald\u0131rmas\u0131yla ilgili olarak, Hukuki prosed\u00fcr neticelendi\u011finde baz\u0131lar\u0131n\u0131n iddialar\u0131 gibi durum ortaya \u00e7\u0131karsa bu konuda yarg\u0131lanmaktan \u015fahs\u0131m ad\u0131na benim hi\u00e7bir \u015f\u00fcphem, teredd\u00fcd\u00fcm yoktur dedi.<\/p>\n<p style=\"text-align: justify;\">ANKARA &#8211; Cumhurba\u015fkan\u0131 Abdullah G\u00fcl, Sincan 1. A\u011f\u0131r Ceza Mahkemesi\u2019nin hakk\u0131ndaki <\/p>\n","protected":false},"author":1,"featured_media":0,"comment_status":"open","ping_status":"closed","sticky":false,"template":"","format":"standard","meta":{"footnotes":""},"categories":[105],"tags":[],"class_list":["post-9284","post","type-post","status-publish","format-standard","hentry","category-gundem","odd"],"_links":{"self":[{"href":"http:\/\/www.korhanyilmaz.com\/index.php?rest_route=\/wp\/v2\/posts\/9284","targetHints":{"allow":["GET"]}}],"collection":[{"href":"http:\/\/www.korhanyilmaz.com\/index.php?rest_route=\/wp\/v2\/posts"}],"about":[{"href":"http:\/\/www.korhanyilmaz.com\/index.php?rest_route=\/wp\/v2\/types\/post"}],"author":[{"embeddable":true,"href":"http:\/\/www.korhanyilmaz.com\/index.php?rest_route=\/wp\/v2\/users\/1"}],"replies":[{"embeddable":true,"href":"http:\/\/www.korhanyilmaz.com\/index.php?rest_route=%2Fwp%2Fv2%2Fcomments&post=9284"}],"version-history":[{"count":0,"href":"http:\/\/www.korhanyilmaz.com\/index.php?rest_route=\/wp\/v2\/posts\/9284\/revisions"}],"wp:attachment":[{"href":"http:\/\/www.korhanyilmaz.com\/index.php?rest_route=%2Fwp%2Fv2%2Fmedia&parent=9284"}],"wp:term":[{"taxonomy":"category","embeddable":true,"href":"http:\/\/www.korhanyilmaz.com\/index.php?rest_route=%2Fwp%2Fv2%2Fcategories&post=9284"},{"taxonomy":"post_tag","embeddable":true,"href":"http:\/\/www.korhanyilmaz.com\/index.php?rest_route=%2Fwp%2Fv2%2Ftags&post=9284"}],"curies":[{"name":"wp","href":"https:\/\/api.w.org\/{rel}","templated":true}]}}