{"id":9268,"date":"2009-05-20T18:26:10","date_gmt":"2009-05-20T15:26:10","guid":{"rendered":"http:\/\/www.korhanyilmaz.com\/?p=9268"},"modified":"2009-05-20T18:26:10","modified_gmt":"2009-05-20T15:26:10","slug":"dtpye-cezaevi-yolunu-adalet-bakanligi-acti","status":"publish","type":"post","link":"http:\/\/www.korhanyilmaz.com\/?p=9268","title":{"rendered":"DTP&#039;ye cezaevi yolunu Adalet Bakanl\u0131\u011f\u0131 a\u00e7t\u0131"},"content":{"rendered":"<p style=\"text-align: center;\"><img loading=\"lazy\" decoding=\"async\" class=\"aligncenter size-full wp-image-9269\" title=\"DTP'ye cezaevi yolunu Adalet Bakanl\u0131\u011f\u0131 a\u00e7t\u0131 \" src=\"http:\/\/www.korhanyilmaz.com\/wp-content\/uploads\/2009\/05\/fft28_mf176214.Jpeg\" alt=\"DTP'ye cezaevi yolunu Adalet Bakanl\u0131\u011f\u0131 a\u00e7t\u0131 \" width=\"306\" height=\"204\" \/><\/p>\n<p class=\"bold\" style=\"text-align: justify;\"><strong>DTP&#8217;li milletvekillerinin ifadelerinin al\u0131nmas\u0131 yolunu a\u00e7an ba\u015fvurunun Adalet Bakanl\u0131\u011f\u0131 taraf\u0131ndan yap\u0131ld\u0131\u011f\u0131 ortaya \u00e7\u0131kt\u0131.<\/strong><\/p>\n<p style=\"text-align: justify;\">TBMM ve AKP\u2019nin, ifade vermeleri i\u00e7in savc\u0131l\u0131\u011fa \u00e7a\u011fr\u0131lan DTP\u2019li milletvekilleri ile ilgili form\u00fcl aray\u0131\u015f\u0131 s\u00fcrerken, DTP\u2019lilere ifadelerinin al\u0131nmas\u0131 ve cezaevi yolunu a\u00e7an ba\u015fvurunun Adalet Bakanl\u0131\u011f\u0131 taraf\u0131ndan yap\u0131ld\u0131\u011f\u0131 ortaya \u00e7\u0131kt\u0131.<br \/>\nBakanl\u0131k, Diyarbak\u0131r 4. A\u011f\u0131r Ceza Mahkemesi\u2019nin, Aysel Tu\u011fluk\u2019un yarg\u0131land\u0131\u011f\u0131 davada Anayasa\u2019n\u0131n 14. maddesinin \u201cdar kapsaml\u0131\u201d yorumlanmas\u0131 gerekti\u011fi y\u00f6n\u00fcndeki karar\u0131n\u0131 yanl\u0131\u015f bularak Yarg\u0131tay\u2019a ta\u015f\u0131d\u0131. <!--more--><\/p>\n<p style=\"text-align: justify;\"><strong>Kapsam d\u0131\u015f\u0131 kald\u0131 <\/strong><br \/>\nYarg\u0131tay da emsal niteli\u011finde bir karara imza atarak Tu\u011fluk ve di\u011fer DTP milletvekilleri hakk\u0131ndaki yarg\u0131laman\u0131n bakanl\u0131\u011f\u0131n istemi do\u011frultusunda 14. madde uyar\u0131nca s\u00fcrd\u00fcr\u00fclmesine h\u00fckmetti.<br \/>\nKarara g\u00f6re TBMM\u2019nin bulaca\u011f\u0131 form\u00fcle ba\u011fl\u0131 olmayan savc\u0131l\u0131k ve mahkemelerin karar\u0131yla DTP\u2019lilerin cezaevine girmesi bile s\u00f6z konusu olabilecek.<br \/>\nDTP\u2019liler hakk\u0131ndaki tart\u0131\u015fma 22 Temmuz 2007\u2019de yap\u0131lan se\u00e7imin hemen ard\u0131ndan ba\u015flad\u0131. 14. maddeye g\u00f6re devletin b\u00f6l\u00fcnmez b\u00fct\u00fcnl\u00fc\u011f\u00fcne y\u00f6nelik su\u00e7larla ilgili davalar\u0131n dokunulmazl\u0131k kapsam\u0131nda olmad\u0131\u011f\u0131 belirtilerek, hakk\u0131nda dava a\u00e7\u0131lan DTP\u2019lilerin yarg\u0131lamalar\u0131n\u0131n s\u00fcrd\u00fcr\u00fclmesi gerekti\u011fi tart\u0131\u015fmas\u0131 ya\u015fand\u0131.Tart\u0131\u015fman\u0131n oda\u011f\u0131nda da cezaevinde tutuklu bulundu\u011fu s\u0131rada milletvekili se\u00e7ilen DTP\u2019li Sebahat Tuncel yer ald\u0131. \u0130stanbul 10. A\u011f\u0131r Ceza Mahkemesi, milletvekili se\u00e7ildikten sonra dokunulmazl\u0131\u011f\u0131 gerek\u00e7esiyle tahliye etti\u011fi Tuncel\u2019in tahliye gerek\u00e7esini ba\u015fsavc\u0131l\u0131\u011f\u0131n itiraz\u0131 \u00fczerine de\u011fi\u015ftirdi.<\/p>\n<p style=\"text-align: justify;\"><strong>Form\u00fcl bulundu! <\/strong><br \/>\nMahkeme dosyan\u0131n dokunulmazl\u0131k kapsam\u0131na girmedi\u011fini ancak delilleri karartma imk\u00e2n\u0131 kalmad\u0131\u011f\u0131ndan tutukluluk haline gerek olmad\u0131\u011f\u0131n\u0131 vurgulad\u0131. Karar milletvekili kimliklerine ra\u011fmen DTP\u2019lilerin de tutuklanabilece\u011fini g\u00f6sterdi.\n<\/p>\n<p style=\"text-align: justify;\"><span style=\"color: #888888;\">(Milliyet)<\/span><\/p>\n","protected":false},"excerpt":{"rendered":"<p style=\"text-align: center;\">\n<p class=\"bold\" style=\"text-align: justify;\">DTP&#8217;li milletvekillerinin ifadelerinin al\u0131nmas\u0131 yolunu a\u00e7an ba\u015fvurunun Adalet Bakanl\u0131\u011f\u0131 taraf\u0131ndan yap\u0131ld\u0131\u011f\u0131 ortaya \u00e7\u0131kt\u0131.<\/p>\n<p style=\"text-align: justify;\">TBMM ve AKP\u2019nin, ifade vermeleri i\u00e7in savc\u0131l\u0131\u011fa \u00e7a\u011fr\u0131lan DTP\u2019li milletvekilleri ile ilgili form\u00fcl aray\u0131\u015f\u0131 s\u00fcrerken, DTP\u2019lilere ifadelerinin al\u0131nmas\u0131 ve cezaevi yolunu a\u00e7an ba\u015fvurunun Adalet Bakanl\u0131\u011f\u0131 taraf\u0131ndan yap\u0131ld\u0131\u011f\u0131 ortaya \u00e7\u0131kt\u0131. Bakanl\u0131k, Diyarbak\u0131r 4. A\u011f\u0131r Ceza <\/p>\n","protected":false},"author":1,"featured_media":0,"comment_status":"open","ping_status":"closed","sticky":false,"template":"","format":"standard","meta":{"footnotes":""},"categories":[105],"tags":[],"class_list":["post-9268","post","type-post","status-publish","format-standard","hentry","category-gundem","odd"],"_links":{"self":[{"href":"http:\/\/www.korhanyilmaz.com\/index.php?rest_route=\/wp\/v2\/posts\/9268","targetHints":{"allow":["GET"]}}],"collection":[{"href":"http:\/\/www.korhanyilmaz.com\/index.php?rest_route=\/wp\/v2\/posts"}],"about":[{"href":"http:\/\/www.korhanyilmaz.com\/index.php?rest_route=\/wp\/v2\/types\/post"}],"author":[{"embeddable":true,"href":"http:\/\/www.korhanyilmaz.com\/index.php?rest_route=\/wp\/v2\/users\/1"}],"replies":[{"embeddable":true,"href":"http:\/\/www.korhanyilmaz.com\/index.php?rest_route=%2Fwp%2Fv2%2Fcomments&post=9268"}],"version-history":[{"count":0,"href":"http:\/\/www.korhanyilmaz.com\/index.php?rest_route=\/wp\/v2\/posts\/9268\/revisions"}],"wp:attachment":[{"href":"http:\/\/www.korhanyilmaz.com\/index.php?rest_route=%2Fwp%2Fv2%2Fmedia&parent=9268"}],"wp:term":[{"taxonomy":"category","embeddable":true,"href":"http:\/\/www.korhanyilmaz.com\/index.php?rest_route=%2Fwp%2Fv2%2Fcategories&post=9268"},{"taxonomy":"post_tag","embeddable":true,"href":"http:\/\/www.korhanyilmaz.com\/index.php?rest_route=%2Fwp%2Fv2%2Ftags&post=9268"}],"curies":[{"name":"wp","href":"https:\/\/api.w.org\/{rel}","templated":true}]}}