{"id":9263,"date":"2009-05-20T17:14:10","date_gmt":"2009-05-20T14:14:10","guid":{"rendered":"http:\/\/www.korhanyilmaz.com\/?p=9263"},"modified":"2009-05-20T17:14:10","modified_gmt":"2009-05-20T14:14:10","slug":"basbakan-erdogan-tegeti-birakti-surtunmeye-gecti","status":"publish","type":"post","link":"http:\/\/www.korhanyilmaz.com\/?p=9263","title":{"rendered":"Ba\u015fbakan Erdo\u011fan te\u011feti b\u0131rakt\u0131 s\u00fcrt\u00fcnmeye ge\u00e7ti"},"content":{"rendered":"<p style=\"text-align: center;\"><img loading=\"lazy\" decoding=\"async\" class=\"aligncenter size-full wp-image-9264\" src=\"http:\/\/www.korhanyilmaz.com\/wp-content\/uploads\/2009\/05\/fft5_mf176359.Jpeg\" alt=\"\" width=\"270\" height=\"181\" \/><\/p>\n<p style=\"text-align: justify;\">T\u00fcrkiye&#8217;de art arda tarihi i\u015fsizlik rakamlar\u0131 a\u00e7\u0131klan\u0131rken Ba\u015fbakan da nihayet krizin te\u011fet ge\u00e7medi\u011fini kabul etti. Ba\u015fbakan Erdo\u011fan, T\u00fcrkiye&#8217;nin ekonomik krizi en az zararla atlatan \u00fclke olaca\u011f\u0131n\u0131 belirterek, \u0130ddiam\u0131 devam ettiriyorum, arkas\u0131nday\u0131m ve &#8216;te\u011fet ge\u00e7ecek&#8217; diyorum. Te\u011fet ge\u00e7mesi demek; bize zarar vermeyecek anlam\u0131nda de\u011fil, s\u00fcrt\u00fcn\u00fcp ge\u00e7ecek dedi.<\/p>\n<p style=\"text-align: justify;\">15. \u0130stanbul Ev Tekstili Fuar\u0131n\u0131n (EVTEKS) a\u00e7\u0131l\u0131\u015f\u0131nda konu\u015fan Erdo\u011fan, 2008\u2019in son \u00e7eyre\u011finde ve 2009\u2019un ilk \u00e7eyre\u011finde ya\u015fanan daralman\u0131n art\u0131k olumluya d\u00f6nd\u00fc\u011f\u00fcn\u00fc g\u00f6rd\u00fcklerini, sanayi \u00fcretiminde kapasite kullan\u0131m oranlar\u0131nda sevindirici bir art\u0131\u015f oldu\u011funu ifade ederek, bunlara paralel enflasyon, faiz ve cari a\u00e7\u0131\u011f\u0131n da \u00f6nemli oranlarda d\u00fc\u015f\u00fc\u015f kaydetti\u011fini bildirdi. <!--more--><br \/>\nBa\u015fbakan Erdo\u011fan, konu\u015fmas\u0131n\u0131 \u015f\u00f6yle s\u00fcrd\u00fcrd\u00fc:<br \/>\nBurada yine dikkat edilirse, Merkez Bankas\u0131 g\u00f6rd\u00fc\u011f\u00fcn\u00fcz gibi 9,25\u2019e inmi\u015f vaziyette. Ayn\u0131 \u015fekilde devletin bor\u00e7lanma faizi y\u00fczde 11-12\u2019ye kadar inmi\u015f durumda. Ama hala \u2019Efendim, biz Merkez Bankas\u0131n\u0131n a\u00e7\u0131klam\u0131\u015f oldu\u011fu faiz oranlar\u0131na inmek durumunda de\u011filiz\u2019 gibi bir yakla\u015f\u0131m i\u00e7inde olan bankac\u0131l\u0131k anlay\u0131\u015f\u0131 var. Ben bu anlay\u0131\u015fa sayg\u0131 duyar\u0131m, ama do\u011fru bulmam. \u00c7\u00fcnk\u00fc bu ac\u0131mas\u0131z bir yakla\u015f\u0131md\u0131r. \u2019Bu acaba kapitalizmin ac\u0131mas\u0131z y\u00fcz\u00fc m\u00fcd\u00fcr?\u2019 diye yakla\u015fanlara biraz hakl\u0131l\u0131k pay\u0131 kazand\u0131r\u0131yor gibi geliyor bana. Onun i\u00e7in burada biraz daha insafl\u0131 olmak durumunday\u0131z. \u0130nsafl\u0131 olaca\u011f\u0131z ki bu dayan\u0131\u015fma ile \u00fclkemiz ayakta kals\u0131n, daha g\u00fc\u00e7l\u00fc hale gelsin, rekabet g\u00fcc\u00fcn\u00fc kaybetmesin. Rekabet g\u00fcc\u00fcnde de bir basamak daha y\u00fckseldik.<\/p>\n<p style=\"text-align: justify;\">S\u00dcRT\u00dcN\u00dcP GE\u00c7ECEK-<br \/>\nBa\u015fbakan Erdo\u011fan, tedbiri elden b\u0131rakmad\u0131klar\u0131n\u0131, her \u015feyin olumlu seyretti\u011fi, krizin art\u0131k geride kald\u0131\u011f\u0131 iddias\u0131nda da olmad\u0131klar\u0131n\u0131 belirterek, \u015f\u00f6yle devam etti:<br \/>\nBenim iddiam \u015fu; biz bu krizi en az zararla atlatan \u00fclke olaca\u011f\u0131z. Bizim i\u00e7in bu y\u0131l evvel Allah i\u015fin sonudur. Ve biz bu y\u0131l sonuna do\u011fru da bunun par\u0131lt\u0131lar\u0131n\u0131 g\u00f6rece\u011fiz. \u0130ddiam\u0131 devam ettiriyorum, arkas\u0131nday\u0131m ve \u2019te\u011fet ge\u00e7ecek\u2019 diyorum. Ayn\u0131&#8230; Te\u011fet ge\u00e7mesi demek; bize zarar vermeyecek anlam\u0131nda de\u011fil, s\u00fcrt\u00fcn\u00fcp ge\u00e7ecek. Ama s\u00fcrt\u00fcn\u00fcrken tabii bize de bir hasar verecek. Onun i\u00e7in moralleri y\u00fcksek tutaca\u011f\u0131z. Kriz ortam\u0131ndan \u00e7ok kriz sonras\u0131na yo\u011funla\u015fman\u0131n, hem sekt\u00f6rlerimiz hem de \u00fclkemiz i\u00e7in \u00e7ok daha yararl\u0131 sonu\u00e7lar do\u011furaca\u011f\u0131n\u0131 da g\u00f6rebiliyoruz.<br \/>\nT\u00fcrkiye, kriz s\u00fcrecindeki sa\u011flam duru\u015funu mutlaka kriz sonras\u0131na da ta\u015f\u0131yacak ve istikrarl\u0131 b\u00fcy\u00fcme e\u011filimini devam ettirecektir. T\u00fcm sekt\u00f6r temsilcilerimizin, \u00f6zellikle de T\u00fcrkiye\u2019nin lokomotif sekt\u00f6r\u00fc tekstilin karamsarl\u0131\u011fa kap\u0131lmadan, moral bozucu s\u00f6ylemlere kulak asmadan gelece\u011fe odaklanmas\u0131n\u0131 bilhassa sizlerden rica ediyorum.<br \/>\nErdo\u011fan, 6,5 y\u0131ll\u0131k s\u00fcre i\u00e7inde T\u00fcrkiye i\u00e7in tarihi nitelikte ba\u015far\u0131lara imza att\u0131klar\u0131n\u0131, hep birlikte T\u00fcrkiye\u2019yi \u00e7ok farkl\u0131 kulvarlara ta\u015f\u0131d\u0131klar\u0131n\u0131 belirterek, Ama ne yaz\u0131k ki felaket tellallar\u0131 susmuyor. Bunlar felaket tellall\u0131\u011f\u0131 yapacak, ama siz i\u015fin i\u00e7indesiniz. Siz i\u015fi bilensiniz. Dolay\u0131s\u0131yla bizler moralleri nas\u0131l y\u00fcksek tutaca\u011f\u0131z ki daha iyi bir konuma gelelim, bunun psikolojik y\u00f6netimini hep birlikte yapal\u0131m. Bunu sizlerle beraber oturarak, konu\u015farak, dertle\u015ferek, bug\u00fcne kadar nas\u0131l getirdiysek, bundan sonra da ayn\u0131 \u015fekilde in\u015fallah getirece\u011fiz diye konu\u015ftu.<br \/>\nBa\u015fbakan Erdo\u011fan, fuar\u0131n yurt d\u0131\u015f\u0131ndan kat\u0131lan misafirler a\u00e7\u0131s\u0131ndan da ayr\u0131 bir \u00f6nemi bulundu\u011funu vurgulayarak, bu misafirlerin fuar vesilesiyle \u0130stanbul gibi bir d\u00fcnya \u015fehrini yak\u0131ndan tan\u0131ma imkan\u0131 bulaca\u011f\u0131n\u0131, bu \u015fehrin e\u015fsiz g\u00fczelli\u011fiyle bulu\u015faca\u011f\u0131n\u0131 anlatt\u0131.<br \/>\n\u0130stanbul\u2019un bu ak\u015fam UEFA Kupas\u0131 final ma\u00e7\u0131na da ev sahipli\u011fi yapaca\u011f\u0131n\u0131 an\u0131msatan Erdo\u011fan, toplant\u0131ya kat\u0131lanlardan ma\u00e7\u0131 izlemelerini istedi.<br \/>\n\u0130stanbul\u2019un \u015fu anda uluslararas\u0131 fuarlar\u0131n, kongrelerin d\u00fczenlendi\u011fi bir cazibe merkezi haline geldi\u011fini belirten Erdo\u011fan, h\u00fck\u00fcmet olarak ba\u015fta \u0130stanbul olmak \u00fczere Antalya, Ankara ve \u0130zmir gibi \u015fehirlerde bu t\u00fcr organizasyonlar\u0131 art\u0131rmak i\u00e7in \u00e7al\u0131\u015ft\u0131klar\u0131n\u0131 vurgulad\u0131.<br \/>\nErdo\u011fan, konu\u015fmas\u0131n\u0131n ard\u0131ndan beraberindekilerle fuar\u0131n a\u00e7\u0131l\u0131\u015f\u0131n\u0131 ger\u00e7ekle\u015ftirdi.<br \/>\nBu arada, T\u00fcrkiye Ev Tekstili ve Sanayicileri Derne\u011fi Ba\u015fkan\u0131 Recep Tanr\u0131verdi, g\u00fcn\u00fcn an\u0131s\u0131na Ba\u015fbakan Erdo\u011fan\u2019a ipek d\u00f6\u015femelik kuma\u015f\u0131n yer ald\u0131\u011f\u0131 bir tablo hediye etti. <span style=\"color: #888888;\">(aa)<\/span><\/p>\n","protected":false},"excerpt":{"rendered":"<p style=\"text-align: center;\">\n<p style=\"text-align: justify;\">T\u00fcrkiye&#8217;de art arda tarihi i\u015fsizlik rakamlar\u0131 a\u00e7\u0131klan\u0131rken Ba\u015fbakan da nihayet krizin te\u011fet ge\u00e7medi\u011fini kabul etti. Ba\u015fbakan Erdo\u011fan, T\u00fcrkiye&#8217;nin ekonomik krizi en az zararla atlatan \u00fclke olaca\u011f\u0131n\u0131 belirterek, \u0130ddiam\u0131 devam ettiriyorum, arkas\u0131nday\u0131m ve &#8216;te\u011fet ge\u00e7ecek&#8217; diyorum. Te\u011fet ge\u00e7mesi demek; bize zarar vermeyecek anlam\u0131nda de\u011fil, s\u00fcrt\u00fcn\u00fcp ge\u00e7ecek dedi.<\/p>\n<p style=\"text-align: justify;\">15. \u0130stanbul <\/p>\n","protected":false},"author":1,"featured_media":0,"comment_status":"open","ping_status":"closed","sticky":false,"template":"","format":"standard","meta":{"footnotes":""},"categories":[105],"tags":[],"class_list":["post-9263","post","type-post","status-publish","format-standard","hentry","category-gundem","odd"],"_links":{"self":[{"href":"http:\/\/www.korhanyilmaz.com\/index.php?rest_route=\/wp\/v2\/posts\/9263","targetHints":{"allow":["GET"]}}],"collection":[{"href":"http:\/\/www.korhanyilmaz.com\/index.php?rest_route=\/wp\/v2\/posts"}],"about":[{"href":"http:\/\/www.korhanyilmaz.com\/index.php?rest_route=\/wp\/v2\/types\/post"}],"author":[{"embeddable":true,"href":"http:\/\/www.korhanyilmaz.com\/index.php?rest_route=\/wp\/v2\/users\/1"}],"replies":[{"embeddable":true,"href":"http:\/\/www.korhanyilmaz.com\/index.php?rest_route=%2Fwp%2Fv2%2Fcomments&post=9263"}],"version-history":[{"count":0,"href":"http:\/\/www.korhanyilmaz.com\/index.php?rest_route=\/wp\/v2\/posts\/9263\/revisions"}],"wp:attachment":[{"href":"http:\/\/www.korhanyilmaz.com\/index.php?rest_route=%2Fwp%2Fv2%2Fmedia&parent=9263"}],"wp:term":[{"taxonomy":"category","embeddable":true,"href":"http:\/\/www.korhanyilmaz.com\/index.php?rest_route=%2Fwp%2Fv2%2Fcategories&post=9263"},{"taxonomy":"post_tag","embeddable":true,"href":"http:\/\/www.korhanyilmaz.com\/index.php?rest_route=%2Fwp%2Fv2%2Ftags&post=9263"}],"curies":[{"name":"wp","href":"https:\/\/api.w.org\/{rel}","templated":true}]}}