{"id":9180,"date":"2009-05-17T18:28:55","date_gmt":"2009-05-17T15:28:55","guid":{"rendered":"http:\/\/www.korhanyilmaz.com\/?p=9180"},"modified":"2009-05-17T18:28:55","modified_gmt":"2009-05-17T15:28:55","slug":"tbmm-baskani-koksal-toptandtpliler-icin-allah-sahit-cirpiniyorum","status":"publish","type":"post","link":"http:\/\/www.korhanyilmaz.com\/?p=9180","title":{"rendered":"TBMM Ba\u015fkan\u0131 K\u00f6ksal Toptan:DTP&#039;liler i\u00e7in Allah \u015eahit \u00c7\u0131rp\u0131n\u0131yorum"},"content":{"rendered":"<p style=\"text-align: center;\"><img loading=\"lazy\" decoding=\"async\" class=\"aligncenter size-full wp-image-9181\" src=\"http:\/\/www.korhanyilmaz.com\/wp-content\/uploads\/2009\/05\/fft28_mf174564.Jpeg\" alt=\"\" width=\"306\" height=\"204\" \/><\/p>\n<p style=\"text-align: justify;\">Toptan, DTP&#8217;li be\u015f milletvekilinin s\u00fcren davalar\u0131yla ilgili savunmalar\u0131n\u0131n al\u0131nmas\u0131 talebine ili\u015fkin geli\u015fmeleri anlatt\u0131.<\/p>\n<p style=\"text-align: justify;\">\u0130STANBUL &#8211; Cumhurba\u015fkan\u0131 Vekili ve T\u00fcrkiye B\u00fcy\u00fck Millet Meclisi (TBMM) Ba\u015fkan\u0131 K\u00f6ksal Toptan, DTP\u2019li 5 milletvekilinin s\u00fcren davalar\u0131yla ilgili savunmalar\u0131n\u0131n al\u0131nmas\u0131 konusunda ortam\u0131 gerginle\u015ftirmenin kimseye yarar\u0131 bulunmad\u0131\u011f\u0131n\u0131 belirterek, \u201cKim ne d\u00fc\u015f\u00fcyorsa, kim ne \u00e7are buluyorsa, ben T\u00fcrkiye B\u00fcy\u00fck Millet Meclisi olarak ona a\u00e7\u0131\u011f\u0131m\u201d dedi.<br \/>\nK\u00f6ksal Toptan, Dolmabah\u00e7e Saray\u0131\u2019nda sabah kahvalt\u0131s\u0131nda bir araya geldi\u011fi medya temsilcilerinin g\u00fcndeme ili\u015fkin sorular\u0131n\u0131 yan\u0131tlad\u0131. DTP\u2019li milletvekillerinin savunmalar\u0131n\u0131n al\u0131nmas\u0131 konusundaki soru \u00fczerine Toptan, s\u00fcrece ili\u015fkin bilgi verdi. <!--more--><br \/>\nDiyarbak\u0131r, Adana ve \u0130stanbul mahkemelerinin talimat\u0131 \u00fczerine Ankara 11 A\u011f\u0131r. Ceza Mahkemesinin yaz\u0131s\u0131n\u0131n TBMM\u2019ye ula\u015ft\u0131\u011f\u0131n\u0131 anlatan Toptan, \u015funlar\u0131 s\u00f6yledi:<br \/>\nArkada\u015flar\u0131m\u0131z hukuki i\u015flem olarak bu 5 milletvekiline birer yaz\u0131 yazd\u0131, mahkeme yaz\u0131s\u0131n\u0131 da eke koyarak bana getirdi. Ben onu imzalamad\u0131m. Kanunlar M\u00fcd\u00fcrl\u00fc\u011f\u00fcm\u00fczle isti\u015fare edip, bunun bir s\u00fcre tutulmas\u0131n\u0131n ve bu arada benim bir tak\u0131m giri\u015fimlerde bulunmam\u0131n do\u011fru olaca\u011f\u0131 sonucuna vard\u0131k. Ben, o arada Adalet Bakan\u0131 ve \u0130\u00e7i\u015fleri Bakan\u0131 ile herhangi bir emrivaki ile kar\u015f\u0131 kar\u015f\u0131ya kalma ihtimaline kar\u015f\u0131l\u0131k temaslar kurdum, kendilerine bilgi verdim. O \u00e7al\u0131\u015fmalar s\u00fcrerken, bizim kendi i\u00e7 b\u00fcrokrasimizde bir yanl\u0131\u015f anlama sonucu bu yaz\u0131lar genel sekreterimizin imzas\u0131yla milletvekili arkada\u015flar\u0131m\u0131za g\u00f6nderilmi\u015f. Ben bir g\u00fcn sonra haber ald\u0131m ve derhal bu yaz\u0131lar\u0131n geri al\u0131nmas\u0131n\u0131n sa\u011flanmas\u0131n\u0131 rica ettim. 4 tanesi geri al\u0131nd\u0131. 1 milletvekili, Say\u0131n Aysel Tu\u011fluk Ankara d\u0131\u015f\u0131nda oldu\u011fu i\u00e7in telefon temas\u0131 kuruldu. \u00c7ar\u015famba g\u00fcn\u00fc Ankara\u2019ya gelece\u011fini ve yaz\u0131y\u0131 bize iade edece\u011fini s\u00f6yledi\n<\/p>\n<p style=\"text-align: justify;\"><strong>-ALLAH \u015eAH\u0130T \u00c7IRPINIYORUM- <\/strong><\/p>\n<p style=\"text-align: justify;\">Bunlar\u0131 hukukun \u00fcst\u00fcnl\u00fc\u011f\u00fc, yasama dokunulmazl\u0131\u011f\u0131n\u0131n daha yumu\u015fak yorumlanmas\u0131 gerekti\u011finin sonucu olarak yapt\u0131\u011f\u0131n\u0131 belirten Toptan, bu arada \u00f6zellikle ceza usul hukuk\u00e7ular\u0131yla da temas kurmaya \u00e7al\u0131\u015ft\u0131\u011f\u0131n\u0131 belirtti. Bir \u00e7\u0131k\u0131\u015f yolu, makul bir yol, eskiyi hat\u0131rlatan g\u00f6r\u00fcnt\u00fclerin \u00f6nlemek ve m\u00fcmk\u00fcnse yasama dokunulmazl\u0131\u011f\u0131 kavram\u0131na yeni bir yorum getirmek i\u00e7in \u00e7aba sarf etti\u011fini kaydeden Toptan, \u015f\u00f6yle devam etti:<br \/>\n\u201cAma bu arada zaman zaman gazeteci arkada\u015flar\u0131m\u0131zla konuyu konu\u015furken, do\u011fal olarak ben fikrimi nas\u0131l anlatay\u0131m, Anayasan\u0131n 83. maddesini s\u00f6yl\u00fcyorum. 83. maddenin at\u0131f yapt\u0131\u011f\u0131 14. maddeyi s\u00f6yl\u00fcyorum ve o h\u00fck\u00fcmleri yorumluyorum. Diyorum ki Anayasan\u0131n 83. maddesi, 14. maddesi beraber ele al\u0131nd\u0131\u011f\u0131nda ve Yarg\u0131tay 9. Ceza Dairesinin de bundan \u00f6nce vermi\u015f oldu\u011fu bir karar dikkate al\u0131nd\u0131\u011f\u0131nda, se\u00e7imden \u00f6nce Anayasan\u0131n 14. maddesinin kapsam\u0131na giren su\u00e7un i\u015flenmesinin soru\u015fturmaya ba\u015flanmas\u0131 halinde dokunulmazl\u0131k kapsam\u0131 d\u0131\u015f\u0131nda kal\u0131yor. Benim yorumum de\u011fil. Anayasan\u0131n lafz\u0131n\u0131n ve o lafz\u0131 yorumlayan Yarg\u0131tay 9. Ceza Dairesinin yorumu. Ben onu s\u00f6yl\u00fcyorum ama baz\u0131 gazetelerimiz baz\u0131 k\u00f6\u015fe yazar\u0131 arkada\u015flar\u0131m\u0131z, sanki ben b\u00f6yle istiyormu\u015fum gibi yans\u0131t\u0131yor. Haks\u0131zl\u0131k oluyor. Ben burada Allah \u015fahit \u00e7\u0131rp\u0131n\u0131yorum. \u0130stemiyorum \u00f6yle bir g\u00f6r\u00fcnt\u00fc&#8230; \u0130\u00e7i\u015fleri Bakan\u0131\u2019na rica ediyorum ki \u2019aman size b\u00f6yle bir \u015fey gelirse, sizin polise, sak\u0131n bizle konu\u015fmadan bir \u015fey yapmay\u0131n\u2019. Ben b\u00f6yle \u00e7\u0131rp\u0131n\u0131rken, bir \u00e7\u0131k\u0131\u015f yolu bulmaya \u00e7al\u0131\u015f\u0131rken, bunun yanl\u0131\u015f de\u011ferlendirilmesi beni do\u011frusunu isterseniz \u00fcz\u00fcyor.\u201d\n<\/p>\n<p style=\"text-align: justify;\"><strong>-ANAYASA DE\u011e\u0130\u015e\u0130KL\u0130\u011e\u0130 GEREKL\u0130- <\/strong><\/p>\n<p style=\"text-align: justify;\">S\u00f6z konusu yaz\u0131lar\u0131 tuttuklar\u0131n\u0131 belirten Toptan, \u201cNe yapabiliriz biz? Biz mahkemeye yaz\u0131 g\u00f6nderebiliriz. Deriz ki \u2019bu bizim i\u015fimiz de\u011fil, tebligat&#8230;\u2019 Bunu nas\u0131l isterseniz yap\u0131n. Bu i\u015fin kolayc\u0131l\u0131\u011f\u0131 ve kanunili\u011fi&#8230; Bizi sorumluluktan belki kurtar\u0131yor ama sorunu \u00e7\u00f6zm\u00fcyor. Niye? B\u00f6yle bir talebi mahkemeye iade yapt\u0131\u011f\u0131n\u0131z zaman, o yasalar\u0131n kendisine vermi\u015f oldu\u011fu, ifadesine g\u00f6re zorunluluk nedeniyle ihzar m\u00fczekkeresi \u00e7\u0131kar\u0131p bu arkada\u015flar\u0131m\u0131z\u0131 nerede bulursa, Meclis\u2019te ku\u015fkusuz izin vermeyiz, al\u0131p g\u00f6t\u00fcr\u00fcp savunmalar\u0131n\u0131 almaya te\u015febb\u00fcs edecek. Bu benim ne dile\u011fim, ne olmas\u0131n\u0131 istedi\u011fim bir \u015fey\u201d diye konu\u015ftu.<br \/>\nBu konuda Anayasa de\u011fi\u015fikli\u011fi gerekti\u011fini belirten Toptan, \u015funlar\u0131 s\u00f6yledi:<br \/>\n\u201cAnayasay\u0131 de\u011fi\u015ftirmek de \u00f6n\u00fcm\u00fczdeki sorunlardan bir ba\u015fkas\u0131. Ben \u0131srarla Eyl\u00fcl ay\u0131ndan itibaren bir Anayasa Uzla\u015fma Komisyonu kural\u0131m, her partinin Anayasa de\u011fi\u015fikli\u011fi ile ilgili d\u00fc\u015f\u00fcncelerini, taleplerini, \u00f6nerilerini, masan\u0131n \u00fcst\u00fcne koyal\u0131m, bunlar i\u00e7erisinde \u00f6rt\u00fc\u015fenleri tespit edelim. S\u00fcratle onlarla ilgili bir Anayasa de\u011fi\u015fikli\u011fi yapal\u0131m, geriye uzla\u015f\u0131lamaz maddeler kal\u0131yorsa, onlar\u0131 bir ikinci paket olarak partilerin veya herhangi bir partinin kendi inisiyatifine b\u0131rakal\u0131m diye \u00e7\u0131rp\u0131n\u0131yorum. Ama do\u011frusunu isterseniz o konuda bir noktaya gelebilmi\u015f de\u011filiz. Bundan sonra ne olur? K\u00f6t\u00fc bir \u015fey olsun istemiyorum.\u201d\n<\/p>\n<p style=\"text-align: justify;\"><strong>-GERG\u0130NL\u0130\u011e\u0130N FAYDASI YOK- <\/strong><\/p>\n<p style=\"text-align: justify;\">Adalet Bakan\u0131 ve ceza usulu hukuk\u00e7ular\u0131yla g\u00f6r\u00fc\u015fmeye devam ettiklerini belirten Toptan, \u015f\u00f6yle devam etti:<br \/>\n\u201cBen, T\u00fcrkiye\u2019nin yeni bir siyasi gerginlik ya\u015famamas\u0131 i\u00e7in, bir de TBMM \u00fcyeleri oldu\u011fu i\u00e7in onlar\u0131n haklar\u0131n\u0131 korumaya da \u00e7al\u0131\u015f\u0131yorum. \u015eimdiye kadar onlara yakla\u015f\u0131m\u0131m nas\u0131lsa, bundan sonra da \u00f6yle olacakt\u0131r. DTP\u2019li arkada\u015flar\u0131n b\u00fct\u00fcn talepleri taraf\u0131mdan yerine getirilmi\u015ftir. 338 ki\u015filik AK Parti grubuyla, Demokratik Toplum Partisinin 21 tane milletvekili arkada\u015f aras\u0131nda benim a\u00e7\u0131mdan fark\u0131 yoktur. Ama onlar\u0131n beyanlar\u0131n\u0131 g\u00f6r\u00fcyorum gazetelerde, do\u011frusunu isterseniz \u00fcz\u00fcl\u00fcyorum. Yani buradan siyasi bir rant elde etmek istiyorlar, onlar\u0131n do\u011frusunu isterseniz yak\u0131\u015ft\u0131ramamam. Yani polis gelsin bizim kap\u0131m\u0131za dayans\u0131n, o g\u00f6r\u00fcnt\u00fcler ortaya \u00e7\u0131ks\u0131n, b\u00f6yle bir \u015fey d\u00fc\u015f\u00fcn\u00fcrler diyen arkada\u015flar\u0131ma bu konuda yak\u0131\u015ft\u0131ramam. Ama ortam\u0131 bu nedenle gerginle\u015ftirmekten bence kimseye yarar\u0131 yok. Kim ne d\u00fc\u015f\u00fcyorsa, kim ne \u00e7are buluyorsa ben T\u00fcrkiye B\u00fcy\u00fck Millet Meclisi olarak ona a\u00e7\u0131\u011f\u0131m. Kim bu konuda \u015f\u00f6yle bunu iyi \u00e7\u00f6zebiliriz, \u015f\u00f6yle sorunsuz bu sorunu atlatabiliriz diye bir \u00f6neride bulunuyorsa onu almaya ve tatbik etmeye ben haz\u0131r\u0131m.\u201d\n<\/p>\n<p style=\"text-align: justify;\"><strong>-BUNU A\u015eACA\u011eIMIZA \u0130NANIYORUM- <\/strong><\/p>\n<p style=\"text-align: justify;\">K\u00f6ksal Toptan bir soru \u00fczerine, Meclisin burada bir inisiyatifi, takdir hakk\u0131 olmad\u0131\u011f\u0131n\u0131, Meclis Ba\u015fkan\u0131 olarak mahkemeye bir \u015fey s\u00f6ylemeye imkan\u0131 bulunmad\u0131\u011f\u0131n\u0131 hat\u0131rlatarak \u015funlar\u0131 s\u00f6yledi:<br \/>\n\u201cT\u00fcrkiye, bu konularda bir tak\u0131m olumlu tart\u0131\u015fmalar i\u00e7ine girdi\u011fi anda, ben siyaset\u00e7iyim ayn\u0131 zamanda parlamentonun ba\u015fkan\u0131y\u0131m ama bir de siyaset\u00e7iyim \u00e7ok \u00f6nemli, \u00e7ok olumlu tart\u0131\u015fmalar\u0131n yap\u0131ld\u0131\u011f\u0131 bir anda b\u00f6yle bir geli\u015fimin yaratabilece\u011fi olumsuz etkiyi \u00e7ok iyi biliyorum. Tela\u015f\u0131m da ondan. Burada en ufak bir \u0131\u015f\u0131k g\u00f6rsem, Anayasa de\u011fi\u015fikli\u011fini s\u00fcratle ger\u00e7ekle\u015ftirebiliriz ama partilerimizin bu konularda uzla\u015f\u0131 sa\u011flamas\u0131 laz\u0131m. \u00d6n\u00fcm\u00fczdeki g\u00fcnlerde belki Anayasa de\u011fi\u015fiklikleri ile ilgili bir tak\u0131m \u00e7al\u0131\u015fmalar yapaca\u011f\u0131z. Belki o \u00e7er\u00e7evede bu konuda g\u00fcndeme gelebilir.\u201d<br \/>\nKonunun g\u00fcnl\u00fck siyasetin tart\u0131\u015fma alan\u0131na \u00e7ekilmemesinin iyi olaca\u011f\u0131n belirten Toptan, \u201cAdalet Bakan\u0131 \u00e7al\u0131\u015f\u0131yor. Ben elimden geleni yap\u0131yorum. Bu s\u00fcrecin b\u00f6yle g\u00f6t\u00fcr\u00fclmesinde \u015fu a\u015famada yarar var. Ben sonucu iyi g\u00f6r\u00fcyorum. Bunu a\u015faca\u011f\u0131m\u0131za inan\u0131yorum. Sa\u011fduyunun, makul d\u00fc\u015f\u00fcncenin egemen olaca\u011f\u0131na inan\u0131yorum\u201d diye konu\u015ftu.\n<\/p>\n<p style=\"text-align: justify;\"><span style=\"color: #888888;\">AA<\/span><\/p>\n","protected":false},"excerpt":{"rendered":"<p style=\"text-align: center;\">\n<p style=\"text-align: justify;\">Toptan, DTP&#8217;li be\u015f milletvekilinin s\u00fcren davalar\u0131yla ilgili savunmalar\u0131n\u0131n al\u0131nmas\u0131 talebine ili\u015fkin geli\u015fmeleri anlatt\u0131.<\/p>\n<p style=\"text-align: justify;\">\u0130STANBUL &#8211; Cumhurba\u015fkan\u0131 Vekili ve T\u00fcrkiye B\u00fcy\u00fck Millet Meclisi (TBMM) Ba\u015fkan\u0131 K\u00f6ksal Toptan, DTP\u2019li 5 milletvekilinin s\u00fcren davalar\u0131yla ilgili savunmalar\u0131n\u0131n al\u0131nmas\u0131 konusunda ortam\u0131 gerginle\u015ftirmenin kimseye yarar\u0131 bulunmad\u0131\u011f\u0131n\u0131 belirterek, \u201cKim ne d\u00fc\u015f\u00fcyorsa, kim ne \u00e7are buluyorsa, <\/p>\n","protected":false},"author":1,"featured_media":0,"comment_status":"open","ping_status":"closed","sticky":false,"template":"","format":"standard","meta":{"footnotes":""},"categories":[105],"tags":[],"class_list":["post-9180","post","type-post","status-publish","format-standard","hentry","category-gundem","odd"],"_links":{"self":[{"href":"http:\/\/www.korhanyilmaz.com\/index.php?rest_route=\/wp\/v2\/posts\/9180","targetHints":{"allow":["GET"]}}],"collection":[{"href":"http:\/\/www.korhanyilmaz.com\/index.php?rest_route=\/wp\/v2\/posts"}],"about":[{"href":"http:\/\/www.korhanyilmaz.com\/index.php?rest_route=\/wp\/v2\/types\/post"}],"author":[{"embeddable":true,"href":"http:\/\/www.korhanyilmaz.com\/index.php?rest_route=\/wp\/v2\/users\/1"}],"replies":[{"embeddable":true,"href":"http:\/\/www.korhanyilmaz.com\/index.php?rest_route=%2Fwp%2Fv2%2Fcomments&post=9180"}],"version-history":[{"count":0,"href":"http:\/\/www.korhanyilmaz.com\/index.php?rest_route=\/wp\/v2\/posts\/9180\/revisions"}],"wp:attachment":[{"href":"http:\/\/www.korhanyilmaz.com\/index.php?rest_route=%2Fwp%2Fv2%2Fmedia&parent=9180"}],"wp:term":[{"taxonomy":"category","embeddable":true,"href":"http:\/\/www.korhanyilmaz.com\/index.php?rest_route=%2Fwp%2Fv2%2Fcategories&post=9180"},{"taxonomy":"post_tag","embeddable":true,"href":"http:\/\/www.korhanyilmaz.com\/index.php?rest_route=%2Fwp%2Fv2%2Ftags&post=9180"}],"curies":[{"name":"wp","href":"https:\/\/api.w.org\/{rel}","templated":true}]}}