{"id":9173,"date":"2009-05-17T22:10:42","date_gmt":"2009-05-17T20:10:42","guid":{"rendered":"http:\/\/www.korhanyilmaz.com\/?p=9173"},"modified":"2009-05-17T22:10:42","modified_gmt":"2009-05-17T20:10:42","slug":"dspnin-yeni-lideri-masum-turker","status":"publish","type":"post","link":"http:\/\/www.korhanyilmaz.com\/?p=9173","title":{"rendered":"DSP&#039;nin yeni lideri Masum T\u00fcrker"},"content":{"rendered":"<p style=\"text-align: center;\"><img loading=\"lazy\" decoding=\"async\" class=\"aligncenter size-full wp-image-9174\" title=\"Masum T\u00fcrker\" src=\"http:\/\/www.korhanyilmaz.com\/wp-content\/uploads\/2009\/05\/fft5_mf174576.Jpeg\" alt=\"Masum T\u00fcrker\" width=\"315\" height=\"213\" \/><\/p>\n<p style=\"text-align: justify;\"><strong>DSP&#8217;nin Ola\u011fan\u00fcst\u00fc Kurultay\u0131&#8217;nda Genel Ba\u015fkanl\u0131\u011fa 431 oy alan Masum T\u00fcrker  se\u00e7ildi.<\/strong><\/p>\n<p style=\"text-align: justify;\">DSP Genel Ba\u015fkan\u0131 Zeki Sezer&#8217;in istifas\u0131 \u00fczerine toplanan olagan\u00fcst\u00fc kongrede, muhalefet varl\u0131k g\u00f6steremezken, Sezer, eski genel sekteri Masum T\u00fcrker ile yar\u0131\u015ft\u0131. T\u00fcrker, ipi g\u00f6\u011f\u00fcsleyen isim oldu. \u0130stifa ettikten sonra, genel ba\u015fkanl\u0131\u011fa geri d\u00f6nmeye \u00e7al\u0131\u015fan Sezer ise, kaybederek genel ba\u015fkanl\u0131ktan ayr\u0131lm\u0131\u015f oldu. DSP i\u00e7indeki Rah\u015fan Ecevit-Zeki Sezer \u00e7atla\u011f\u0131n\u0131n sonucu ortaya \u00e7\u0131kan &#8220;DSP iki b\u00f6l\u00fcnme tehlikesi ile kar\u015f\u0131 kar\u015f\u0131ya&#8221; s\u00f6ylemi, kurultay k\u00fcrs\u00fcs\u00fcnden seslendirildi. <!--more--><\/p>\n<p style=\"text-align: justify;\">DSP kurultay\u0131nda, bir s\u00fcre \u00f6nce kendisine y\u00f6nelik bir suikasttan kurtulan eski Adalet Bakan\u0131 Hikmet Sami T\u00fcrk, ortak \u00f6neri ile kurultay ba\u015fkanl\u0131\u011f\u0131na getirildi. Muhaliflerin, kurultayda genel ba\u015fkan\u0131n yan\u0131s\u0131ra Parti Meclisi se\u00e7imleri yap\u0131lmas\u0131na ili\u015fkin \u00f6nergesi ise, olagan\u00fcst\u00fc kurultay oldu\u011fu gerek\u00e7esiyle reddedildi.<\/p>\n<p style=\"text-align: justify;\"><strong>Aday rekoru k\u0131r\u0131ld\u0131.<\/strong><\/p>\n<p style=\"text-align: justify;\">Genel ba\u015fkanl\u0131k adayl\u0131\u011f\u0131 i\u00e7in herhangi bir delegfe kotas\u0131 uygulanmad\u0131\u011f\u0131 i\u00e7in genel ba\u015fkanl\u0131k i\u00e7in 16 ki\u015fi ba\u015fvurdu. Bu adaylar\u0131n b\u00fcy\u00fck bir b\u00f6l\u00fcm\u00fc konu\u015fmalar\u0131n\u0131 sonunda Sezer&#8217;in lehine adayl\u0131ktan \u00e7ekildi.<\/p>\n<p style=\"text-align: justify;\"><strong>&#8216;Yanda\u015f aday&#8217; takti\u011fi<\/strong><\/p>\n<p style=\"text-align: justify;\">Muhalifler, bu duruma itiraz ederek, &#8220;muhaliflerin konu\u015fma s\u00fcrelerini k\u0131saltmak, ve Sezer&#8217;i g\u00fc\u00e7l\u00fc g\u00f6stermeye d\u00f6n\u00fck taktiksel&#8221; ama\u00e7 oldu\u011funu savundu. Sezer de fazla aday \u00e7\u0131kt\u0131\u011f\u0131 i\u00e7in konu\u015fmas\u0131n\u0131 k\u0131sa kesmek zorunda kalmaktan yak\u0131nca kendisinden sonra konu\u015fan T\u00fcrker, &#8220;Bazen taktikler ters teper. Taktik adaylardan dolay\u0131 s\u00fcre k\u0131salt\u0131r\u0131l\u0131r, hakl\u0131 oldu\u011funuzu anlatamazs\u0131n\u0131z&#8221; diyerek Sezer&#8217;i ele\u015ftirildi.<\/p>\n<p style=\"text-align: justify;\">\n<strong>Paradan s\u00f6z edilince ortal\u0131k kar\u0131\u015ft\u0131<\/strong>\n<\/p>\n<p style=\"text-align: justify;\">\n<p style=\"text-align: justify;\">Aday s\u0131fat\u0131 ile koru\u015fan Ahmet A\u011far, konu\u015fmas\u0131nda &#8220;Partinin paras\u0131 deniyor ama \u015fu anda buradaysak Sezer \u2019in sayesindedir&#8221; deyince, baz\u0131 delegeler, kendisini yuhalayarak, &#8220;Hay\u0131r, hay\u0131r. Sahtekar&#8221; diye ba\u011f\u0131rd\u0131lar. Divan Ba\u015fkan\u0131 T\u00fcrk ise, &#8220;B\u00f6yle giderse kurultay tehlikeye girer, sabaha kadar da bitmez. Delege olmayanlar salonu terk etsin&#8221; diye uyarmak zorunda kald\u0131.<\/p>\n<p style=\"text-align: justify;\">\n<strong>Atat\u00fcrk ve Ecevit lehine \u00e7ekildi<\/strong>\n<\/p>\n<p style=\"text-align: justify;\">\n<p style=\"text-align: justify;\">\nEn ge\u00e7 aday olan Galip \u00d6zer Arbak ise, Dan\u0131\u015ftay sald\u0131r\u0131s\u0131n\u0131n y\u0131ld\u00f6n\u00fcm\u00fcn\u00fc an\u0131msatarak, &#8220;Biz niye mitingde de\u011fil deburaday\u0131z?&#8221; diye sordu. Arbak, Atat\u00fcrk ve B\u00fclent Ecevit lehine \u00e7ekildi\u011fini s\u00f6yledi.<\/p>\n<p style=\"text-align: justify;\">\n<strong>&#8220;Buras\u0131 tiyatro de\u011fil&#8221;<\/strong>\n<\/p>\n<p style=\"text-align: justify;\">\n<p style=\"text-align: justify;\">Adaylardan Tayfun \u0130\u00e7li de, kurultay sonu\u00e7lar\u0131ndan delegelerin de sorumlu olaca\u011f\u0131n\u0131 belirterek, &#8220;Buras\u0131 bir tiyatro sahnesi de\u011fil, DSP&#8217;de olmayan olaylar\u0131 yap\u0131yoruz burada. Bu bir milat, ya bu parti yeniden do\u011facak ya da olaylarla an\u0131lan bir parti olacak. Elinizi vicdan\u0131n\u0131za koyun. \u00c7\u00fcnk\u00fc tarih bu kurultay delegelerinden hesap soracakt\u0131r&#8221; diye konu\u015ftu.<\/p>\n<p style=\"text-align: justify;\"><strong>&#8220;Y\u00fcz\u00fcm\u00fcz olmad\u0131\u011f\u0131 i\u00e7in halka kapal\u0131 kurultay yap\u0131yoruz&#8221;<\/strong><\/p>\n<p style=\"text-align: justify;\">Sait Keke\u00e7 ise, kurultay\u0131n halka kapal\u0131 yap\u0131lmasan\u0131 ele\u015ftirerek, &#8220;Demek ki y\u00fcz\u00fcm\u00fcz yok ki halka kapal\u0131 kurultay yap\u0131yoruz. Hukuk i\u015fleyecekse T\u00fcrker \u2019in adayl\u0131\u011f\u0131 kanunen yok h\u00fckm\u00fcndedir. Sezer de T\u00fcrker de aday olmas\u0131 gereken en son 2 ki\u015fidir. Paran\u0131n yaz\u0131 ve turas\u0131 gibiler. T\u00fcrker, T\u00fcrkiye y\u00f6netimini ele ge\u00e7irirse T\u00fcrkiye e\u015fantiyon tarlas\u0131na d\u00f6ner&#8221; dedi.<br \/>\nYeniden aday olan Sezer ise, aday olma gerek\u00e7esini, &#8220;Bana gelip kayg\u0131lar\u0131n\u0131z\u0131 ilettiniz. &#8216;Ecevit&#8217;i partiyi uzakla\u015ft\u0131r\u0131yorlar, Ecevitsizle\u015ftiriyorlar&#8217; diye ele\u015ftiriyorlar. DSP&#8217;yi, Ecevitsizle\u015ftirmeye hi\u00e7 kimsenin, benim g\u00fcc\u00fcm yetmez. DSP \u2019nin varl\u0131\u011f\u0131n\u0131 s\u00fcrekli ba\u015fka bir partinin yede\u011fi olarak g\u00f6renler var demek ki. \u0130\u015fte bu nedenle beni \u0131srarla \u00e7a\u011f\u0131rd\u0131n\u0131z. Ben de bu \u00e7a\u011fr\u0131ya kay\u0131ts\u0131z kalamad\u0131m. \u00c7\u00fcnk\u00fc ben bu milleti \u00e7ok seviyorum&#8221; diye a\u00e7\u0131klad\u0131.\n<\/p>\n<p style=\"text-align: justify;\"><strong>T\u00fcrker&#8217;in konu\u015fmas\u0131 kesilmek istendi<\/strong><\/p>\n<p style=\"text-align: justify;\">Son konu\u015fmac\u0131 Masum T\u00fcrker&#8217;in konu\u015fmas\u0131 s\u0131ras\u0131nda da salonda gerginlikler ya\u015fand\u0131.Tepkiler \u00fczerine T\u00fcrker, &#8220;Benim bu s\u00f6ylemimden korkanlar, \u00f6n\u00fcm\u00fc kesmek istiyorlar. \u00c7\u00fcnk\u00fc iktidarla m\u00fccadele edecek y\u00fcrekli bir adam laz\u0131m. Burada bana verece\u011fiz oylarla bir genel ba\u015fkan se\u00e7meyeceksiniz, ba\u015fbakan se\u00e7eceksiniz&#8221; dedi.<\/p>\n<p style=\"text-align: justify;\"><strong>Sezer \u00e7ekilmek istedi <\/strong><\/p>\n<p style=\"text-align: justify;\">DSP\u2019nin ola\u011fan\u00fcst\u00fc kurultay\u0131nda, ikinci tur oylaman\u0131n ard\u0131ndan \u00e7ekilmek isteyen Zeki Sezer\u2019i partililer engelledi. Sezer, ikinci tur oylamadan sonra, kurultay divan ba\u015fkanl\u0131\u011f\u0131n\u0131n \u00f6n\u00fcne gelerek, \u00e7ekilme iste\u011fini s\u00f6zl\u00fc olarak iletmek istedi. Bu arada, divan ba\u015fkanl\u0131\u011f\u0131 ile Sezer aras\u0131na giren baz\u0131 partililer, elleriyle Sezer\u2019in a\u011fz\u0131na kapatarak konu\u015fmas\u0131n\u0131 engelledi. Tart\u0131\u015fmalar devam ederken, Divan Ba\u015fkan\u0131 T\u00fcrk, \u00fc\u00e7\u00fcnc\u00fc tur oylaman\u0131n ba\u015flad\u0131\u011f\u0131n\u0131 duyurdu.<\/p>\n<p style=\"text-align: justify;\"><strong>T\u00fcrker genel ba\u015fkan<\/strong><\/p>\n<p style=\"text-align: justify;\">\u0130lk iki turda yeterli oyu alamayan adaylar i\u00e7en \u00fc\u00e7\u00fcnc\u00fc tur oylamaya gidildi. \u00dc\u00e7\u00fcnc\u00fc tur oylaman\u0131n sonunda Masum T\u00fcrker 431 oyla DSP&#8217;in genel Ba\u015fkan\u0131 se\u00e7ildi. Zeki Sezer 375, Rah\u015fen Ecevit&#8217;in destekledi\u011fi Alemdar Yal\u00e7\u0131n 20, Tayfun \u0130\u00e7li 4, Musa Abay ile Sait Keke\u00e7 2&#8217;ser oy ald\u0131.<\/p>\n<p style=\"text-align: justify;\"><span style=\"color: #888888;\">Kaynak : Radikal<\/span><\/p>\n","protected":false},"excerpt":{"rendered":"<p style=\"text-align: center;\">\n<p style=\"text-align: justify;\">DSP&#8217;nin Ola\u011fan\u00fcst\u00fc Kurultay\u0131&#8217;nda Genel Ba\u015fkanl\u0131\u011fa 431 oy alan Masum T\u00fcrker se\u00e7ildi.<\/p>\n<p style=\"text-align: justify;\">DSP Genel Ba\u015fkan\u0131 Zeki Sezer&#8217;in istifas\u0131 \u00fczerine toplanan olagan\u00fcst\u00fc kongrede, muhalefet varl\u0131k g\u00f6steremezken, Sezer, eski genel sekteri Masum T\u00fcrker ile yar\u0131\u015ft\u0131. T\u00fcrker, ipi g\u00f6\u011f\u00fcsleyen isim oldu. \u0130stifa ettikten sonra, genel ba\u015fkanl\u0131\u011fa geri d\u00f6nmeye \u00e7al\u0131\u015fan Sezer ise, kaybederek <\/p>\n","protected":false},"author":1,"featured_media":0,"comment_status":"open","ping_status":"closed","sticky":false,"template":"","format":"standard","meta":{"footnotes":""},"categories":[105],"tags":[],"class_list":["post-9173","post","type-post","status-publish","format-standard","hentry","category-gundem","odd"],"_links":{"self":[{"href":"http:\/\/www.korhanyilmaz.com\/index.php?rest_route=\/wp\/v2\/posts\/9173","targetHints":{"allow":["GET"]}}],"collection":[{"href":"http:\/\/www.korhanyilmaz.com\/index.php?rest_route=\/wp\/v2\/posts"}],"about":[{"href":"http:\/\/www.korhanyilmaz.com\/index.php?rest_route=\/wp\/v2\/types\/post"}],"author":[{"embeddable":true,"href":"http:\/\/www.korhanyilmaz.com\/index.php?rest_route=\/wp\/v2\/users\/1"}],"replies":[{"embeddable":true,"href":"http:\/\/www.korhanyilmaz.com\/index.php?rest_route=%2Fwp%2Fv2%2Fcomments&post=9173"}],"version-history":[{"count":0,"href":"http:\/\/www.korhanyilmaz.com\/index.php?rest_route=\/wp\/v2\/posts\/9173\/revisions"}],"wp:attachment":[{"href":"http:\/\/www.korhanyilmaz.com\/index.php?rest_route=%2Fwp%2Fv2%2Fmedia&parent=9173"}],"wp:term":[{"taxonomy":"category","embeddable":true,"href":"http:\/\/www.korhanyilmaz.com\/index.php?rest_route=%2Fwp%2Fv2%2Fcategories&post=9173"},{"taxonomy":"post_tag","embeddable":true,"href":"http:\/\/www.korhanyilmaz.com\/index.php?rest_route=%2Fwp%2Fv2%2Ftags&post=9173"}],"curies":[{"name":"wp","href":"https:\/\/api.w.org\/{rel}","templated":true}]}}