{"id":9169,"date":"2009-05-18T08:10:10","date_gmt":"2009-05-18T05:10:10","guid":{"rendered":"http:\/\/www.korhanyilmaz.com\/?p=9169"},"modified":"2009-05-18T08:10:10","modified_gmt":"2009-05-18T05:10:10","slug":"turkan-saylani-kaybettik","status":"publish","type":"post","link":"http:\/\/www.korhanyilmaz.com\/?p=9169","title":{"rendered":"T\u00fcrkan Saylan&#039;\u0131 kaybettik"},"content":{"rendered":"<p style=\"text-align: center;\"><img loading=\"lazy\" decoding=\"async\" class=\"aligncenter size-full wp-image-9177\" title=\"T\u00fcrkan Saylan\" src=\"http:\/\/www.korhanyilmaz.com\/wp-content\/uploads\/2009\/05\/288959409020.jpg\" alt=\"T\u00fcrkan Saylan\" width=\"333\" height=\"175\" \/><\/p>\n<p style=\"text-align: justify;\"><strong>\u00c7a\u011fda\u015f Ya\u015fam\u0131 Destekleme Derne\u011fi Genel Ba\u015fkan\u0131 T\u00fcrkan Saylan, tedavi g\u00f6rd\u00fc\u011f\u00fc hastanede ya\u015fam\u0131n\u0131 yitirdi.<\/strong><\/p>\n<p style=\"text-align: justify;\">\u00c7a\u011fda\u015f Ya\u015fam\u0131 Destekleme Derne\u011fi Genel Ba\u015fkan\u0131 T\u00fcrkan Saylan tedavi g\u00f6rd\u00fc\u011f\u00fc hastanede sabah 05.20&#8217;de hayata g\u00f6zlerini yumdu. \u0130stanbul \u00dcniversitesi Onkoloji Enstit\u00fcs\u00fc&#8217;nde kanser tedavisi s\u00fcrd\u00fcr\u00fclen \u00c7YDD Genel Ba\u015fkan\u0131 T\u00fcrkan Saylan&#8217;\u0131n doktorlar\u0131 ya\u015fam destek tedavisi uyguluyordu. Saylan&#8217;\u0131n uykusuzluk \u015fikayeti \u00fczerine uyku ilac\u0131 yard\u0131m\u0131 ile rahat uyumas\u0131n\u0131n sa\u011fland\u0131\u011f\u0131 ve kan de\u011ferlerindeki d\u00fc\u015f\u00fckl\u00fck nedeniyle kemoterapi uygulamas\u0131na son verildi\u011fi bildirilmi\u015fti. <!--more--><\/p>\n<p style=\"text-align: justify;\">Ac\u0131 haberi alan sevenleri \u0130stanbul \u00c7apa T\u0131p Fak\u00fcltesi \u00f6n\u00fcnde toplanmaya ba\u015flad\u0131.<\/p>\n<p style=\"text-align: justify;\"><strong>T\u00dcRKAN SAYLAN K\u0130MD\u0130R? <\/strong><br \/>\n<strong>Hayat\u0131 <\/strong><br \/>\n13 Aral\u0131k 1935 g\u00fcn\u00fc \u0130stanbul&#8217;da d\u00fcnyaya geldi. Cumhuriyet d\u00f6neminin ilk m\u00fctahhitlerinden Fasih Galip Bey ile evlendikten sonra Leyla ad\u0131n\u0131 alan \u0130svi\u00e7reli Lili Mina Raiman \u00e7iftinin be\u015f \u00e7ocu\u011funun en b\u00fcy\u00fc\u011f\u00fcd\u00fcr. 1957&#8217;de evlenmi\u015f, iki o\u011flan \u00e7ocuk annesi olmu\u015ftur. Biri grafiker di\u011feri hekim iki o\u011flundan iki torunu vard\u0131r.\n<\/p>\n<p style=\"text-align: justify;\"><strong>E\u011fitimi <\/strong><\/p>\n<p style=\"text-align: justify;\">1944 \u2013 1946 y\u0131llar\u0131nda Kandilli \u0130lkokulu ve 1946 \u2013 1953 y\u0131llar\u0131nda Kandilli K\u0131z Lisesi\u2019nde okumu\u015ftur. 1963\u2019de \u0130stanbul T\u0131p Fak\u00fcltesini bitirmi\u015ftir.<\/p>\n<p style=\"text-align: justify;\"><strong>Uzmanl\u0131\u011f\u0131 <\/strong><\/p>\n<p style=\"text-align: justify;\">1964 &#8211; 1968 y\u0131llar\u0131 aras\u0131nda SSK Ni\u015fanta\u015f\u0131 Hastanesi\u2019nden Deri ve Z\u00fchrevi Hastal\u0131klar Uzmanl\u0131\u011f\u0131n\u0131 alm\u0131\u015ft\u0131r.<\/p>\n<p style=\"text-align: justify;\"><strong>Akademisyenli\u011fi <\/strong><\/p>\n<p style=\"text-align: justify;\">1968 y\u0131l\u0131nda \u0130\u00dc \u0130stanbul T\u0131p Fak\u00fcltesi Dermatoloji Anabilim Dal\u0131\u2019nda Ba\u015fasistanl\u0131\u011fa ba\u015flam\u0131\u015ft\u0131r. 1971\u2019de \u0130ngiliz K\u00fclt\u00fcr Heyeti\u2019nin bursuyla \u0130ngiltere\u2019de ileri e\u011fitim g\u00f6rm\u00fc\u015f, 1974 de Fransa\u2019da 1976\u2019da yine \u0130ngiltere\u2019de k\u0131sa s\u00fcreli \u00e7al\u0131\u015fmalar yapm\u0131\u015f, 1972\u2019de do\u00e7ent, 1977\u2019de profes\u00f6r olmu\u015ftur. 1982 \u2013 1987 y\u0131llar\u0131 aras\u0131nda, \u0130stanbul T\u0131p Fak\u00fcltesi Dermatoloji Anabilim Dal\u0131 Ba\u015fkanl\u0131\u011f\u0131\u2019n\u0131, 1981 \u2013 2001 y\u0131llar\u0131 aras\u0131nda \u0130stanbul T\u0131p Fak\u00fcltesi Lepra Ara\u015ft\u0131rma ve Uygulama Merkezi M\u00fcd\u00fcrl\u00fc\u011f\u00fc\u2019n\u00fc y\u00fcr\u00fctm\u00fc\u015ft\u00fcr. 1990\u2019da olu\u015fturulan \u201c\u0130\u00dc Kad\u0131n Sorunlar\u0131 Ara\u015ft\u0131rma ve Uygulama Merkezi\u201dnin kurulu\u015funda g\u00f6rev alm\u0131\u015f ve 1996\u2019ya kadar M\u00fcd\u00fcr Yard\u0131mc\u0131l\u0131\u011f\u0131 ile Kad\u0131n Sa\u011fl\u0131\u011f\u0131 derslerinin koordinat\u00f6l\u00fc\u011f\u00fcn\u00fc yapm\u0131\u015ft\u0131r. Dermatoloji klini\u011finin \u00f6\u011fretim \u00fcyesi olarak 2002 y\u0131l\u0131 sonuna kadar \u00e7al\u0131\u015fm\u0131\u015f ve 13 Aral\u0131k 2002 tarihinde emekli olmu\u015ftur.<\/p>\n<p style=\"text-align: justify;\"><strong>Bilimsel \u00c7al\u0131\u015fmalar\u0131 <\/strong><\/p>\n<p style=\"text-align: justify;\">1976 y\u0131l\u0131nda lepra (c\u00fczzam) \u00e7al\u0131\u015fmalar\u0131na ba\u015flam\u0131\u015f, C\u00fczzamla Sava\u015f Derne\u011fi ve Vakf\u0131\u2019n\u0131 kurmu\u015ftur. 1986\u2019da kendisine Hindistan\u2019da \u201cUluslararas\u0131 Gandhi \u00d6d\u00fcl\u00fc\u201d verilmi\u015ftir. 2006 y\u0131l\u0131na kadar D\u00fcnya Sa\u011fl\u0131k \u00d6rg\u00fct\u00fc\u2019n\u00fcn Lepra konusunda dan\u0131\u015fmanl\u0131\u011f\u0131n\u0131 yapm\u0131\u015ft\u0131r. Uluslararas\u0131 Lepra Birli\u011fi\u2019nin (ILU) kurucu \u00fcyesi ve Ba\u015fkan yard\u0131mc\u0131s\u0131d\u0131r. Avrupa Dermato Veneroloji Akademisi\u2019nin ve Uluslararas\u0131 Lepra Derne\u011fi\u2019nin \u00fcyesidir. Dermatopatoloji Laboratuvar\u0131n\u0131n, Beh\u00e7et Hastal\u0131\u011f\u0131 ve Cinsel \u0130li\u015fkiyle Bula\u015fan Hastal\u0131klar Polikliniklerinin kurulmas\u0131nda yer alm\u0131\u015ft\u0131r. 1981-2002 y\u0131llar\u0131 aras\u0131nda 21 y\u0131l, g\u00f6n\u00fcll\u00fc olarak Sa\u011fl\u0131k Bakanl\u0131\u011f\u0131 \u0130stanbul Lepra Hastanesi Ba\u015fhekimli\u011fi\u2019ni yapm\u0131\u015ft\u0131r.<\/p>\n<p style=\"text-align: justify;\"><strong>Di\u011fer \u00e7al\u0131\u015fmalar\u0131 <\/strong><\/p>\n<p style=\"text-align: justify;\"><strong>\u00c7YDD <\/strong><\/p>\n<p style=\"text-align: justify;\">1989\u2019da, bir grup Atat\u00fcrk\u00e7\u00fc ayd\u0131n taraf\u0131ndan devrim yasalar\u0131n\u0131 ve laik d\u00fczeni koruyup geli\u015ftirmek amac\u0131yla olu\u015fturulan \u00c7a\u011fda\u015f Ya\u015fam\u0131 Destekleme Derne\u011fi\u2019nin (\u00c7YDD) kurucular\u0131ndand\u0131r ve halen Genel Ba\u015fkanl\u0131\u011f\u0131n\u0131 y\u00fcr\u00fctmektedir.<\/p>\n<p style=\"text-align: justify;\"><strong>Cumhuriyet mitingleri <\/strong><\/p>\n<p style=\"text-align: justify;\">14 Nisan 2007 Ankara-Tando\u011fan ve 29 Nisan 2007 \u0130stanbul-\u00c7a\u011flayan Cumhuriyet mitinglerinin organizasyonunda ve icras\u0131nda bulunmu\u015ftur.<\/p>\n<p style=\"text-align: justify;\"><strong>\u00d6\u011fretim \u00dcyeleri Derne\u011fi <\/strong><\/p>\n<p style=\"text-align: justify;\">1990\u2019da olu\u015fan \u201c\u00d6\u011fretim \u00dcyeleri Derne\u011fi\u201dnin kurucusudur ve ilk d\u00f6nem II. Ba\u015fkanl\u0131\u011f\u0131n\u0131 yapm\u0131\u015ft\u0131r.<\/p>\n<p style=\"text-align: justify;\"><strong>Di\u011fer STK \u00c7al\u0131\u015fmalar\u0131 <\/strong><\/p>\n<p style=\"text-align: justify;\">1995\u2019de mezun oldu\u011fu lise i\u00e7in olu\u015fturulan Kandilli K\u0131z Lisesi K\u00fclt\u00fcr ve E\u011fitim Vakf\u0131 (KANKEV)n\u0131n 1995\u2019de kurulan T\u00fcrkiye \u00c7a\u011fda\u015f Ya\u015fam\u0131 Destekleme Vakf\u0131 (T\u00dcRK\u00c7A\u011e)\u2019n\u0131n kurucusu ve ba\u015fkan\u0131d\u0131r. Bir\u00e7ok mesleki ve sosyal derne\u011fin \u00fcyesiydi.<\/p>\n<p style=\"text-align: justify;\"><strong>Aktif g\u00f6revleri <\/strong><\/p>\n<p style=\"text-align: justify;\">G\u00f6n\u00fcll\u00fc kurulu\u015f olarak; \u00c7YDD\u2019nin Genel Ba\u015fkanl\u0131\u011f\u0131n\u0131, T\u00dcRK\u00c7A\u011e ve KANKEV Vakf\u0131 Ba\u015fkanl\u0131\u011f\u0131 ile C\u00fczzamla Sava\u015f Derne\u011fi ve Vakf\u0131 Ba\u015fkanl\u0131\u011f\u0131\u2019n\u0131, s\u00fcrd\u00fcrmekteydi.<\/p>\n<p style=\"text-align: justify;\"><strong>Cumhurba\u015fkanlar\u0131 ile \u0130li\u015fkileri <\/strong><\/p>\n<p style=\"text-align: justify;\">9. Cumhurba\u015fkan\u0131 S\u00fcleyman Demirel taraf\u0131ndan 31 Mart 2000 tarihinde Sosyal Hizmetler Dan\u0131\u015fma Kurulu \u00fcyeli\u011fine se\u00e7ilmi\u015ftir. Halen bu g\u00f6revi s\u00fcrd\u00fcrmektedir. Cumhurba\u015fkan\u0131 Ahmet Necdet Sezer taraf\u0131ndan 2 \u015eubat 2001\u2019de Y\u00d6K \u00fcyeli\u011fiyle g\u00f6revlendirilmi\u015f ve bu g\u00f6rev \u015eubat 2007\u2019de bitmi\u015ftir.<\/p>\n<p style=\"text-align: justify;\"><strong>Di\u011fer G\u00f6revleri <\/strong><\/p>\n<p style=\"text-align: justify;\">2003 \u2013 2004 aras\u0131nda Ba\u015fbakanl\u0131k \u0130nsan Haklar\u0131 Dan\u0131\u015fma Kurulu \u00fcyeli\u011fi ve \u0130stanbul \u0130l \u0130nsan Haklar\u0131 Kurulu \u00fcyeliklerinde bulunmu\u015ftur.<\/p>\n<p style=\"text-align: justify;\"><strong>\u00d6d\u00fclleri <\/strong><\/p>\n<p style=\"text-align: justify;\">1996\u2019da \u0130stanbul \u00dcniversitesi kendisine \u201cAtat\u00fcrk \u0130lke ve Devrimleri\u201d \u00f6d\u00fcl\u00fcn\u00fc vermi\u015ftir.<br \/>\n\u0130ngiltere dermatologlar\u0131n\u0131n derne\u011fi olan Dowling Kul\u00fcb\u00fc (1978) ve &#8220;Kuzey Amerika Klinik Dermatoloji Derne\u011fi&#8221; (1996) taraf\u0131ndan onur \u00fcyesi se\u00e7ilmi\u015ftir. Bug\u00fcne kadar \u00e7ok say\u0131da \u00f6d\u00fcle lay\u0131k g\u00f6r\u00fclm\u00fc\u015ft\u00fcr.<br \/>\n\u201cAtat\u00fcrk \u0130lke ve Devrimleri \u00d6d\u00fcl\u00fc\u201d \u0130stanbul \u00dcniversitesi (1996),<br \/>\n\u201c\u00dclkemizde Y\u0131l\u0131n Kad\u0131n\u0131 \u00d6d\u00fcl\u00fc\u201d (1990),<br \/>\n\u201cMelvin Jones \u00d6d\u00fcl\u00fc\u201d (1991),<br \/>\n\u201cAtat\u00fcrk\u00e7\u00fc D\u00fc\u015f\u00fcnceye Hizmet \u00d6d\u00fcl\u00fc\u201d \u0130ncirli Lions (1996),<br \/>\n\u201cKuvayi Milliye \u00d6d\u00fcl\u00fc\u201d Hali\u00e7 Rotary (1997),<br \/>\n\u201cFahrettin Kerim G\u00f6kay \u00d6d\u00fcl\u00fc\u201d T\u00fcrk Lions Vakf\u0131 (1997),<br \/>\n\u201cT\u00fcrkiye Ziraat\u00e7iler Birli\u011fi Dayan\u0131\u015fma \u00d6d\u00fcl\u00fc\u201d (1998),<br \/>\n\u201c75. Y\u0131l \u00d6d\u00fcl\u00fc\u201d T\u00fcrk Kad\u0131nlar Birli\u011fi \u015ei\u015fli \u015eb. (1998),<br \/>\n\u201cU\u011fur Mumcu \u2013 Muammer Aksoy \u00d6d\u00fcl\u00fc\u201d ADD \u0130stanbul \u015eubesi (1999),<br \/>\n\u201cR\u0131fat Ilgaz K\u00fclt\u00fcr Merkezi Onur\u201d \u00d6d\u00fcl\u00fc\u201d (2000),<br \/>\n\u0130talya \u201cFoyer des Artistes Kurumu \u00d6d\u00fcl\u00fc\u201d (2001),<br \/>\nC\u00fczzaml\u0131 Hastalara verdi\u011fi uzun s\u00fcreli hizmet ve getirdi\u011fi bak\u0131\u015f a\u00e7\u0131s\u0131 nedeniyle \u201cHasta ve Hasta Yak\u0131n\u0131 Haklar\u0131 Derne\u011fi 2001 Y\u0131l\u0131 \u00d6d\u00fcl\u00fc\u201d,<br \/>\n\u201cAtat\u00fcrk \u00d6d\u00fcl\u00fc\u201d Amerika \/ Atat\u00fcrk Toplulu\u011fu (2001),<br \/>\n\u201cSanat Kurumu Onur \u00d6d\u00fcl\u00fc\u201d (2002),<br \/>\n\u201cAtat\u00fcrk \/ \u00c7a\u011fda\u015fl\u0131k \u00d6d\u00fcl\u00fc\u201d D\u00fcnya Atat\u00fcrk\u00e7\u00fc Kurulu\u015flar\u0131 (10 Kas\u0131m 2003),<br \/>\n\u201c\u00dcst\u00fcn Hizmet \u00d6d\u00fcl\u00fc\u201d Y\u0131ld\u0131z Teknik \u00dcniversitesi (2004),<br \/>\nE\u011fitime yapt\u0131\u011f\u0131 katk\u0131lar nedeniyle \u201cE\u011fitim \u00d6d\u00fcl\u00fc\u201d TED Koleji,<br \/>\n\u201cKendinden once hizmet\u201d ilkesine \u00f6rnek davran\u0131\u015f\u0131 nedeniyle \u201c100. Y\u0131l Mesleki Ba\u015far\u0131 \u00d6d\u00fcl\u00fc\u201d Rotary Kul\u00fcb\u00fc,<br \/>\n\u201c\u0130nsan Haklar\u0131 \u00d6d\u00fcl\u00fc\u201d \u0130zmir Kar\u015f\u0131yaka Belediyesi (2004),<br \/>\n\u201cT\u00fcrkiye\u2019nin En \u0130yi E\u011fitimcisi\u201d \u00d6d\u00fcl\u00fc &#8211; Tempo Dergisi (2004),<br \/>\nK\u00fclt\u00fcr \u00dcniversitesi\u2019nin \u0130stanbul genelindeki \u00fcniversitelerin \u00f6\u011frenci ve \u00f6\u011fretim \u00fcyeleri aras\u0131nda yapt\u0131\u011f\u0131 anket sonucunda \u201cY\u0131l\u0131n En Y\u00fcrekli Kad\u0131n\u0131 \u00d6d\u00fcl\u00fc\u201d (2004) ,<br \/>\n\u201cPuduhepa \u00d6d\u00fcl\u00fc\u201d &#8211; Adana K\u00fct\u00fcr Sanat Derne\u011fi (2005),<br \/>\n\u201cMeslek Hizmetleri \u00d6d\u00fcl\u00fc\u201d Ankara Emek Rotary Kul\u00fcb\u00fc (Ekim 2005),<br \/>\n\u201cToplumsal Bar\u0131\u015f \u00d6d\u00fcl\u00fc\u201d Bar\u0131\u015f Radyo,<br \/>\n\u201c\u0130nsan Haklar\u0131, Demokrasi, Bar\u0131\u015f ve Dayan\u0131\u015fma \u00d6d\u00fcl\u00fc\u201d &#8211;<br \/>\nSODEV Sosyal Demokrasi Vakf\u0131 (2005),<br \/>\n\u201c\u0130yi Kalpli Ol \u00d6d\u00fcl\u00fc\u201d T\u00fcrk Kalp Vakf\u0131 (2006),<br \/>\n\u201cY\u0131l\u0131n Ba\u015far\u0131l\u0131 \u0130\u015f Kad\u0131nlar\u0131 \u00d6d\u00fcl\u00fc\u201d D\u00fcnya Gazetesi (2006),<br \/>\n\u201c\u00c7EK E\u011fitim \u00d6d\u00fcl\u00fc\u201d, \u00c7a\u011fda\u015f E\u011fitim Kooperatifi (2006).\n<\/p>\n<p style=\"text-align: justify;\"><span style=\"color: #888888;\">Kaynak : Radikal<\/span><\/p>\n<p style=\"text-align: justify;\">\n","protected":false},"excerpt":{"rendered":"<p style=\"text-align: center;\">\n<p style=\"text-align: justify;\">\u00c7a\u011fda\u015f Ya\u015fam\u0131 Destekleme Derne\u011fi Genel Ba\u015fkan\u0131 T\u00fcrkan Saylan, tedavi g\u00f6rd\u00fc\u011f\u00fc hastanede ya\u015fam\u0131n\u0131 yitirdi.<\/p>\n<p style=\"text-align: justify;\">\u00c7a\u011fda\u015f Ya\u015fam\u0131 Destekleme Derne\u011fi Genel Ba\u015fkan\u0131 T\u00fcrkan Saylan tedavi g\u00f6rd\u00fc\u011f\u00fc hastanede sabah 05.20&#8217;de hayata g\u00f6zlerini yumdu. \u0130stanbul \u00dcniversitesi Onkoloji Enstit\u00fcs\u00fc&#8217;nde kanser tedavisi s\u00fcrd\u00fcr\u00fclen \u00c7YDD Genel Ba\u015fkan\u0131 T\u00fcrkan Saylan&#8217;\u0131n doktorlar\u0131 ya\u015fam destek tedavisi uyguluyordu. Saylan&#8217;\u0131n uykusuzluk <\/p>\n","protected":false},"author":1,"featured_media":0,"comment_status":"open","ping_status":"closed","sticky":false,"template":"","format":"standard","meta":{"footnotes":""},"categories":[105],"tags":[],"class_list":["post-9169","post","type-post","status-publish","format-standard","hentry","category-gundem","odd"],"_links":{"self":[{"href":"http:\/\/www.korhanyilmaz.com\/index.php?rest_route=\/wp\/v2\/posts\/9169","targetHints":{"allow":["GET"]}}],"collection":[{"href":"http:\/\/www.korhanyilmaz.com\/index.php?rest_route=\/wp\/v2\/posts"}],"about":[{"href":"http:\/\/www.korhanyilmaz.com\/index.php?rest_route=\/wp\/v2\/types\/post"}],"author":[{"embeddable":true,"href":"http:\/\/www.korhanyilmaz.com\/index.php?rest_route=\/wp\/v2\/users\/1"}],"replies":[{"embeddable":true,"href":"http:\/\/www.korhanyilmaz.com\/index.php?rest_route=%2Fwp%2Fv2%2Fcomments&post=9169"}],"version-history":[{"count":0,"href":"http:\/\/www.korhanyilmaz.com\/index.php?rest_route=\/wp\/v2\/posts\/9169\/revisions"}],"wp:attachment":[{"href":"http:\/\/www.korhanyilmaz.com\/index.php?rest_route=%2Fwp%2Fv2%2Fmedia&parent=9169"}],"wp:term":[{"taxonomy":"category","embeddable":true,"href":"http:\/\/www.korhanyilmaz.com\/index.php?rest_route=%2Fwp%2Fv2%2Fcategories&post=9169"},{"taxonomy":"post_tag","embeddable":true,"href":"http:\/\/www.korhanyilmaz.com\/index.php?rest_route=%2Fwp%2Fv2%2Ftags&post=9169"}],"curies":[{"name":"wp","href":"https:\/\/api.w.org\/{rel}","templated":true}]}}