{"id":9163,"date":"2009-05-17T11:53:13","date_gmt":"2009-05-17T08:53:13","guid":{"rendered":"http:\/\/www.korhanyilmaz.com\/?p=9163"},"modified":"2009-05-17T11:53:13","modified_gmt":"2009-05-17T08:53:13","slug":"tandogana-sigmadilar","status":"publish","type":"post","link":"http:\/\/www.korhanyilmaz.com\/?p=9163","title":{"rendered":"Tando\u011fan&#039;a s\u0131\u011fmad\u0131lar!"},"content":{"rendered":"<p style=\"text-align: center;\"><img loading=\"lazy\" decoding=\"async\" class=\"aligncenter size-full wp-image-9167\" src=\"http:\/\/www.korhanyilmaz.com\/wp-content\/uploads\/2009\/05\/180520090332336933847.jpg\" alt=\"\" width=\"329\" height=\"210\" \/><\/p>\n<p style=\"text-align: center;\">\n<p style=\"text-align: justify;\">Atat\u00fcrk\u00e7\u00fc D\u00fc\u015f\u00fcnce Derne\u011fi (ADD) taraf\u0131ndan ba\u015fta Ergenekon Soru\u015fturmas\u0131\u2019na duyulan tepki nedeniyle ba\u015flat\u0131lan Cumhuriyet Mitingi sona erdi.<\/p>\n<p style=\"text-align: justify;\">Baz\u0131 yay\u0131n organlar\u0131n\u0131n \u201ckat\u0131lanlar fi\u015flenecek\u201d iddias\u0131na ra\u011fmen ADD\u2019nin Ankara Tando\u011fan Meydan\u0131\u2019nda d\u00fczenledi\u011fi \u2019Cumhuriyet mitingi\u2019ne onbinlerce ki\u015fi kat\u0131ld\u0131. Kalabal\u0131k \u201cTayyip baksana ka\u00e7 ki\u015fiyiz saysana\u201c slogan\u0131yla An\u0131tkabir\u2019e y\u00fcr\u00fcd\u00fc<\/p>\n<p style=\"text-align: justify;\">Atat\u00fcrk\u00e7\u00fc D\u00fc\u015f\u00fcnce Derne\u011fi \u00f6nc\u00fcl\u00fc\u011f\u00fcnde baz\u0131 sivil toplum \u00f6rg\u00fctlerinin destekledi\u011fi \u201dSosyal hukuk devletimize, demokratik laik cumhuriyetimize, \u00fcniter yap\u0131m\u0131za ve tam ba\u011f\u0131ms\u0131zl\u0131\u011f\u0131m\u0131za sahip \u00e7\u0131kal\u0131m\u201c mesaj\u0131yla yap\u0131lan \u201dCumhuriyet Mitingi\u201c Tando\u011fan Meydan\u0131\u2019nda ger\u00e7ekle\u015ftirildi.<!--more--><\/p>\n<p style=\"text-align: justify;\">CHP y\u00f6neticileri Hakk\u0131 S\u00fcha Okay, Mustafa \u00d6zy\u00fcrek ile baz\u0131 milletvekillerinin de kat\u0131ld\u0131\u011f\u0131 mitingde Ba\u011f\u0131ms\u0131z Milletvekili Kamer Gen\u00e7, eski bakanlardan Ya\u015far Okuyan, YARSAV Ba\u015fkan\u0131 \u00d6mer Faruk Emina\u011fao\u011flu, ADD Azerbaycan \u015eube Ba\u015fkan\u0131 \u0130slam Aliyev, eski Dan\u0131\u015ftay Ba\u015fsavc\u0131s\u0131 Tansel \u00c7\u00f6la\u015fan ile e\u015fi gazeteci Emin \u00c7\u00f6la\u015fan da kat\u0131ld\u0131. Ergenekon soru\u015fturmas\u0131 kapsam\u0131nda bir\u00e7ok y\u00f6neticisi g\u00f6zalt\u0131na al\u0131nan ADD\u2019nin \u00f6nc\u00fcl\u00fck etmesi ve ayn\u0131 dosya kapsam\u0131nda \u201dCumhuriyet mitinglerinin\u201c yer almas\u0131 nedeniyle baz\u0131 medya organlar\u0131nda, \u201dgidenlerin polis taraf\u0131ndan fi\u015flenece\u011fi\u201c y\u00f6n\u00fcnde propaganda yap\u0131lmas\u0131na ra\u011fmen Tando\u011fan Meydan\u0131 doldu. Bir vatanda\u015f\u0131n bu haberlere kar\u015f\u0131 elinde ta\u015f\u0131d\u0131\u011f\u0131 \u201cResmimi \u00e7ek Atat\u00fcrk\u00e7\u00fcy\u00fcm!\u201c yaz\u0131l\u0131 d\u00f6viz de dikkat \u00e7ekti.<\/p>\n<p style=\"text-align: justify;\">14 Nisan 2007\u2019deki tarihi kalabal\u0131k olu\u015fmasa da kat\u0131l\u0131m\u0131n 100 binin \u00fczerinde oldu\u011fu tahmin ediliyor. Emniyet yetkilileri rakam\u0131 35 bin oldu\u011funu belirtirken, baz\u0131 haber kanallar\u0131 ise rakam\u0131 130 bin olarak a\u00e7\u0131klad\u0131.<\/p>\n<p style=\"text-align: justify;\"><strong>Bireysel kat\u0131ld\u0131lar<\/strong><\/p>\n<p style=\"text-align: justify;\">\u00c7a\u011fda\u015f Ya\u015fam\u0131 Destekleme Derne\u011fi ve Emekli Subaylar Derne\u011fi\u2019nin kurum olarak kat\u0131l\u0131nmayaca\u011f\u0131n\u0131 belirtmesi \u00fczerine vatanda\u015flar bireysel mesajlar\u0131n yer ald\u0131\u011f\u0131 d\u00f6vizlerle meydandaki yerini ald\u0131. Ayr\u0131ca, Memleket Sevdal\u0131lar\u0131 Derne\u011fi, 68\u2019liler Birli\u011fi Vakf\u0131, Gazi \u00dcniversitesi \u00d6\u011fretim \u00dcyeleri Derne\u011fi, Bizka\u00e7ki\u015fiyiz Platformu, CUMOK, E\u011fitim- \u0130\u015f ve Birle\u015fik B\u00fcro Sen gibi sivil toplum \u00f6rg\u00fctleri ve sendikalar\u0131n pankartlar\u0131 g\u00f6r\u00fcld\u00fc.<\/p>\n<p style=\"text-align: justify;\"><strong> ADD\u2019den te\u015fekk\u00fcr<\/strong><\/p>\n<p style=\"text-align: justify;\">ADD Genel Sekreteri Suay Karaman, mitingde yapt\u0131\u011f\u0131 konu\u015fmada, \u00fclkenin ekonomik ve siyasi olarak a\u011f\u0131r \u015fartlar alt\u0131nda bulundu\u011fu g\u00fcnde, b\u00fcy\u00fck \u00f6zveriler g\u00f6sterilerek, Tando\u011fan Meydan\u0131\u2019n\u0131n dolduruldu\u011fu i\u00e7in kat\u0131l\u0131mc\u0131lara te\u015fekk\u00fcr etti. \u0130\u015fsizlik ve yoksullu\u011fun art\u0131\u015f g\u00f6sterdi\u011fini, tar\u0131m ve hayvanc\u0131l\u0131\u011f\u0131n ve di\u011fer alanlarda k\u00f6t\u00fc durumda olundu\u011funu belirten Karaman, \u201dAnayasa\u2019y\u0131 de\u011fi\u015ftirmek isteyenler nedense Deniz Feneri\u2019nden, \u00e7a\u011fda\u015f ayd\u0131nlara yap\u0131lan hukuktan yoksun uygulamalardan, laiklik kar\u015f\u0131t\u0131 eylemlerden bahsetmiyorlar\u201c dedi.<\/p>\n<p style=\"text-align: justify;\">Devlet Tiyatro Opera ve Balesi \u00c7al\u0131\u015fanlar\u0131 Vakf\u0131 Ba\u015fkan\u0131 Tamer Levent ise konu\u015fmas\u0131na, \u201dBiz neden buraday\u0131z? Demek ki yolunda gitmeyen bir \u015feyler var. \u00d6yle de\u011fil mi\u201c diyerek ba\u015flad\u0131. \u201dT\u00fcrkiye\u2019de ya\u015fanan baz\u0131 olaylar\u0131 bir futbol ma\u00e7\u0131 ile \u00f6rnekleyerek\u201c anlatan Levent, \u201dTak\u0131m\u0131n biri kar\u015f\u0131 tak\u0131ma s\u00fcrekli tekmeler at\u0131yor. Futbolcuyu hakem g\u00f6rmezden geliyor. Ama di\u011fer tak\u0131m\u0131 ise hakem ya d\u0131\u015far\u0131 at\u0131yor ya da i\u00e7eri at\u0131yor. Futbol ma\u00e7\u0131nda centilmence futbol yap\u0131lmas\u0131 gerekir\u201c dedi.<\/p>\n<p style=\"text-align: justify;\">\u015eair Ataol Behramo\u011flu da d\u00f6rtl\u00fcklerle seslendi\u011fi mitingde sanat\u00e7\u0131 Edip Akbayram da mini bir konser verdi. Miting devam ederken An\u0131tkabir\u2019e kalab\u0131l\u0131k gruplar ziyarette bulundu. Kalabal\u0131\u011f\u0131n yo\u011fun olmas\u0131 An\u0131tkabir y\u00f6netiminin, giri\u015fteki \u00fcst arama ve X-ray kontrol\u00fc gibi uygulamalar\u0131 kald\u0131rmas\u0131na yol a\u00e7t\u0131.<\/p>\n<p style=\"text-align: justify;\"><strong>NOTLAR<\/strong><\/p>\n<p style=\"text-align: justify;\"><strong>HEL\u0130KOPTERLE S\u00dcREKL\u0130 KONTROL:<\/strong> Mitingde yakla\u015f\u0131k 4 bin polis g\u00f6rev yapt\u0131. Mitingi alan\u0131n\u0131n \u00e7e\u015fitli yerlerine seyyar tuvaletler konuldu. Sa\u011fl\u0131k ekipleri de mitingde rahats\u0131zlananlara m\u00fcdahale etmek i\u00e7in haz\u0131r bekletildi. Bu arada, polis helikopteri havadan miting alan\u0131n\u0131 kontrol ederken, Tando\u011fan Meydan\u0131\u2019n\u0131n etraf\u0131ndaki y\u00fcksek binalar\u0131n \u00e7at\u0131lar\u0131nda polis ekipleri alan\u0131 g\u00f6zledi.<\/p>\n<p style=\"text-align: justify;\"><strong> ERGENEKON SELAMI: <\/strong>ADD g\u00f6revlisi taraf\u0131ndan kat\u0131l\u0131mc\u0131lara, \u201dHep birlikte aralar\u0131nda Prof. Dr. Mehmet Haberal\u2019\u0131n da bulundu\u011fu i\u00e7eride olan bilim adamlar\u0131na ve Prof. Dr. Saylan\u2019a bayraklar\u0131 yukar\u0131 kald\u0131rarak selam g\u00f6nderelim\u201c denildi.<\/p>\n<p style=\"text-align: justify;\"><strong>TUNCAY \u00d6ZKAN MASKES\u0130:<\/strong> Mitinge kat\u0131lanlar\u0131n bir k\u0131sm\u0131 Do\u011fu Perin\u00e7ek, Mustafa Balbay ve Tuncay \u00d6zkan\u2019\u0131n foto\u011fraflar\u0131n\u0131 ta\u015f\u0131d\u0131. \u00d6zkan\u2019\u0131n maskeleri de \u00e7ok say\u0131da kat\u0131l\u0131mc\u0131 taraf\u0131ndan tak\u0131ld\u0131.<\/p>\n<p style=\"text-align: justify;\"><strong>T\u00dcRK\u0130YE LA\u0130KT\u0130R LA\u0130K KALACAK:<\/strong> Mitingin temel sloganlar\u0131, T\u00fcrkiye Laiktir, laik kalacak ve Ne ABD ne AB tam ba\u011f\u0131ms\u0131z T\u00fcrkiye oldu. Di\u011fer \u00f6ne \u00e7\u0131kan sloganlar ise \u015f\u00f6yleydi: T\u00fcrkiye laiktir laik kalacak, G\u00fcn gelecek devran d\u00f6necek AKP halka hesap verecek, Hukukun \u00fcst\u00fcnl\u00fc\u011f\u00fc engellenemez, Tayyip nerede, Gavur \u0130zmir burada&#8230;<\/p>\n<p style=\"text-align: justify;\"><strong>DOMUZ GR\u0130B\u0130, DEN\u0130Z FENER\u0130:<\/strong> AKP, Domuz Gribi ve Deniz Feneri davas\u0131n\u0131n \u00f6ne \u00e7\u0131kt\u0131\u011f\u0131 pankartlarda dikkat \u00e7eken mesajlar yer ald\u0131. Penguen Dergisi\u2019nin \u201c\u00c7ekirdek Tayyip Ailesi\u201d ba\u015fl\u0131kl\u0131 kapa\u011f\u0131 ile Z\u00fcbeyde Han\u0131m\u2019\u0131n resminin bulundu\u011fu \u201cAnam\u0131z\u0131 da ald\u0131k geldik\u201d d\u00f6vizleri dikkat \u00e7ekti.<\/p>\n<p style=\"text-align: justify;\"><strong>SICAK BAYILTTI<\/strong>: A\u015f\u0131r\u0131 s\u0131cak dolay\u0131s\u0131yla fenal\u0131k ge\u00e7iren \u00e7ok say\u0131da ki\u015fiye, alanda bekleyen sa\u011fl\u0131k g\u00f6revlileri m\u00fcdahale etti.<\/p>\n<p style=\"text-align: justify;\"><strong>ERUYGUR VE TOLON:<\/strong> ANKA Haber Ajans\u0131, mitinge emekli Jandarma Genel Komutan\u0131 \u015eener Eruygur ile emekli Orgeneral Hur\u015fit Tolon\u2019un e\u015flerinin de miting alan\u0131nda bulundu\u011funu belirtti. Ancak ADD yetkilileri, iki ismin de mitingte yer almad\u0131\u011f\u0131n\u0131 a\u00e7\u0131klad\u0131.<\/p>\n<p style=\"text-align: justify;\"><span style=\"color: #888888;\">Kaynak : Bug\u00fcn<\/span><\/p>\n","protected":false},"excerpt":{"rendered":"<p style=\"text-align: center;\">\n<p style=\"text-align: center;\">\n<p style=\"text-align: justify;\">Atat\u00fcrk\u00e7\u00fc D\u00fc\u015f\u00fcnce Derne\u011fi (ADD) taraf\u0131ndan ba\u015fta Ergenekon Soru\u015fturmas\u0131\u2019na duyulan tepki nedeniyle ba\u015flat\u0131lan Cumhuriyet Mitingi sona erdi.<\/p>\n<p style=\"text-align: justify;\">Baz\u0131 yay\u0131n organlar\u0131n\u0131n \u201ckat\u0131lanlar fi\u015flenecek\u201d iddias\u0131na ra\u011fmen ADD\u2019nin Ankara Tando\u011fan Meydan\u0131\u2019nda d\u00fczenledi\u011fi \u2019Cumhuriyet mitingi\u2019ne onbinlerce ki\u015fi kat\u0131ld\u0131. Kalabal\u0131k \u201cTayyip baksana ka\u00e7 ki\u015fiyiz saysana\u201c slogan\u0131yla An\u0131tkabir\u2019e y\u00fcr\u00fcd\u00fc<\/p>\n<p style=\"text-align: justify;\">Atat\u00fcrk\u00e7\u00fc <\/p>\n","protected":false},"author":1,"featured_media":0,"comment_status":"open","ping_status":"closed","sticky":false,"template":"","format":"standard","meta":{"footnotes":""},"categories":[105],"tags":[],"class_list":["post-9163","post","type-post","status-publish","format-standard","hentry","category-gundem","odd"],"_links":{"self":[{"href":"http:\/\/www.korhanyilmaz.com\/index.php?rest_route=\/wp\/v2\/posts\/9163","targetHints":{"allow":["GET"]}}],"collection":[{"href":"http:\/\/www.korhanyilmaz.com\/index.php?rest_route=\/wp\/v2\/posts"}],"about":[{"href":"http:\/\/www.korhanyilmaz.com\/index.php?rest_route=\/wp\/v2\/types\/post"}],"author":[{"embeddable":true,"href":"http:\/\/www.korhanyilmaz.com\/index.php?rest_route=\/wp\/v2\/users\/1"}],"replies":[{"embeddable":true,"href":"http:\/\/www.korhanyilmaz.com\/index.php?rest_route=%2Fwp%2Fv2%2Fcomments&post=9163"}],"version-history":[{"count":0,"href":"http:\/\/www.korhanyilmaz.com\/index.php?rest_route=\/wp\/v2\/posts\/9163\/revisions"}],"wp:attachment":[{"href":"http:\/\/www.korhanyilmaz.com\/index.php?rest_route=%2Fwp%2Fv2%2Fmedia&parent=9163"}],"wp:term":[{"taxonomy":"category","embeddable":true,"href":"http:\/\/www.korhanyilmaz.com\/index.php?rest_route=%2Fwp%2Fv2%2Fcategories&post=9163"},{"taxonomy":"post_tag","embeddable":true,"href":"http:\/\/www.korhanyilmaz.com\/index.php?rest_route=%2Fwp%2Fv2%2Ftags&post=9163"}],"curies":[{"name":"wp","href":"https:\/\/api.w.org\/{rel}","templated":true}]}}