{"id":9148,"date":"2009-05-17T11:08:15","date_gmt":"2009-05-17T08:08:15","guid":{"rendered":"http:\/\/www.korhanyilmaz.com\/?p=9148"},"modified":"2009-05-17T11:08:15","modified_gmt":"2009-05-17T08:08:15","slug":"bedelli-askerlige-iki-engel","status":"publish","type":"post","link":"http:\/\/www.korhanyilmaz.com\/?p=9148","title":{"rendered":"Bedelli askerli\u011fe iki engel!"},"content":{"rendered":"<p><img loading=\"lazy\" decoding=\"async\" class=\"aligncenter size-full wp-image-9149\" src=\"http:\/\/www.korhanyilmaz.com\/wp-content\/uploads\/2009\/05\/170520091107253681874.jpg\" alt=\"\" width=\"320\" height=\"100\" \/><strong><\/strong><\/p>\n<p style=\"text-align: justify;\"><strong><span style=\"font-family: Arial;\">Milli Savunma Bakan\u0131 Vecdi G\u00f6n\u00fcl, 125 bin 834 ki\u015finin yararland\u0131\u011f\u0131 bedelli askerlik uygulamas\u0131na yeniden gidilmemesinin bug\u00fcne dek g\u00fcndeme gelmeyen iki nedenini daha a\u00e7\u0131klad\u0131<\/span><\/strong><\/p>\n<p>G\u00f6n\u00fcl, Genelkurmay Ba\u015fkan\u0131 Orgeneral \u0130lker Ba\u015fbu\u011f\u2019un a\u00e7\u0131klad\u0131\u011f\u0131, \u201cAsker ihtiyac\u0131 oldu\u011fu i\u00e7in bedelli askerli\u011fi uygulam\u0131yoruz\u201d gerek\u00e7esinin yan\u0131 s\u0131ra bedelli taksitlerinin \u00f6denmemesi nedeniyle a\u00e7\u0131lan davalar ve ya\u015f b\u00fcy\u00fctme i\u015flemlerinin de sorun yaratt\u0131\u011f\u0131n\u0131 kaydetti.<\/p>\n<p style=\"text-align: justify;\">G\u00f6n\u00fcl, MHP Ad\u0131yaman Milletvekili Alim I\u015f\u0131k\u2019\u0131n bedelli askerli\u011fe ili\u015fkin sorular\u0131n\u0131 yan\u0131tlarken, bug\u00fcne kadar 16 Nisan 1987, 21 May\u0131s 1992 ve 2 Kas\u0131m 1999 tarihi olmak \u00fczere \u00fc\u00e7 kez bedelli uygulamas\u0131na gidildi\u011fini an\u0131msatt\u0131.<!--more--><br \/>\nBu uygulama \u00e7er\u00e7evesinde toplam 125 bin 834 ki\u015finin bedelli askerlikten yararland\u0131\u011f\u0131n\u0131 belirten G\u00f6n\u00fcl, uygulaman\u0131n \u00fclke ekonomisine katk\u0131s\u0131n\u0131n kanunun \u00e7\u0131kt\u0131\u011f\u0131 y\u0131l\u0131n d\u00f6viz kurlar\u0131na ba\u011fl\u0131 olarak de\u011fi\u015fiklik g\u00f6sterdi\u011fini ifade etti. G\u00f6n\u00fcl, bedelli askerli\u011fin yeniden uygulanamamas\u0131na ili\u015fkin bug\u00fcne kadar kamuoyuna yans\u0131mayan iki gerek\u00e7eyi de \u015f\u00f6yle a\u00e7\u0131klad\u0131: \u201cTaksitlerini zaman\u0131nda \u00f6deyemediklerinden kapsam d\u0131\u015f\u0131na \u00e7\u0131kar\u0131lan vatanda\u015flar\u0131m\u0131z\u0131n bir\u00e7o\u011fu, yeniden kapsama al\u0131nabilmek i\u00e7in Askeri Y\u00fcksek \u0130dare Mahkemesi\u2019ne dava a\u00e7m\u0131\u015flar, bu nedenle uzun s\u00fcre silah alt\u0131na al\u0131namam\u0131\u015flard\u0131r. Uygulama kapsam\u0131nda do\u011fumlar\u0131 itibariyle yararlanma hakk\u0131 bulunmayan baz\u0131 vatanda\u015flar\u0131n, Askerlik Kanunu\u2019nun 81. maddesi gere\u011fince (bedelli askerlik maddesi), askerlik \u00e7a\u011f\u0131na girdikten sonra yap\u0131lan ya\u015f tashihlerinin askerliklerine bir etkisi bulunmamas\u0131na ra\u011fmen, mahkeme karar\u0131yla ya\u015flar\u0131n\u0131 b\u00fcy\u00fcterek bedelli askerlik uygulamas\u0131ndan yararlanabilmek i\u00e7in m\u00fcracaat ettikleri g\u00f6r\u00fclm\u00fc\u015ft\u00fcr.\u201d\n<\/p>\n<p style=\"text-align: justify;\"><strong>Yeni \u00e7al\u0131\u015fma yok<\/strong><\/p>\n<p style=\"text-align: justify;\">G\u00f6n\u00fcl, her askere alma d\u00f6neminde, Genelkurmay Ba\u015fkanl\u0131\u011f\u0131\u2019nca belirlenen kayna\u011f\u0131n TSK\u2019n\u0131n ihtiyac\u0131ndan fazla olmas\u0131 durumunda bedelli uygulamas\u0131na gidildi\u011fini belirterek, \u201cBug\u00fcn kayna\u011f\u0131n ihtiyac\u0131 kar\u015f\u0131lama oran\u0131 y\u00fczde 65 oldu\u011fundan, bedelli askerlik uygulamas\u0131na y\u00f6nelik bir \u00e7al\u0131\u015fma bulunmamaktad\u0131r\u201d dedi.<\/p>\n<p style=\"text-align: justify;\"><span style=\"color: #888888;\">Kaynak : Milliyet <\/span><\/p>\n","protected":false},"excerpt":{"rendered":"<\/p>\n<p style=\"text-align: justify;\">Milli Savunma Bakan\u0131 Vecdi G\u00f6n\u00fcl, 125 bin 834 ki\u015finin yararland\u0131\u011f\u0131 bedelli askerlik uygulamas\u0131na yeniden gidilmemesinin bug\u00fcne dek g\u00fcndeme gelmeyen iki nedenini daha a\u00e7\u0131klad\u0131<\/p>\n<p>G\u00f6n\u00fcl, Genelkurmay Ba\u015fkan\u0131 Orgeneral \u0130lker Ba\u015fbu\u011f\u2019un a\u00e7\u0131klad\u0131\u011f\u0131, \u201cAsker ihtiyac\u0131 oldu\u011fu i\u00e7in bedelli askerli\u011fi uygulam\u0131yoruz\u201d gerek\u00e7esinin yan\u0131 s\u0131ra bedelli taksitlerinin \u00f6denmemesi nedeniyle a\u00e7\u0131lan davalar ve ya\u015f b\u00fcy\u00fctme i\u015flemlerinin de sorun <\/p>\n","protected":false},"author":1,"featured_media":0,"comment_status":"open","ping_status":"closed","sticky":false,"template":"","format":"standard","meta":{"footnotes":""},"categories":[105],"tags":[],"class_list":["post-9148","post","type-post","status-publish","format-standard","hentry","category-gundem","odd"],"_links":{"self":[{"href":"http:\/\/www.korhanyilmaz.com\/index.php?rest_route=\/wp\/v2\/posts\/9148","targetHints":{"allow":["GET"]}}],"collection":[{"href":"http:\/\/www.korhanyilmaz.com\/index.php?rest_route=\/wp\/v2\/posts"}],"about":[{"href":"http:\/\/www.korhanyilmaz.com\/index.php?rest_route=\/wp\/v2\/types\/post"}],"author":[{"embeddable":true,"href":"http:\/\/www.korhanyilmaz.com\/index.php?rest_route=\/wp\/v2\/users\/1"}],"replies":[{"embeddable":true,"href":"http:\/\/www.korhanyilmaz.com\/index.php?rest_route=%2Fwp%2Fv2%2Fcomments&post=9148"}],"version-history":[{"count":0,"href":"http:\/\/www.korhanyilmaz.com\/index.php?rest_route=\/wp\/v2\/posts\/9148\/revisions"}],"wp:attachment":[{"href":"http:\/\/www.korhanyilmaz.com\/index.php?rest_route=%2Fwp%2Fv2%2Fmedia&parent=9148"}],"wp:term":[{"taxonomy":"category","embeddable":true,"href":"http:\/\/www.korhanyilmaz.com\/index.php?rest_route=%2Fwp%2Fv2%2Fcategories&post=9148"},{"taxonomy":"post_tag","embeddable":true,"href":"http:\/\/www.korhanyilmaz.com\/index.php?rest_route=%2Fwp%2Fv2%2Ftags&post=9148"}],"curies":[{"name":"wp","href":"https:\/\/api.w.org\/{rel}","templated":true}]}}