{"id":9119,"date":"2009-05-15T16:42:26","date_gmt":"2009-05-15T13:42:26","guid":{"rendered":"http:\/\/www.korhanyilmaz.com\/?p=9119"},"modified":"2009-05-15T16:42:26","modified_gmt":"2009-05-15T13:42:26","slug":"kilicdaroglundan-yeni-bomba","status":"publish","type":"post","link":"http:\/\/www.korhanyilmaz.com\/?p=9119","title":{"rendered":"K\u0131l\u0131\u00e7daro\u011flu&#039;ndan yeni bomba"},"content":{"rendered":"<p style=\"text-align: center;\"><img loading=\"lazy\" decoding=\"async\" class=\"aligncenter size-full wp-image-9120\" src=\"http:\/\/www.korhanyilmaz.com\/wp-content\/uploads\/2009\/05\/160520090303357434823.jpg\" alt=\"\" width=\"329\" height=\"210\" \/><strong><\/strong><\/p>\n<p style=\"text-align: justify;\"><strong><span style=\"font-family: Arial;\">Metrob\u00fcs al\u0131m\u0131nda &#8216;r\u00fc\u015fvet&#8217; iddias\u0131<\/span><\/strong><\/p>\n<p style=\"text-align: justify;\">CHP Grup Ba\u015fkanvekili Kemal K\u0131l\u0131\u00e7daro\u011flu, \u0130stanbul&#8217;da \u00e7al\u0131\u015fmayan metrob\u00fcslerin al\u0131m\u0131nda ciddi r\u00fc\u015fvet \u00e7arklar\u0131n\u0131n d\u00f6nd\u00fc\u011f\u00fc kan\u0131s\u0131nda oldu\u011funu, \u0130stanbul B\u00fcy\u00fck\u015fehir Belediye Ba\u015fkan\u0131 Kadir Topba\u015f&#8217;\u0131n sessiz kald\u0131\u011f\u0131n\u0131, AKP h\u00fck\u00fcmetinin de hesap sormayarak yolsuzlu\u011fu destekledi\u011fini iddia etti. K\u0131l\u0131\u00e7daro\u011flu, &#8220;Bu otob\u00fcslerin al\u0131m\u0131yla ilgili olarak Hollanda&#8217;da derhal soru\u015fturma ba\u015flat\u0131lmas\u0131 laz\u0131md\u0131r. Diyeceksiniz ki, niye T\u00fcrkiye&#8217;de ba\u015flat\u0131lm\u0131yor? \u00c7\u00fcnk\u00fc T\u00fcrkiye&#8217;dekiler bu i\u015fin i\u00e7indeler&#8221; dedi.<\/p>\n<p style=\"text-align: justify;\">Adana Eczac\u0131 Odas\u0131&#8217;n\u0131n d\u00fczenledi\u011fi &#8216;Siyasette Etik&#8217; konulu konferansta konu\u015fmak \u00fczere Adana&#8217;ya gelen Kemal K\u0131l\u0131\u00e7daro\u011flu, partisinin Adana \u0130l Ba\u015fkanl\u0131\u011f\u0131&#8217;n\u0131 ziyaret edip, milletvekilleri, te\u015fkilat y\u00f6neticileri ve partililerle bir araya geldi. <!--more--><\/p>\n<p style=\"text-align: justify;\"><strong>\u0130ETT, \u0130STANBUL&#8217;A UYMAZ RAPORU VERM\u0130\u015e<\/strong><\/p>\n<p style=\"text-align: justify;\">G\u00fcndeme ili\u015fkin gazetecilerin sorular\u0131n\u0131 yan\u0131tlayan Kemal K\u0131l\u0131\u00e7daro\u011flu, T\u00fcrkiye Cumhuriyeti tarihinin en ciddi ve en k\u00f6kl\u00fc yolsuzluklar\u0131n\u0131n AKP h\u00fck\u00fcmeti d\u00f6neminde oldu\u011funu \u00f6ne s\u00fcrd\u00fc. K\u0131l\u0131\u00e7daro\u011flu, AKP h\u00fck\u00fcmetinde ya\u015fand\u0131\u011f\u0131n\u0131 \u00f6ne s\u00fcrd\u00fc\u011f\u00fc yolsuzluklara \u00f6rnek olarak \u0130stanbul&#8217;daki \u00e7al\u0131\u015fmayan metrob\u00fcsleri g\u00f6stererek \u015f\u00f6yle dedi:<\/p>\n<p style=\"text-align: justify;\">&#8220;Yolsuzluk olacak, siz Anakent Belediye Ba\u015fkan\u0131s\u0131n\u0131z, sizden ses \u00e7\u0131kmayacak. Bu yolsuzlu\u011fun ikrar\u0131d\u0131r. Bu i\u015fte yolsuzluk vard\u0131r. Onlar\u0131 hangi firma T\u00fcrkiye&#8217;ye getirmi\u015ftir? Hangi ko\u015fullarda satm\u0131\u015ft\u0131r? Say\u0131n Kadir Topba\u015f, g\u00fcnlerdir gazetelerde man\u015fet olmas\u0131na kar\u015f\u0131n ni\u00e7in sessizli\u011fini korumaktad\u0131r? \u0130\u015fin garip taraf\u0131, kendisine ba\u011fl\u0131 kurulu\u015f olan \u0130ETT, bu otob\u00fcslerin fizibil olmad\u0131\u011f\u0131na ili\u015fkin rapor da vermi\u015ftir. Bu rapora ra\u011fmen, bu otob\u00fcsler al\u0131nm\u0131\u015ft\u0131r.&#8221;<\/p>\n<p style=\"text-align: justify;\"><strong>&#8216;T\u00dcRBANI BIRAK YOKSULLU\u011eA BAK&#8217;<\/strong><\/p>\n<p style=\"text-align: justify;\">Adana&#8217;da merkez Seyhan \u0130l\u00e7e Belediye Meclisi&#8217;nde toplant\u0131lara t\u00fcrbanla kat\u0131lan AKP&#8217;li kad\u0131n \u00fcyeler oldu\u011funu hat\u0131rlatan ve bu konuyla ilgili d\u00fc\u015f\u00fcnceleri sorulan K\u0131l\u0131\u00e7daro\u011flu, siyaset\u00e7inin k\u0131l\u0131k k\u0131yafetle u\u011fra\u015fmamas\u0131 gerekti\u011fini, t\u00fcrban\u0131n siyasetin g\u00fcndeminden d\u00fc\u015fmesi gerekti\u011fini savundu. T\u00fcrkiye&#8217;de insanlar\u0131n a\u00e7, yoksullu\u011fun diz boyu oldu\u011funu ancak t\u00fcrban\u0131n tart\u0131\u015f\u0131ld\u0131\u011f\u0131na dikkat \u00e7eken K\u0131l\u0131\u00e7daro\u011flu, s\u00f6zlerini \u015f\u00f6yle s\u00fcrd\u00fcrd\u00fc:<\/p>\n<p style=\"text-align: justify;\">&#8220;\u0130nsanlar a\u00e7, yoksulluk diz boyu, i\u015fsizlik diz boyu. T\u00fcm bunlar\u0131 b\u0131rak\u0131yoruz t\u00fcrban\u0131 tart\u0131\u015f\u0131yoruz. Ni\u00e7in? Bu bizim g\u00fcndemimizden d\u00fc\u015fmek zorundad\u0131r. Bu g\u00fcndemde tutuldu\u011fu zaman bundan baz\u0131 \u00e7evreler nemalan\u0131yor. Yanl\u0131\u015ft\u0131r. \u0130nsanlar d\u00fc\u015f\u00fcnceleri ve inan\u00e7lar\u0131yla, tanr\u0131n\u0131n yaratt\u0131\u011f\u0131 en kutsal varl\u0131klard\u0131r. Buna inanaca\u011f\u0131z, g\u00fcvenece\u011fiz. \u0130nsanlar\u0131m\u0131z\u0131n tamam\u0131na g\u00fcvenece\u011fiz, inanaca\u011f\u0131z. Siyaset ya\u015fanan sorunlar\u0131 \u00e7\u00f6zme sanat\u0131d\u0131r. Sorunlar\u0131n temelinde ekonomik nedenler yat\u0131yor. Biz o ekonomik sorunlar\u0131 \u00e7\u00f6zmeye talibiz. K\u00fc\u00e7\u00fck ayr\u0131nt\u0131lar\u0131 T\u00fcrkiye&#8217;nin g\u00fcndemine getirip, onu temel bir sorunmu\u015f gibi topluma alg\u0131latmak do\u011fru bir yakla\u015f\u0131m de\u011fil. Sorunlar varsa, kendi yasal \u00e7er\u00e7evesinde \u00e7\u00f6z\u00fcl\u00fcr, ama bunu T\u00fcrkiye&#8217;nin sorunu haline getirmek do\u011fru bir yakla\u015f\u0131m de\u011fil.&#8221;<\/p>\n<p style=\"text-align: justify;\"><span style=\"color: #888888;\">Kaynak : Vatan<\/span><\/p>\n","protected":false},"excerpt":{"rendered":"<p style=\"text-align: center;\">\n<p style=\"text-align: justify;\">Metrob\u00fcs al\u0131m\u0131nda &#8216;r\u00fc\u015fvet&#8217; iddias\u0131<\/p>\n<p style=\"text-align: justify;\">CHP Grup Ba\u015fkanvekili Kemal K\u0131l\u0131\u00e7daro\u011flu, \u0130stanbul&#8217;da \u00e7al\u0131\u015fmayan metrob\u00fcslerin al\u0131m\u0131nda ciddi r\u00fc\u015fvet \u00e7arklar\u0131n\u0131n d\u00f6nd\u00fc\u011f\u00fc kan\u0131s\u0131nda oldu\u011funu, \u0130stanbul B\u00fcy\u00fck\u015fehir Belediye Ba\u015fkan\u0131 Kadir Topba\u015f&#8217;\u0131n sessiz kald\u0131\u011f\u0131n\u0131, AKP h\u00fck\u00fcmetinin de hesap sormayarak yolsuzlu\u011fu destekledi\u011fini iddia etti. K\u0131l\u0131\u00e7daro\u011flu, &#8220;Bu otob\u00fcslerin al\u0131m\u0131yla ilgili olarak Hollanda&#8217;da derhal soru\u015fturma ba\u015flat\u0131lmas\u0131 laz\u0131md\u0131r. Diyeceksiniz <\/p>\n","protected":false},"author":1,"featured_media":0,"comment_status":"open","ping_status":"closed","sticky":false,"template":"","format":"standard","meta":{"footnotes":""},"categories":[105],"tags":[],"class_list":["post-9119","post","type-post","status-publish","format-standard","hentry","category-gundem","odd"],"_links":{"self":[{"href":"http:\/\/www.korhanyilmaz.com\/index.php?rest_route=\/wp\/v2\/posts\/9119","targetHints":{"allow":["GET"]}}],"collection":[{"href":"http:\/\/www.korhanyilmaz.com\/index.php?rest_route=\/wp\/v2\/posts"}],"about":[{"href":"http:\/\/www.korhanyilmaz.com\/index.php?rest_route=\/wp\/v2\/types\/post"}],"author":[{"embeddable":true,"href":"http:\/\/www.korhanyilmaz.com\/index.php?rest_route=\/wp\/v2\/users\/1"}],"replies":[{"embeddable":true,"href":"http:\/\/www.korhanyilmaz.com\/index.php?rest_route=%2Fwp%2Fv2%2Fcomments&post=9119"}],"version-history":[{"count":0,"href":"http:\/\/www.korhanyilmaz.com\/index.php?rest_route=\/wp\/v2\/posts\/9119\/revisions"}],"wp:attachment":[{"href":"http:\/\/www.korhanyilmaz.com\/index.php?rest_route=%2Fwp%2Fv2%2Fmedia&parent=9119"}],"wp:term":[{"taxonomy":"category","embeddable":true,"href":"http:\/\/www.korhanyilmaz.com\/index.php?rest_route=%2Fwp%2Fv2%2Fcategories&post=9119"},{"taxonomy":"post_tag","embeddable":true,"href":"http:\/\/www.korhanyilmaz.com\/index.php?rest_route=%2Fwp%2Fv2%2Ftags&post=9119"}],"curies":[{"name":"wp","href":"https:\/\/api.w.org\/{rel}","templated":true}]}}