{"id":9099,"date":"2009-05-15T10:24:30","date_gmt":"2009-05-15T07:24:30","guid":{"rendered":"http:\/\/www.korhanyilmaz.com\/?p=9099"},"modified":"2009-05-15T10:24:30","modified_gmt":"2009-05-15T07:24:30","slug":"ergenekonda-sok-baglanti","status":"publish","type":"post","link":"http:\/\/www.korhanyilmaz.com\/?p=9099","title":{"rendered":"Ergenekon&#039;da \u015fok ba\u011flant\u0131"},"content":{"rendered":"<p style=\"text-align: center;\"><img loading=\"lazy\" decoding=\"async\" class=\"aligncenter size-full wp-image-9100\" src=\"http:\/\/www.korhanyilmaz.com\/wp-content\/uploads\/2009\/05\/69159_manset.jpg\" alt=\"\" width=\"329\" height=\"189\" \/><\/p>\n<p style=\"text-align: justify;\">Alparslan Arslan&#8217;\u0131n kartviziti bak\u0131n kimden \u00e7\u0131kt\u0131? \u0130\u015fte \u015fok ba\u011flant\u0131&#8230; \u0130ddia edilen ET\u00d6 kapsam\u0131nda g\u00f6zalt\u0131na al\u0131nan Reina&#8217;n\u0131n g\u00fcvenlik\u00e7isinde Dan\u0131\u015ftay sald\u0131rdan\u0131 Arslan&#8217;\u0131n kartviziti \u00e7\u0131kt\u0131. Ancak as\u0131l bomba bu de\u011fil.<\/p>\n<p style=\"text-align: justify;\">G\u00f6zalt\u0131na al\u0131nan g\u00fcvenlik\u00e7iler OYAK&#8217;ta m\u0131 e\u011fitim g\u00f6rd\u00fc?<\/p>\n<p style=\"text-align: justify;\">Hat\u0131rlanaca\u011f\u0131 \u00fczere Dan\u0131\u015ftay bask\u0131n\u0131 ger\u00e7ekle\u015fti\u011finde Dan\u0131\u015ftay binas\u0131n\u0131n g\u00fcvenli\u011fini OYAK G\u00fcvenlik \u015eirketi sa\u011fl\u0131yordu. Binan\u0131n g\u00fcvenli\u011fini sa\u011flayan OYAK&#8217;\u0131n g\u00fcvenlik\u00e7ilerinin sald\u0131r\u0131 an\u0131ndaki ihmalleri \u00e7ok\u00e7a tart\u0131\u015f\u0131lm\u0131\u015ft\u0131.<!--more--><\/p>\n<p style=\"text-align: justify;\">Yine m\u00fc\u015fterilerine 24 saat garanti taahh\u00fcd\u00fcnde bulunan OYAK&#8217;\u0131n yerle\u015ftirdi\u011fi kamera sistemi sald\u0131r\u0131dan bir g\u00fcn \u00f6nce ar\u0131zal\u0131 \u00e7\u0131km\u0131\u015f ve sald\u0131r\u0131 an\u0131 kay\u0131tlarda yer almam\u0131\u015ft\u0131.<\/p>\n<p style=\"text-align: justify;\">Alparslan Arslan&#8217;\u0131n karviziti \u00fczerinde \u00e7\u0131kan g\u00fcvenlik\u00e7i ve arkada\u015f\u0131n\u0131n OYAK G\u00fcvenlik \u015eirketi&#8217;nde e\u011fitim g\u00f6rd\u00fc\u011f\u00fc iddia edildi&#8230;<\/p>\n<p style=\"text-align: justify;\"><strong>\u0130\u015eTE \u00c7ARPICI BA\u011eLANTILAR&#8230;<\/strong><\/p>\n<p style=\"text-align: justify;\">Reina&#8217;n\u0131n g\u00fcvenlik M\u00fcd\u00fcr\u00fc Ergin Geldikaya&#8217;n\u0131n ard\u0131ndan g\u00f6zalt\u0131na al\u0131nan iki g\u00fcvenlik\u00e7iden birinde Dan\u0131\u015ftay sald\u0131s\u0131r\u0131s\u0131n\u0131 ger\u00e7ekle\u015ftiren Alparslan Arslan&#8217;\u0131n kartvizitleri \u00e7\u0131kt\u0131. \u0130ki g\u00fcvenlik\u00e7i de, Dan\u0131\u015ftay&#8217;\u0131n g\u00fcvenli\u011fini sa\u011flayan \u015firkette e\u011fitim alm\u0131\u015f.<\/p>\n<p style=\"text-align: justify;\">Poyrazk\u00f6y ile Reina&#8217;n\u0131n g\u00fcvenlik m\u00fcd\u00fcr\u00fc Ergin Geldikaya&#8217;da ele ge\u00e7en cephaneli\u011fe ili\u015fkin soru\u015fturman\u0131n ucu Dan\u0131\u015ftay sald\u0131r\u0131s\u0131na uzand\u0131. Reina G\u00fcvenlik M\u00fcd\u00fcr\u00fc eski SAT Komandosu emekli Astsubay Ergin Geldikaya ile birlikte g\u00f6zalt\u0131na al\u0131nan iki g\u00fcvenlik\u00e7inin ise Dan\u0131\u015ftay&#8217;\u0131n g\u00fcvenli\u011fini sa\u011flayan \u015firkette e\u011fitim ald\u0131\u011f\u0131 iddia edildi. \u015e\u00fcphelilerden birinde Dan\u0131\u015ftay sald\u0131r\u0131s\u0131n\u0131 ger\u00e7ekle\u015ftiren Alparlan Arslan&#8217;a ait kartvizitlerin de \u00e7\u0131kt\u0131\u011f\u0131 \u00f6\u011frenildi. Poyrazk\u00f6y ve Reina bask\u0131n\u0131nda ele ge\u00e7en cephanelikte bulunan silahlar ile Dan\u0131\u015ftay sald\u0131r\u0131s\u0131 aras\u0131ndaki ba\u011flant\u0131n\u0131n da ara\u015ft\u0131r\u0131ld\u0131\u011f\u0131 belirtildi.<\/p>\n<p style=\"text-align: justify;\"><strong>ESK\u0130 SEVG\u0130L\u0130 \u0130HBARI<\/strong><\/p>\n<p style=\"text-align: justify;\">\u00d6nceki g\u00fcn g\u00f6zalt\u0131na al\u0131nan Ergin Geldikaya&#8217;n\u0131n, bilgisine ba\u015fvurulmak \u00fczere d\u00fcn g\u00f6zalt\u0131na al\u0131nan Seray Sever A&#8217;n\u0131n ihbar\u0131yla yakaland\u0131\u011f\u0131 \u00f6\u011frenildi. &#8216;Eski sevgili&#8217; oldu\u011fu iddia edilen A&#8217;n\u0131n, Ergenekon soru\u015fturmas\u0131n\u0131 y\u00fcr\u00fcten \u0130stanbul Cumhuriyet Ba\u015fsavc\u0131l\u0131\u011f\u0131&#8217;na yapt\u0131\u011f\u0131 ihbar\u0131n ard\u0131ndan Geldikaya&#8217;n\u0131n teknik takibe al\u0131narak izlendi\u011fi, ard\u0131ndan operasyonun d\u00fczenlendi\u011fi belirtildi. Geldikaya&#8217;n\u0131n evinde yap\u0131lan aramada t\u00fcfek bombalar\u0131, el bomlalar\u0131, bomba yap\u0131mda kullan\u0131lan malzemeler ve 3 bin mermi ele ge\u00e7irildi\u011fi \u00f6\u011frenildi. Geldikaya&#8217;n\u0131n evinde el konulan belgelerde yap\u0131lan inceleme ve teknik takipte elde edilen bilgilerden yola \u00e7\u0131kan polisin, Geldikaya ile irtibatl\u0131 oldu\u011fu belirlenen Hakan Arslan ve A\u015fk\u0131n Lale isimli g\u00fcvenlik\u00e7ileri de g\u00f6zalt\u0131na ald\u0131. Hakan Arslan&#8217;\u0131n Dan\u0131\u015ftay sald\u0131r\u0131s\u0131 s\u0131ras\u0131nda Dan\u0131\u015ftay&#8217;\u0131n g\u00fcvenli\u011fini sa\u011flayan bir \u015firkette e\u011fitim ald\u0131\u011f\u0131 iddia edildi. Hakan Arslan&#8217;\u0131n g\u00f6zalt\u0131na al\u0131nd\u0131\u011f\u0131 s\u0131rada \u00fczerinde yap\u0131lan aramada Alparslan Arslan&#8217;a ait kartvizitler \u00e7\u0131kt\u0131\u011f\u0131 \u00f6\u011frenildi.<\/p>\n<p style=\"text-align: justify;\"><strong>\u0130LG\u0130N\u00c7 BA\u011eLANTILAR<\/strong><\/p>\n<p style=\"text-align: justify;\">G\u00f6zalt\u0131na al\u0131nd\u0131ktan sonra \u0130stanbul Emniyet M\u00fcd\u00fcrl\u00fc\u011f\u00fc&#8217;nde sorguya al\u0131nan Reina&#8217;n\u0131n g\u00fcvenlik m\u00fcd\u00fcr\u00fc Geldikaya&#8217;n\u0131n, Poyrazk\u00f6y&#8217;de bulunan cephanelikle ilgili olu\u011fu gerek\u00e7esiyle tutuklanan Emeklli Deniz Binba\u015f\u0131 Levent Bekta\u015f ile irtibatta oludu\u011fu iddia edildi. Soru\u015fturma kapsam\u0131nda bir emekli astsubay\u0131n arand\u0131\u011f\u0131, aranan bu emekli astsubay\u0131n da Ergenekon tutuklulur\u0131 ile ba\u011flant\u0131s\u0131n\u0131n tesbit edildi\u011fi iddia edildi. G\u00f6zalt\u0131na al\u0131nan \u00fc\u00e7 ki\u015finin sorgusu devam ediyor.<\/p>\n<p style=\"text-align: justify;\"><strong>&#8216;Operasyon bize de\u011fil g\u00fcvenli\u011fe&#8217;<\/strong><\/p>\n<p style=\"text-align: justify;\">Reina&#8217;n\u0131n i\u015fletmecisinin avukat\u0131 Mehmet I\u015f\u0131k, son Ergenekon operasyonunun i\u015fletmeleriyle bir ilgisinin bulunmad\u0131\u011f\u0131n\u0131 a\u00e7\u0131klad\u0131. Aramalar\u0131n tamamen hizmet veren \u00f6zel g\u00fcvenlik \u015firketi eleman\u0131yla ilgili oldu\u011funu belirten I\u015f\u0131k, Reina&#8217;n\u0131n m\u00fc\u015fterilerinin g\u00fcvenli\u011fi i\u00e7in Marmara \u00d6zel G\u00fcvenlik \u015eirketi&#8217;nden hizmet ald\u0131\u011f\u0131n\u0131 s\u00f6yledi. Reina&#8217;da \u00e7al\u0131\u015fan g\u00fcvenlik g\u00f6revlileri hakk\u0131ndaki ara\u015ft\u0131rma ve soru\u015fturmadan Marmara G\u00fcvenlik \u015eirketi&#8217;nin sorumlu oldu\u011funu belirten Avukat I\u015f\u0131k, &#8216;Hakk\u0131nda ara\u015ft\u0131rma yap\u0131lan g\u00fcvenlik g\u00f6revlisinin, emekli asker oldu\u011fu \u00f6\u011frenilmi\u015ftir&#8221; dedi.<\/p>\n<p style=\"text-align: justify;\"><span style=\"color: #888888;\">AKT\u0130FHABER &#8211; STAR<\/span><\/p>\n","protected":false},"excerpt":{"rendered":"<p style=\"text-align: center;\">\n<p style=\"text-align: justify;\">Alparslan Arslan&#8217;\u0131n kartviziti bak\u0131n kimden \u00e7\u0131kt\u0131? \u0130\u015fte \u015fok ba\u011flant\u0131&#8230; \u0130ddia edilen ET\u00d6 kapsam\u0131nda g\u00f6zalt\u0131na al\u0131nan Reina&#8217;n\u0131n g\u00fcvenlik\u00e7isinde Dan\u0131\u015ftay sald\u0131rdan\u0131 Arslan&#8217;\u0131n kartviziti \u00e7\u0131kt\u0131. Ancak as\u0131l bomba bu de\u011fil.<\/p>\n<p style=\"text-align: justify;\">G\u00f6zalt\u0131na al\u0131nan g\u00fcvenlik\u00e7iler OYAK&#8217;ta m\u0131 e\u011fitim g\u00f6rd\u00fc?<\/p>\n<p style=\"text-align: justify;\">Hat\u0131rlanaca\u011f\u0131 \u00fczere Dan\u0131\u015ftay bask\u0131n\u0131 ger\u00e7ekle\u015fti\u011finde Dan\u0131\u015ftay binas\u0131n\u0131n g\u00fcvenli\u011fini OYAK G\u00fcvenlik \u015eirketi sa\u011fl\u0131yordu. <\/p>\n","protected":false},"author":1,"featured_media":0,"comment_status":"open","ping_status":"closed","sticky":false,"template":"","format":"standard","meta":{"footnotes":""},"categories":[105],"tags":[],"class_list":["post-9099","post","type-post","status-publish","format-standard","hentry","category-gundem","odd"],"_links":{"self":[{"href":"http:\/\/www.korhanyilmaz.com\/index.php?rest_route=\/wp\/v2\/posts\/9099","targetHints":{"allow":["GET"]}}],"collection":[{"href":"http:\/\/www.korhanyilmaz.com\/index.php?rest_route=\/wp\/v2\/posts"}],"about":[{"href":"http:\/\/www.korhanyilmaz.com\/index.php?rest_route=\/wp\/v2\/types\/post"}],"author":[{"embeddable":true,"href":"http:\/\/www.korhanyilmaz.com\/index.php?rest_route=\/wp\/v2\/users\/1"}],"replies":[{"embeddable":true,"href":"http:\/\/www.korhanyilmaz.com\/index.php?rest_route=%2Fwp%2Fv2%2Fcomments&post=9099"}],"version-history":[{"count":0,"href":"http:\/\/www.korhanyilmaz.com\/index.php?rest_route=\/wp\/v2\/posts\/9099\/revisions"}],"wp:attachment":[{"href":"http:\/\/www.korhanyilmaz.com\/index.php?rest_route=%2Fwp%2Fv2%2Fmedia&parent=9099"}],"wp:term":[{"taxonomy":"category","embeddable":true,"href":"http:\/\/www.korhanyilmaz.com\/index.php?rest_route=%2Fwp%2Fv2%2Fcategories&post=9099"},{"taxonomy":"post_tag","embeddable":true,"href":"http:\/\/www.korhanyilmaz.com\/index.php?rest_route=%2Fwp%2Fv2%2Ftags&post=9099"}],"curies":[{"name":"wp","href":"https:\/\/api.w.org\/{rel}","templated":true}]}}