{"id":9085,"date":"2009-05-13T15:08:01","date_gmt":"2009-05-13T12:08:01","guid":{"rendered":"http:\/\/www.korhanyilmaz.com\/?p=9085"},"modified":"2009-05-13T15:08:01","modified_gmt":"2009-05-13T12:08:01","slug":"demirel%e2%80%99den-cindoruk%e2%80%99a-tam-destek","status":"publish","type":"post","link":"http:\/\/www.korhanyilmaz.com\/?p=9085","title":{"rendered":"Demirel\u2019den Cindoruk\u2019a tam destek&#8230;"},"content":{"rendered":"<p style=\"text-align: justify;\"><img loading=\"lazy\" decoding=\"async\" class=\"aligncenter size-full wp-image-9086\" title=\"Demirel\u2019den Cindoruk\u2019a tam destek... \" src=\"http:\/\/www.korhanyilmaz.com\/wp-content\/uploads\/2009\/05\/140520090159145613629.jpg\" alt=\"Demirel\u2019den Cindoruk\u2019a tam destek... \" width=\"320\" height=\"100\" \/><strong><span style=\"font-family: Arial;\">Orta sa\u011f\u0131 toparlayacak ki\u015fi Cindoruk\u2019tur.<\/span><\/strong><\/p>\n<p>Demirel, Pazar g\u00fcn\u00fc yap\u0131lacak DP Kongresi \u00f6ncesi a\u011f\u0131rl\u0131\u011f\u0131n\u0131 koydu ve dava arkada\u015f\u0131na destek verdi: \u0130ktidar partisi orta sa\u011f parti de\u011fildir. DP kongresi orta sa\u011f\u0131n yeniden toparlanmas\u0131, aya\u011fa kald\u0131r\u0131lmas\u0131 i\u00e7in \u00f6nemlidir. Cindoruk bunu ba\u015farabilir.<\/p>\n<p style=\"text-align: justify;\">H\u00dcSAMETT\u0130N Cindoruk \u201d merkez sa\u011f siyaseti toparlayaca\u011f\u0131m, aya\u011fa kald\u0131raca\u011f\u0131m \u201c iddias\u0131 ile adayl\u0131\u011f\u0131n\u0131 ilan etmemi\u015f olsayd\u0131 muhtemelen iki g\u00fcn sonra yap\u0131lacak olan DP kongresi muhtemelen kimsenin ilgisini \u00e7ekmeyecekti.<br \/>\n<!--more--><br \/>\nCindoruk\u2019un adayl\u0131\u011f\u0131 ile birlikte DP\u2019de m\u00fcthi\u015f bir hareketlilik ba\u015flad\u0131. \u0130stifas\u0131 nedeniyle kongreye gidilen genel ba\u015fkan S\u00fcleyman Soylu yeniden aday oldu, Mehmet Ali Bayar aday oldu. K\u0131yas\u0131ya yar\u0131\u015f\u0131n \u00f6tesinde \u00e7e\u015fitli \u00e7evrelerden Cindoruk\u2019a y\u00f6nelik inan\u0131lmaz bir karalama kampanyas\u0131 da y\u00fcr\u00fct\u00fcl\u00fcyor.\n<\/p>\n<p style=\"text-align: justify;\">\u015eimdi soru \u015fu bu \u015fartlar alt\u0131nda Cindoruk acaba kongreyi kazanabilecek mi? Destek verenlere g\u00f6re kesin kazanacak ama tabii ki sonu\u00e7 iki g\u00fcn sonra belli olacak.<\/p>\n<p style=\"text-align: justify;\">Bu arada DP delegelerinin de kamuoyunun da merak etti\u011fi nokta DP kongresi konusunda acaba merkez sa\u011f\u0131n do\u011fal lideri S\u00fcleyman Demirel ne d\u00fc\u015f\u00fcn\u00fcyor? Cindoruk\u2019a destek veriyor mu?<\/p>\n<p style=\"text-align: justify;\">D\u00fcn 9. Cumhurba\u015fkan\u0131 S\u00fcleyman Demirel ile telefonda konu\u015ftuk. \u00d6nce \u015fu k\u0131sa genel de\u011ferlendirmeyi yapt\u0131 Demirel: \u201d Bug\u00fcn T\u00fcrkiye\u2019de siyaset bunal\u0131ml\u0131d\u0131r. Bunun nedeni de orta sa\u011f\u0131n tahrip olmu\u015f olmas\u0131ndand\u0131r. Ge\u00e7en 50 sene i\u00e7erisinde yani 20. y\u00fczy\u0131l\u0131n ikinci yar\u0131s\u0131n\u0131n y\u00fczde 80\u2019inde iktidar olan orta sa\u011f bug\u00fcn yok olmu\u015f denecek \u00f6l\u00e7\u00fcde tahrip olmu\u015ftur. T\u00fcrkiye\u2019nin kalk\u0131nmas\u0131n\u0131n, geli\u015fmesinin y\u00fczde 80\u2019inde orta sa\u011f vard\u0131r. Orta sa\u011f hep y\u00fczde 50\u2019lerin \u00fcst\u00fcnde bir oya sahip olmu\u015ftur T\u00fcrkiye\u2019de. En son 79 se\u00e7imlerinde y\u00fczde 55\u2019tir Adalet Partisi\u2019nin oyu.<\/p>\n<p style=\"text-align: justify;\">12 Eyl\u00fcl darbesi kapatt\u0131 AP\u2019yi . 10 sene m\u00fccadele ettik yeniden aya\u011fa kald\u0131rd\u0131k ama da\u011f\u0131lm\u0131\u015f, par\u00e7alanm\u0131\u015ft\u0131. Y\u00fczde 27 ile yeniden iktidar yapt\u0131k. Ama sonraki y\u0131llarda bilinen sebeplerle da\u011f\u0131ld\u0131, da\u011f\u0131t\u0131ld\u0131, tahrip edildi. Fakat misyonu duruyor orta yerde. Bu misyona T\u00fcrkiye\u2019nin \u00e7ok ihtiyac\u0131 var ama orta sa\u011f parti yok.<\/p>\n<p style=\"text-align: justify;\"><strong>\u0130ktidardaki parti orta sa\u011f say\u0131lmaz m\u0131?<\/strong><\/p>\n<p style=\"text-align: justify;\">Hay\u0131r say\u0131lmaz. \u0130ktidar partisi orta sa\u011f parti de\u011fildir. \u0130ktidar partisi Milli G\u00f6r\u00fc\u015f\u2019\u00fcn geli\u015ftirilmi\u015f \u015feklidir. Kurucular\u0131na, \u00f6nderlerine bak\u0131n hi\u00e7birinin orta sa\u011f ile alakas\u0131 yok. \u0130ktidar partisi Saadet Partisi\u2019nin bir ba\u015fka versiyonudur. Zaten o y\u00fczden orta sa\u011f misyonuna ihtiya\u00e7 vard\u0131r. T\u00fcrkiye\u2019nin do\u011fusundan bat\u0131s\u0131na, kuzeyinden g\u00fcneyine \u0131rk ve din meselelerini misyon yapmayan, Cumhuriyet de\u011ferlerine Atat\u00fcrk ilkelerine, T\u00fcrkiye\u2019nin geleneklerine sahip \u00e7\u0131kan bir siyasi harekete ihtiya\u00e7 var. Say\u0131n Cindoruk\u2019un s\u00f6ylediklerine dikkat edin, ayn\u0131 \u015feyleri s\u00f6yl\u00fcyor. Yap\u0131lmas\u0131 gereken budur. Yap\u0131lmas\u0131 gerekeni yapamazsan\u0131z T\u00fcrkiye rahat edemez. Siyaset i\u015flemez, siyasi partiler rejimi i\u015flemez. \u0130\u015fte iki g\u00fcn sonra yap\u0131lacak olan DP kongresi bunun zemini olacakt\u0131r. Bu kongre orta sa\u011f\u0131n yeniden toparlanmas\u0131, aya\u011fa kald\u0131r\u0131lmas\u0131 i\u00e7in \u00f6nemlidir. T\u00fcrkiye i\u00e7in, siyasi partiler rejiminin i\u015flemesi i\u00e7in \u00f6nemlidir. Say\u0131n Cindoruk ve arkada\u015flar\u0131n\u0131n bunu ba\u015faraca\u011f\u0131na inan\u0131yorum.<\/p>\n<p style=\"text-align: justify;\"><strong>Siz Cindoruk\u2019u destekliyor musunuz?<\/strong><\/p>\n<p style=\"text-align: justify;\">Biz Say\u0131n Cindoruk\u2019la 60\u2019l\u0131 y\u0131llardan beri bu m\u00fccadelenin i\u00e7indeyiz. Say\u0131n Cindoruk orta sa\u011fda bu toparlanmay\u0131 yapabilecek olan ba\u015fta gelen ki\u015fidir. Say\u0131n Cindoruk\u2019u iyi anlamak laz\u0131md\u0131r. E\u011fer isteseydi 1993\u2019te bu misyonun o zaman lideri olurdu. O g\u00fcn istemedi, kenara \u00e7ekildi. Ama bug\u00fcn sistemin i\u015flemesindeki ar\u0131zalar\u0131 g\u00f6rd\u00fc\u011f\u00fc i\u00e7in, orta sa\u011fdaki bu toparlanmay\u0131 yapmak i\u00e7in yola \u00e7\u0131k\u0131yor. Ben de T\u00fcrkiye\u2019nin bu toparlanmaya ihtiyac\u0131 oldu\u011funu bildi\u011fim i\u00e7in bu harekete destek veriyorum. Ayr\u0131ca senelerce ba\u015f\u0131n\u0131 \u00e7ekti\u011fim siyasi hareketin \u00f6lmesine g\u00f6nl\u00fcm raz\u0131 olmaz. Bug\u00fcn hem orta sa\u011f\u0131n hem orta solun toparlanmas\u0131 laz\u0131md\u0131r. T\u00fcrkiye\u2019nin buna ihtiyac\u0131 var.<\/p>\n<p style=\"text-align: justify;\"><strong>Cindoruk\u2019un kongreyi kazanabilmesi i\u00e7in delege baz\u0131nda giri\u015fimleriniz var m\u0131?<\/strong><\/p>\n<p style=\"text-align: justify;\">Ge\u00e7mi\u015fimde Cumhurba\u015fkanl\u0131\u011f\u0131 h\u00fcviyetim olmasa oralara da inerim. Ama benim oralara inmeme gerek olaca\u011f\u0131n\u0131 da sanm\u0131yorum. O ihtiyac\u0131 duyan ki\u015filer gerekeni yapacaklard\u0131r. \u015eu da var ki bu i\u015fin neticesi \u00f6nemli de\u011fil, hareketin kendisi \u00f6nemlidir. DP kongresi sa\u011f duyu ile bu hareketin fark\u0131na var\u0131rsa var\u0131r. Ama varmazsa hareket devam eder ve ba\u015fka bir yerde ye\u015ferir geli\u015fir, iktidar aday\u0131 olur&#8230;<\/p>\n<p style=\"text-align: justify;\"><span style=\"color: #888888;\">Kaynak : Bilal \u00c7etin &#8211; Vatan<\/span><\/p>\n","protected":false},"excerpt":{"rendered":"<p style=\"text-align: justify;\">Orta sa\u011f\u0131 toparlayacak ki\u015fi Cindoruk\u2019tur.<\/p>\n<p>Demirel, Pazar g\u00fcn\u00fc yap\u0131lacak DP Kongresi \u00f6ncesi a\u011f\u0131rl\u0131\u011f\u0131n\u0131 koydu ve dava arkada\u015f\u0131na destek verdi: \u0130ktidar partisi orta sa\u011f parti de\u011fildir. DP kongresi orta sa\u011f\u0131n yeniden toparlanmas\u0131, aya\u011fa kald\u0131r\u0131lmas\u0131 i\u00e7in \u00f6nemlidir. Cindoruk bunu ba\u015farabilir.<\/p>\n<p style=\"text-align: justify;\">H\u00dcSAMETT\u0130N Cindoruk \u201d merkez sa\u011f siyaseti toparlayaca\u011f\u0131m, aya\u011fa kald\u0131raca\u011f\u0131m \u201c iddias\u0131 ile adayl\u0131\u011f\u0131n\u0131 <\/p>\n","protected":false},"author":1,"featured_media":0,"comment_status":"open","ping_status":"closed","sticky":false,"template":"","format":"standard","meta":{"footnotes":""},"categories":[105],"tags":[],"class_list":["post-9085","post","type-post","status-publish","format-standard","hentry","category-gundem","odd"],"_links":{"self":[{"href":"http:\/\/www.korhanyilmaz.com\/index.php?rest_route=\/wp\/v2\/posts\/9085","targetHints":{"allow":["GET"]}}],"collection":[{"href":"http:\/\/www.korhanyilmaz.com\/index.php?rest_route=\/wp\/v2\/posts"}],"about":[{"href":"http:\/\/www.korhanyilmaz.com\/index.php?rest_route=\/wp\/v2\/types\/post"}],"author":[{"embeddable":true,"href":"http:\/\/www.korhanyilmaz.com\/index.php?rest_route=\/wp\/v2\/users\/1"}],"replies":[{"embeddable":true,"href":"http:\/\/www.korhanyilmaz.com\/index.php?rest_route=%2Fwp%2Fv2%2Fcomments&post=9085"}],"version-history":[{"count":0,"href":"http:\/\/www.korhanyilmaz.com\/index.php?rest_route=\/wp\/v2\/posts\/9085\/revisions"}],"wp:attachment":[{"href":"http:\/\/www.korhanyilmaz.com\/index.php?rest_route=%2Fwp%2Fv2%2Fmedia&parent=9085"}],"wp:term":[{"taxonomy":"category","embeddable":true,"href":"http:\/\/www.korhanyilmaz.com\/index.php?rest_route=%2Fwp%2Fv2%2Fcategories&post=9085"},{"taxonomy":"post_tag","embeddable":true,"href":"http:\/\/www.korhanyilmaz.com\/index.php?rest_route=%2Fwp%2Fv2%2Ftags&post=9085"}],"curies":[{"name":"wp","href":"https:\/\/api.w.org\/{rel}","templated":true}]}}