{"id":9068,"date":"2009-05-13T10:28:24","date_gmt":"2009-05-13T07:28:24","guid":{"rendered":"http:\/\/www.korhanyilmaz.com\/?p=9068"},"modified":"2009-05-13T10:28:24","modified_gmt":"2009-05-13T07:28:24","slug":"baykaldan-degisiklik-icin-tek-sart","status":"publish","type":"post","link":"http:\/\/www.korhanyilmaz.com\/?p=9068","title":{"rendered":"Baykal&#039;dan de\u011fi\u015fiklik i\u00e7in tek \u015fart"},"content":{"rendered":"<p style=\"text-align: center;\"><img loading=\"lazy\" decoding=\"async\" class=\"aligncenter size-full wp-image-9069\" title=\"Baykal'dan de\u011fi\u015fiklik i\u00e7in tek \u015fart\" src=\"http:\/\/www.korhanyilmaz.com\/wp-content\/uploads\/2009\/05\/68912_manset.jpg\" alt=\"Baykal'dan de\u011fi\u015fiklik i\u00e7in tek \u015fart\" width=\"329\" height=\"189\" \/><\/p>\n<div id=\"ctl00_ortayer_haberOzet\" class=\"haberOzet\" style=\"text-align: justify;\">CHP lideri Baykal, d\u00fcn &#8220;yeni anayasa \u00e7al\u0131\u015fmas\u0131n\u0131 g\u00f6rmek istediklerini&#8221; s\u00f6yledi&#8230;<\/div>\n<p style=\"text-align: justify;\">Bug\u00fcne kadar AK Parti&#8217;nin g\u00fcndeme getirdi\u011fi hi\u00e7bir anayasa de\u011fi\u015fikli\u011fine s\u0131cak bakmayan CHP lideri Baykal, d\u00fcn &#8220;yeni anayasa \u00e7al\u0131\u015fmas\u0131n\u0131 g\u00f6rmek istediklerini&#8221; s\u00f6yledi&#8230;<\/p>\n<p style=\"text-align: justify;\">CHP Genel Ba\u015fkan\u0131 Deniz Baykal, h\u00fck\u00fcmetin yeni anayasa de\u011fi\u015fikli\u011fiyle ilgili resmi a\u00e7\u0131klama yapmas\u0131n\u0131 beklediklerini s\u00f6yledi. Bug\u00fcne kadar &#8220;laiklik kar\u015f\u0131t\u0131 giri\u015fimlerin oda\u011f\u0131&#8221; oldu\u011fu gerek\u00e7esiyle AK Parti&#8217;nin g\u00fcndeme getirece\u011fi hi\u00e7bir anayasa de\u011fi\u015fikli\u011fine s\u0131cak bakmayacaklar\u0131n\u0131 s\u00f6yleyen Baykal, partisinin d\u00fcnk\u00fc grup konu\u015fmas\u0131nda &#8220;\u00f6nce yeni anayasa \u00e7al\u0131\u015fmas\u0131n\u0131 g\u00f6rmek istediklerini&#8221; s\u00f6yledi. <!--more--><\/p>\n<p style=\"text-align: justify;\">&#8220;Resmi bir a\u00e7\u0131klama yap\u0131n, ona g\u00f6re konu\u015fulsun diyoruz&#8221; diyen Baykal, Cumhurba\u015fkan\u0131 g\u00f6rev s\u00fcrelerinin uzat\u0131lmas\u0131 ile Anayasa Mahkemesi&#8217;nin yap\u0131s\u0131n\u0131n de\u011fi\u015ftirilmesine y\u00f6nelik yap\u0131lacak de\u011fi\u015fikli\u011fe kar\u015f\u0131 olacaklar\u0131n\u0131 vurgulad\u0131.<\/p>\n<p style=\"text-align: justify;\"><strong>Bizden ne isteniyor <\/strong><\/p>\n<p style=\"text-align: justify;\">Cumhurba\u015fkan\u0131 G\u00fcl&#8217;\u00fcn &#8220;K\u00fcrt sorunu i\u00e7in tarihi f\u0131rsat&#8221; a\u00e7\u0131klamas\u0131n\u0131da de\u011ferlendiren Baykal, &#8220;\u00c7\u00f6z\u00fcm i\u00e7in her \u015feyi yapmaya haz\u0131r\u0131z ama bizden istenen nedir onu bilelim&#8221; dedi.<br \/>\n<strong><br \/>\n\u00c7elik de Baykal\u2019\u0131 dinledi<\/strong>\n<\/p>\n<p style=\"text-align: justify;\">Ad\u0131 Ergenekon davas\u0131nda da ge\u00e7en \u00fcnl\u00fc \u015fark\u0131c\u0131 \u00c7elik, CHP&#8217;nin d\u00fcnk\u00fc grup toplant\u0131s\u0131na kat\u0131ld\u0131. Mehmet Sevigen&#8217;le birlikte grup salonuna gelen ve Baykal&#8217;\u0131n konu\u015fmas\u0131n\u0131 dinleyen \u00c7elik, grup toplant\u0131s\u0131 sonras\u0131nda Baykal&#8217;la bir s\u00fcre sohbet etti.<\/p>\n<p style=\"text-align: justify;\">Sevigen, \u00c7elik&#8217;in \u00f6zel bir i\u015fi i\u00e7in Ankara&#8217;da bulundu\u011funu, bu \u00e7er\u00e7evede CHP Grup Toplant\u0131s\u0131&#8217;n\u0131 izlemek i\u00e7in TBMM&#8217;ye geldi\u011fini s\u00f6yledi. \u00c7elik&#8217;in ismi Ergenekon Davas\u0131 kapsam\u0131nda bir s\u00fcre \u00f6nce g\u00fcndeme gelmi\u015fti. Savc\u0131 Zekeriya \u00d6z, soru\u015fturma kapsam\u0131nda tutuklu bulunan Atilla U\u011fur ile ba\u011flant\u0131l\u0131 oldu\u011fu ve onun emrinde \u00e7al\u0131\u015ft\u0131\u011f\u0131 y\u00f6n\u00fcndeki iddialar nedeniyle \u00c7elik&#8217;in ifade vermesini istemi\u015fti. \u00c7elik, 2007 y\u0131l\u0131nda yap\u0131lan Cumhuriyet mitinglerinde de sahne alm\u0131\u015ft\u0131.<\/p>\n<p style=\"text-align: justify;\"><span style=\"color: #888888;\">Kaynak : Bug\u00fcn<\/span><\/p>\n","protected":false},"excerpt":{"rendered":"<p style=\"text-align: center;\">\n<p> CHP lideri Baykal, d\u00fcn &#8220;yeni anayasa \u00e7al\u0131\u015fmas\u0131n\u0131 g\u00f6rmek istediklerini&#8221; s\u00f6yledi&#8230; <\/p>\n<p style=\"text-align: justify;\">Bug\u00fcne kadar AK Parti&#8217;nin g\u00fcndeme getirdi\u011fi hi\u00e7bir anayasa de\u011fi\u015fikli\u011fine s\u0131cak bakmayan CHP lideri Baykal, d\u00fcn &#8220;yeni anayasa \u00e7al\u0131\u015fmas\u0131n\u0131 g\u00f6rmek istediklerini&#8221; s\u00f6yledi&#8230;<\/p>\n<p style=\"text-align: justify;\">CHP Genel Ba\u015fkan\u0131 Deniz Baykal, h\u00fck\u00fcmetin yeni anayasa de\u011fi\u015fikli\u011fiyle ilgili resmi a\u00e7\u0131klama yapmas\u0131n\u0131 beklediklerini s\u00f6yledi. Bug\u00fcne kadar <\/p>\n","protected":false},"author":1,"featured_media":0,"comment_status":"open","ping_status":"closed","sticky":false,"template":"","format":"standard","meta":{"footnotes":""},"categories":[105],"tags":[],"class_list":["post-9068","post","type-post","status-publish","format-standard","hentry","category-gundem","odd"],"_links":{"self":[{"href":"http:\/\/www.korhanyilmaz.com\/index.php?rest_route=\/wp\/v2\/posts\/9068","targetHints":{"allow":["GET"]}}],"collection":[{"href":"http:\/\/www.korhanyilmaz.com\/index.php?rest_route=\/wp\/v2\/posts"}],"about":[{"href":"http:\/\/www.korhanyilmaz.com\/index.php?rest_route=\/wp\/v2\/types\/post"}],"author":[{"embeddable":true,"href":"http:\/\/www.korhanyilmaz.com\/index.php?rest_route=\/wp\/v2\/users\/1"}],"replies":[{"embeddable":true,"href":"http:\/\/www.korhanyilmaz.com\/index.php?rest_route=%2Fwp%2Fv2%2Fcomments&post=9068"}],"version-history":[{"count":0,"href":"http:\/\/www.korhanyilmaz.com\/index.php?rest_route=\/wp\/v2\/posts\/9068\/revisions"}],"wp:attachment":[{"href":"http:\/\/www.korhanyilmaz.com\/index.php?rest_route=%2Fwp%2Fv2%2Fmedia&parent=9068"}],"wp:term":[{"taxonomy":"category","embeddable":true,"href":"http:\/\/www.korhanyilmaz.com\/index.php?rest_route=%2Fwp%2Fv2%2Fcategories&post=9068"},{"taxonomy":"post_tag","embeddable":true,"href":"http:\/\/www.korhanyilmaz.com\/index.php?rest_route=%2Fwp%2Fv2%2Ftags&post=9068"}],"curies":[{"name":"wp","href":"https:\/\/api.w.org\/{rel}","templated":true}]}}