{"id":9065,"date":"2009-05-13T10:25:42","date_gmt":"2009-05-13T07:25:42","guid":{"rendered":"http:\/\/www.korhanyilmaz.com\/?p=9065"},"modified":"2009-05-13T10:25:42","modified_gmt":"2009-05-13T07:25:42","slug":"ocalan%e2%80%99in-%e2%80%98akil-adamlari%e2%80%99-ve-turkmen-meraki","status":"publish","type":"post","link":"http:\/\/www.korhanyilmaz.com\/?p=9065","title":{"rendered":"\u00d6calan\u2019\u0131n \u2018akil adamlar\u0131\u2019 ve T\u00fcrkmen merak\u0131"},"content":{"rendered":"<p style=\"text-align: center;\"><img loading=\"lazy\" decoding=\"async\" class=\"aligncenter size-full wp-image-9066\" title=\"\u00d6calan\u2019\u0131n \u2018akil adamlar\u0131\u2019 ve T\u00fcrkmen merak\u0131\" src=\"http:\/\/www.korhanyilmaz.com\/wp-content\/uploads\/2009\/05\/68920_manset.jpg\" alt=\"\u00d6calan\u2019\u0131n \u2018akil adamlar\u0131\u2019 ve T\u00fcrkmen merak\u0131\" width=\"329\" height=\"189\" \/><\/p>\n<p style=\"text-align: justify;\">Hasan Cemal&#8217;in, PKK lideri Murat Karay\u0131lan ile yapt\u0131\u011f\u0131 s\u00f6yle\u015finin yank\u0131lar\u0131 s\u00fcr\u00fcyor. Adem Yavuz ARSLAN yazd\u0131\u2026<\/p>\n<p style=\"text-align: justify;\"><strong>\u00d6calan\u2019\u0131n \u2018akil adamlar\u0131\u2019 ve T\u00fcrkmen merak\u0131<\/strong><\/p>\n<p style=\"text-align: justify;\">Hasan Cemal&#8217;in, PKK lideri Murat Karay\u0131lan ile yapt\u0131\u011f\u0131 s\u00f6yle\u015finin yank\u0131lar\u0131 s\u00fcr\u00fcyor. Konunun politik ya da askeri boyutlar\u0131 bir ba\u015fka tart\u0131\u015fma konusu ama <strong>&#8216;Akil Adamlar&#8217;<\/strong> olay\u0131na geni\u015f bir paragraf a\u00e7mak laz\u0131m.<\/p>\n<p style=\"text-align: justify;\">Murat Karay\u0131lan &#8220;<strong>\u00c7\u00f6z\u00fcm i\u00e7in adres \u0130mral\u0131&#8217;d\u0131r. Oras\u0131 olmazsa Kandil&#8217;dir. Hi\u00e7biri de\u011filse DTP&#8217;dir. Veya aralar\u0131nda \u0130lter T\u00fcrkmen gibi isimlerin olaca\u011f\u0131 Akil Adamlar Toplulu\u011fudur<\/strong>&#8221; diyerek ilgin\u00e7 bir g\u00f6nderme yapm\u0131\u015ft\u0131.<!--more--><\/p>\n<p style=\"text-align: justify;\">Karay\u0131lan bu a\u00e7\u0131klamas\u0131yla DTP i\u00e7in &#8216;<strong>\u00f6rg\u00fct\u00fcn emrinde etkisiz-iradesiz bir yap\u0131d\u0131r&#8217;<\/strong> demi\u015f oldu. Bu a\u00e7\u0131dan <strong>DTP&#8217;yi muhatap almayan \u00e7evreleri <\/strong>de hakl\u0131 \u00e7\u0131karm\u0131\u015f oldu.<\/p>\n<p style=\"text-align: justify;\">Fakat konumuz <strong>\u0130lter T\u00fcrkmen<\/strong>. \u00d6rg\u00fct\u00fcn haber ajans\u0131 <strong>ANF (F\u0131rat Haber Ajans\u0131<\/strong>) kay\u0131tlar\u0131na g\u00f6re <strong>\u00d6calan daha \u00f6nce defalarca \u0130lter T\u00fcrkmen&#8217;i adres g\u00f6stermi\u015f<\/strong>.<\/p>\n<p style=\"text-align: justify;\">Mesela avukatlar\u0131yla <strong>26 Aral\u0131k 2007<\/strong> tarihli g\u00f6r\u00fc\u015fmesinde &#8216;<strong>Akil Adamlar Komisyonu ad\u0131yla bir grup kurulabilece\u011fini, ba\u015f\u0131na da \u0130lter T\u00fcrkmen&#8217;in getirilebilece\u011fini, bu komisyonun Mart 2008&#8217;e kadar taraflarla g\u00f6r\u00fc\u015ferek silahlar\u0131n susmas\u0131 i\u00e7in ortam haz\u0131rlayabilece\u011fi&#8217;<\/strong> ni s\u00f6ylemi\u015f.<\/p>\n<p style=\"text-align: justify;\">Bu g\u00f6r\u00fc\u015fmeden iki g\u00fcn sonra ANF&#8217;de yer alan notlar ise \u015f\u00f6yle devam ediyor; &#8220;<strong>Neden \u0130lter T\u00fcrkmen&#8217;i \u00f6rnek g\u00f6steriyorum?<\/strong> \u00c7\u00fcnk\u00fc T\u00fcrkmen bu devlete hizmet etmi\u015f birisidir. <strong>Devleti de, bizi de iyi tan\u0131yor. <\/strong>Taraflar aras\u0131nda g\u00f6r\u00fc\u015fmeler yapabilirler &#8221; Tabi \u00d6calan&#8217;\u0131n &#8216;<strong>bizi de \u00e7ok iyi tan\u0131yor&#8217;<\/strong> ifadesiyle ne kastetti\u011fini bilmiyoruz.<\/p>\n<p style=\"text-align: justify;\">\u00d6calan&#8217;\u0131n bu a\u00e7\u0131klamalar\u0131ndan hemen sonra <strong>DTP e\u015fba\u015fkan\u0131 Ahmet T\u00fcrk ise 8 Ocak 2008 tarihli Meclis grup konu\u015fmas\u0131nda<\/strong> \u00d6calan&#8217;\u0131n g\u00f6r\u00fc\u015flerini s\u0131ralayarak &#8216;<strong>Akil Adamlar Komisyonu&#8217;<\/strong> kurulmas\u0131n\u0131 talep etti.<\/p>\n<p style=\"text-align: justify;\">\u00d6calan&#8217;\u0131n <strong>&#8216;\u0130lter T\u00fcrkmen merak\u0131&#8217;<\/strong> <strong>11 Ocak 2008<\/strong> tarihli g\u00f6r\u00fc\u015fmesinde, <strong>18 Mart 2009<\/strong> tarihli g\u00f6r\u00fc\u015fmesinde ve <strong>15 Nisan 2009<\/strong> tarihli g\u00f6r\u00fc\u015fmesinde de devam ediyor. Her \u00fc\u00e7 g\u00f6r\u00fc\u015fmede de \u00d6calan, <strong>&#8220;\u0130lter T\u00fcrkmen gibi ayd\u0131nlar\u0131n devreye girmesi gerekti\u011fini<\/strong>&#8221; s\u00f6yl\u00fcyor. <strong>Tabi bu &#8216;talimatlar&#8217; DTP grubunda &#8216;talep&#8217; olarak yer ald\u0131. <\/strong><\/p>\n<p style=\"text-align: justify;\"><strong>\u0130nsan sormadan edemiyor; on y\u0131ld\u0131r cezaevinde olan ve d\u00fcnya ile tek irtibat\u0131 avukatlar\u0131 olan ter\u00f6rist ba\u015f\u0131n\u0131n T\u00fcrkmen \u0131srar\u0131 neden ?<\/strong> Avukatlar\u0131na s\u00f6yledi\u011fi &#8216;<strong>devleti de bizi de \u00e7ok iyi tan\u0131yor&#8217;<\/strong> ne demek?<\/p>\n<p style=\"text-align: justify;\">Malum <strong>\u0130lter T\u00fcrkmen<\/strong> ismi ge\u00e7ti\u011fimiz aylarda, \u00f6zellikle de<strong> Ergenekon soru\u015fturmas\u0131 s\u0131ras\u0131nda Tuncer K\u0131l\u0131\u00e7&#8217;\u0131n g\u00f6zalt\u0131na al\u0131nd\u0131\u011f\u0131 d\u00f6nemde<\/strong> g\u00fcndeme gelmi\u015fti. Savc\u0131lar K\u0131l\u0131\u00e7&#8217;a Enc\u00fcmen-i Dani\u015f&#8217;i sormu\u015f ve akabinde hararetli tart\u0131\u015fmalar ba\u015flam\u0131\u015ft\u0131.<\/p>\n<p style=\"text-align: justify;\"><strong>Akil Adamlar Toplulu\u011fu<\/strong> olarak lanse edilen <strong>Enc\u00fcmen-i Dani\u015f<\/strong> ile ilgili ortaya d\u00f6k\u00fclen ses kay\u0131tlar\u0131 da kafalar\u0131n iyice kar\u0131\u015fmas\u0131na neden olmu\u015ftu. \u0130lgin\u00e7 &#8216;<strong>tesad\u00fcfler<\/strong>&#8216;de bu tart\u0131\u015fma da g\u00fcndeme geldi.<\/p>\n<p style=\"text-align: justify;\">Mesela <strong>28 \u015eubat Kararlar\u0131<\/strong> ile <strong>Enc\u00fcmen-i Dani\u015f&#8217;in d\u00f6nemin Cumhurba\u015fkan\u0131 S\u00fcleyman Demirel&#8217;e yollad\u0131\u011f\u0131\u00a0 tavsiye mektubunun birebir ayn\u0131 olmas\u0131 gibi<\/strong>. Grup \u00fcyelerinin deme\u00e7lerinden anla\u015f\u0131ld\u0131\u011f\u0131 kadar\u0131yla <strong>\u0130lter T\u00fcrkmen ayn\u0131 zamanda bu grubunda &#8216;Akil Adam\u0131&#8217;<\/strong>.<\/p>\n<p style=\"text-align: justify;\">Aralar\u0131nda emekli generallerin de bulundu\u011fu <strong>Bilge Adamlar Stratejik Ara\u015ft\u0131rmalar Merkezi( B\u0130LGESAM)&#8217;\u0131n da kurucu \u00fcyesi.<\/strong> Bu merkez devletin zirvesine raporlar sunuyor.<\/p>\n<p style=\"text-align: justify;\">\u0130lter T\u00fcrkmen asl\u0131nda yar\u0131m y\u00fczy\u0131ld\u0131r g\u00fcndemde olan bir isim. <strong>12 Eyl\u00fcl 1980&#8217;deki darbe h\u00fck\u00fcmetinin de D\u0131\u015fi\u015fleri Bakan\u0131&#8217;yd\u0131.<\/strong><\/p>\n<p style=\"text-align: justify;\">Babas\u0131 <strong>Albay Beh\u00e7et T\u00fcrkmen ise eski ad\u0131yla MAH olan M\u0130T&#8217;in ba\u015fkanlar\u0131ndand\u0131<\/strong>. \u00d6zellikle 6-7 Eyl\u00fcl 1955 olaylar\u0131 -ki sonradan tertip oldu\u011fu ortaya \u00e7\u0131km\u0131\u015ft\u0131 -d\u00f6neminde istihbarat\u0131n ba\u015f\u0131ndayd\u0131. MAH&#8217;\u0131n bu olaylardaki rol\u00fc &#8216;Bay Pipo&#8217;da geni\u015f \u015fekilde i\u015fleniyordu. Yine PKK&#8217;n\u0131n tarihinde 12 Eyl\u00fcl darbesinin k\u0131r\u0131lma noktas\u0131 oldu\u011fu, di\u011fer \u00f6rg\u00fctler \u00e7\u00f6kertilirken PKK&#8217;n\u0131n bu s\u00fcreci en az zararla ge\u00e7irdi\u011fini de not etmek laz\u0131m.<\/p>\n<p style=\"text-align: justify;\">Son olarak; \u00d6calan&#8217;\u0131n <strong>23 Temmuz 2008<\/strong> tarihli g\u00f6r\u00fc\u015fme notlar\u0131nda <strong>ET\u00d6 san\u0131\u011f\u0131 Atilla U\u011fur&#8217;un Genelkurmay eski ba\u015fkan\u0131 H\u00fcseyin K\u0131vr\u0131ko\u011flu ad\u0131na kendisiyle g\u00f6r\u00fc\u015ft\u00fc\u011f\u00fc bilgisi var<\/strong>. K\u0131vr\u0131ko\u011flu da, T\u00fcrkmen gibi Enc\u00fcmen-i Dani\u015f \u00fcyesi.<\/p>\n<p style=\"text-align: justify;\">B\u00fct\u00fcn bunlar ne ifade eder? <strong>Kimseyi bir \u015feyle itham etmek<\/strong> gibi bir amac\u0131m\u0131z yok. <strong>Ama a\u00e7\u0131k kaynaklardan derleme yap\u0131nca da ortaya b\u00f6yle bir resim \u00e7\u0131k\u0131yor<\/strong>.<\/p>\n<p style=\"text-align: justify;\"><span style=\"color: #888888;\">Kaynak : Bug\u00fcn<\/span><\/p>\n","protected":false},"excerpt":{"rendered":"<p style=\"text-align: center;\">\n<p style=\"text-align: justify;\">Hasan Cemal&#8217;in, PKK lideri Murat Karay\u0131lan ile yapt\u0131\u011f\u0131 s\u00f6yle\u015finin yank\u0131lar\u0131 s\u00fcr\u00fcyor. Adem Yavuz ARSLAN yazd\u0131\u2026<\/p>\n<p style=\"text-align: justify;\">\u00d6calan\u2019\u0131n \u2018akil adamlar\u0131\u2019 ve T\u00fcrkmen merak\u0131<\/p>\n<p style=\"text-align: justify;\">Hasan Cemal&#8217;in, PKK lideri Murat Karay\u0131lan ile yapt\u0131\u011f\u0131 s\u00f6yle\u015finin yank\u0131lar\u0131 s\u00fcr\u00fcyor. Konunun politik ya da askeri boyutlar\u0131 bir ba\u015fka tart\u0131\u015fma konusu ama &#8216;Akil Adamlar&#8217; olay\u0131na <\/p>\n","protected":false},"author":1,"featured_media":0,"comment_status":"open","ping_status":"closed","sticky":false,"template":"","format":"standard","meta":{"footnotes":""},"categories":[105],"tags":[],"class_list":["post-9065","post","type-post","status-publish","format-standard","hentry","category-gundem","odd"],"_links":{"self":[{"href":"http:\/\/www.korhanyilmaz.com\/index.php?rest_route=\/wp\/v2\/posts\/9065","targetHints":{"allow":["GET"]}}],"collection":[{"href":"http:\/\/www.korhanyilmaz.com\/index.php?rest_route=\/wp\/v2\/posts"}],"about":[{"href":"http:\/\/www.korhanyilmaz.com\/index.php?rest_route=\/wp\/v2\/types\/post"}],"author":[{"embeddable":true,"href":"http:\/\/www.korhanyilmaz.com\/index.php?rest_route=\/wp\/v2\/users\/1"}],"replies":[{"embeddable":true,"href":"http:\/\/www.korhanyilmaz.com\/index.php?rest_route=%2Fwp%2Fv2%2Fcomments&post=9065"}],"version-history":[{"count":0,"href":"http:\/\/www.korhanyilmaz.com\/index.php?rest_route=\/wp\/v2\/posts\/9065\/revisions"}],"wp:attachment":[{"href":"http:\/\/www.korhanyilmaz.com\/index.php?rest_route=%2Fwp%2Fv2%2Fmedia&parent=9065"}],"wp:term":[{"taxonomy":"category","embeddable":true,"href":"http:\/\/www.korhanyilmaz.com\/index.php?rest_route=%2Fwp%2Fv2%2Fcategories&post=9065"},{"taxonomy":"post_tag","embeddable":true,"href":"http:\/\/www.korhanyilmaz.com\/index.php?rest_route=%2Fwp%2Fv2%2Ftags&post=9065"}],"curies":[{"name":"wp","href":"https:\/\/api.w.org\/{rel}","templated":true}]}}