{"id":9059,"date":"2009-05-13T10:12:27","date_gmt":"2009-05-13T07:12:27","guid":{"rendered":"http:\/\/www.korhanyilmaz.com\/?p=9059"},"modified":"2009-05-13T10:12:27","modified_gmt":"2009-05-13T07:12:27","slug":"yesil-yasiyor-ise-sok-kanit","status":"publish","type":"post","link":"http:\/\/www.korhanyilmaz.com\/?p=9059","title":{"rendered":"Ye\u015fil ya\u015f\u0131yor! \u0130\u015fe \u015fok kan\u0131t"},"content":{"rendered":"<p style=\"text-align: center;\"><img loading=\"lazy\" decoding=\"async\" class=\"aligncenter size-full wp-image-9060\" title=\"Ye\u015fil ya\u015f\u0131yor! \u0130\u015fe \u015fok kan\u0131t\" src=\"http:\/\/www.korhanyilmaz.com\/wp-content\/uploads\/2009\/05\/68935_manset.jpg\" alt=\"Ye\u015fil ya\u015f\u0131yor! \u0130\u015fe \u015fok kan\u0131t\" width=\"329\" height=\"189\" \/><\/p>\n<p style=\"text-align: justify;\">Ye\u015fil&#8217;in \u00fczerinde yemek yedi\u011fi gazetenin yay\u0131n tarihi \u015fok etti&#8230; \u0130\u015fte Ye\u015fil&#8217;i yakacak kan\u0131t&#8230; \u2018\u00d6ld\u00fc m\u00fc ya\u015f\u0131yor mu\u2019 tart\u0131\u015fmalar\u0131 s\u00fcrerken, Ye\u015fil&#8217;den 96&#8217;dan sonra kimse haber alamam\u0131\u015f, hi\u00e7bir temas\u0131 ve irtibat\u0131 ortaya \u00e7\u0131kart\u0131lamam\u0131\u015ft\u0131. Star Gazetesi&#8217;nin yay\u0131nlad\u0131\u011f\u0131 foto\u011fraflardaki k\u00fc\u00e7\u00fcc\u00fck bir ayr\u0131nt\u0131 Ye\u015fil\u2019in 2002 y\u0131l\u0131nda ya\u015fad\u0131\u011f\u0131n\u0131 hem de T\u00fcrkiye&#8217;de oldu\u011funu ortaya \u00e7\u0131kard\u0131.<\/p>\n<p style=\"text-align: justify;\">Bir d\u00f6nemin kara kutusu ve bir\u00e7ok faili me\u00e7hul cinayetin zanl\u0131s\u0131 olarak g\u00f6sterilen Ye\u015fil kod adl\u0131 Mahmut Y\u0131ld\u0131r\u0131m\u2019\u0131n bilinmeyen ger\u00e7ekleri ve hi\u00e7 yay\u0131nlanmam\u0131\u015f foto\u011fraflar\u0131n\u0131 T\u00fcrkiye Star Gazetesi Ankara Temsilcisi \u015eamil Tayyar\u2019\u0131n kaleminden man\u015fetten \u00f6\u011frendi. \u2018Ye\u015fil ya\u015f\u0131yor mu?\u2019 tart\u0131\u015fmalar\u0131n\u0131 alevlendiren Ye\u015fil\u2019e ait yeni foto\u011fraflardaki bir ayr\u0131nt\u0131 ise bir\u00e7ok soruya cevap olabilecek netlikte. Susurluk kazas\u0131n\u0131n ard\u0131ndan s\u0131r olan ve bir daha ortaya \u00e7\u0131kmayan Ye\u015fil\u2019in hayatta oldu\u011funun ayr\u0131nt\u0131s\u0131n\u0131 yine Star Gazetesi ele ge\u00e7irdi.<!--more--><\/p>\n<p style=\"text-align: justify;\"><strong>21 FOTO\u011eRAFTAN B\u0130R\u0130<\/strong><\/p>\n<p style=\"text-align: justify;\">MAHMUT Y\u0131ld\u0131r\u0131m\u2019\u0131n o\u011flu Murat Y\u0131ld\u0131r\u0131m taraf\u0131ndan yaz\u0131lan kitapta yer alan 21 adet foto\u011fraftan biri Ye\u015fil\u2019in 2002 y\u0131l\u0131nda hayatta oldu\u011funu g\u00f6zler \u00f6n\u00fcne serdi. Ye\u015fil\u2019i Ankara\u2019daki evinde yemek yerken g\u00f6steren foto\u011frafta masaya serilen gazetedeki ilan \u2018Ye\u015fil hayatta\u2019 iddialar\u0131n\u0131 g\u00fc\u00e7lendirecek cinsten. Ye\u015fil\u2019in yemek masas\u0131na serilen gazetede Kanal 6 televizyonunun \u2018Biri Bizi G\u00f6zetliyor\u2019 yar\u0131\u015fmas\u0131yla ilgili verdi\u011fi ilan g\u00f6z\u00fck\u00fcyor.<\/p>\n<p style=\"text-align: justify;\"><strong>RT\u00dcK CEZA VERM\u0130\u015eT\u0130<\/strong><\/p>\n<p style=\"text-align: justify;\">Gazetenin \u00fczerindeki tarih okunmasa da k\u0131sa bir ar\u015fiv taramas\u0131 gazetenin tarihini \u00f6\u011frenmeye yetiyor. \u00c7\u00fcnk\u00fc Kanal 6 televizyonu, bir d\u00f6nem en fazla izlenilen BBG yar\u0131\u015fmas\u0131n\u0131 2002 y\u0131l\u0131nda yay\u0131nlam\u0131\u015ft\u0131. Hatta Kanal 6, baz\u0131 yar\u0131\u015fmac\u0131lar\u0131n uygunsuz davran\u0131\u015flar\u0131 nedeniyle RT\u00dcK taraf\u0131ndan 7 g\u00fcn kapatma cezas\u0131na \u00e7arpt\u0131r\u0131lm\u0131\u015ft\u0131. Ye\u015fil\u2019in \u00e7ekilmi\u015f son foto\u011fraf\u0131ndaki bu ayr\u0131nt\u0131 \u2018Ye\u015fil 2002 y\u0131l\u0131nda ya\u015f\u0131yordu ve Ankara\u2019da bulunuyordu\u2019 iddialar\u0131n\u0131 g\u00fc\u00e7lendirdi.<\/p>\n<p style=\"text-align: center;\"><a href=\"http:\/\/www.korhanyilmaz.com\/wp-content\/uploads\/2009\/05\/biribizigozetliyorilanyemekbir.jpg\"  class=\"lightview\"><img loading=\"lazy\" decoding=\"async\" class=\"aligncenter size-full wp-image-9061\" style=\"margin-top: 10px; margin-bottom: 10px;\" src=\"http:\/\/www.korhanyilmaz.com\/wp-content\/uploads\/2009\/05\/biribizigozetliyorilanyemekbir.jpg\" alt=\"\" width=\"306\" height=\"352\" \/><\/a><a href=\"http:\/\/www.korhanyilmaz.com\/wp-content\/uploads\/2009\/05\/biribizigozetliyorilaniki.jpg\"  class=\"lightview\"><img loading=\"lazy\" decoding=\"async\" class=\"aligncenter size-full wp-image-9062\" style=\"margin-top: 10px; margin-bottom: 10px;\" src=\"http:\/\/www.korhanyilmaz.com\/wp-content\/uploads\/2009\/05\/biribizigozetliyorilaniki.jpg\" alt=\"\" width=\"347\" height=\"352\" \/><\/a><\/p>\n<p style=\"text-align: justify;\"><strong>1.5 AY \u00d6NCE ANKARA\u2019DAYDI<\/strong><\/p>\n<p style=\"text-align: justify;\">YE\u015e\u0130L\u2019LE 1991\u2019de Bing\u00f6l\u2019de komiser yard\u0131mc\u0131s\u0131 olarak g\u00f6rev yapt\u0131\u011f\u0131 s\u0131rada tan\u0131\u015ft\u0131\u011f\u0131n\u0131 anlatan Recai Birg\u00fcn, \u2018Ye\u015fil ya\u015f\u0131yor. \u015eu anda \u0130lyas ad\u0131ndaki emekli binba\u015f\u0131yla beraber hareket etti\u011fi s\u00f6ylendi. Ye\u015fil\u2019in 1,5 ay kadar \u00f6nce \u0130stanbul\u2019dan Ankara\u2019ya gitti\u011fini oradan da Antalya\u2019ya hareket etti\u011fini \u00f6\u011frendim. Muhtemelen illegal i\u015flerle u\u011fra\u015f\u0131yor\u2019 dedi.<\/p>\n<p style=\"text-align: justify;\">Ye\u015fil\u2019in devlet i\u00e7in \u00e7al\u0131\u015ft\u0131\u011f\u0131n\u0131 s\u00f6ylemenin yanl\u0131\u015f olaca\u011f\u0131n\u0131 kaydeden Birg\u00fcn, belli gruplar taraf\u0131ndan kullan\u0131ld\u0131\u011f\u0131n\u0131n ger\u00e7ek oldu\u011funu belirterek \u2018O d\u00f6nemlerde yapt\u0131\u011f\u0131 \u00e7al\u0131\u015fmalardan dolay\u0131 belli gruplarca korundu\u011fu bir ger\u00e7ek. O d\u00f6nem koruyanlarla bu d\u00f6nem koruyanlar de\u011fi\u015fti diye d\u00fc\u015f\u00fcn\u00fcyorum. Ye\u015fil\u2019den hala yararlan\u0131l\u0131yor diye d\u00fc\u015f\u00fcn\u00fcyorum\u2019 dedi.<\/p>\n<p style=\"text-align: justify;\"><strong>B\u0130R AYDA YAKALANIR<\/strong><\/p>\n<p style=\"text-align: justify;\">YE\u015e\u0130L\u2019\u0130N Ergenekon\u2019da gizli tan\u0131k olarak ifade vermi\u015f olabilece\u011fini \u00f6ne s\u00fcren Birg\u00fcn \u2018Hem Do\u011fu\u2019da hem Bat\u0131\u2019da ya\u015fanan bir s\u00fcr\u00fc olay var. Faili me\u00e7hul cinayetler konusunda san\u0131r\u0131m ilgili bilgisi de vard\u0131r. Bu kadar gizli \u015feyler ortaya \u00e7\u0131kar\u0131lmaya \u00e7al\u0131\u015f\u0131l\u0131yorsa buna destek verebilecek her t\u00fcrl\u00fc ki\u015fiden faydalan\u0131labiliyor, Ergenekon\u2019da da tan\u0131k olmu\u015f olabilir bence\u2019 dedi.<\/p>\n<p style=\"text-align: justify;\">Emniyet\u2019in elinde yeterli bilgi ve teknik donan\u0131m bulundu\u011funu kaydeden Birg\u00fcn \u2018Ye\u015fil ka\u011f\u0131t \u00fczerinde aran\u0131yor. Birisini bulmak isterseniz \u00f6zel ekip kurars\u0131n\u0131z. Ekip \u00f6l\u00fcm\u00fc m\u00fc sa\u011f m\u0131 bir \u015fekilde bulur. Bu Emniyet\u2019in sadece bir ay\u0131n\u0131 al\u0131r\u2019 dedi.<\/p>\n<p style=\"text-align: justify;\"><strong>ESTETiK YAPTIRAMAZ<\/strong><\/p>\n<p style=\"text-align: justify;\">YE\u015e\u0130L\u2019\u0130N estetik yapm\u0131\u015f olabilece\u011fi iddias\u0131na kat\u0131lmad\u0131\u011f\u0131n\u0131 belirten Birg\u00fcn \u2018O zaman Ye\u015fil, Ye\u015fil olmaktan \u00e7\u0131kar\u2019 dedi. Ye\u015fil konusunda bir iki g\u00fcn i\u00e7inde Meclis\u2019e soru \u00f6nergesi verece\u011fini anlatan Birg\u00fcn \u2018\u0130\u00e7i\u015fleri Bakanl\u0131\u011f\u0131\u2019n\u0131n Ye\u015fil\u2019in yakalanmas\u0131 konusunda \u00f6zel bir \u00e7al\u0131\u015fman\u0131z var m\u0131, bir ekip kurdunuz mu, kurmay\u0131 d\u00fc\u015f\u00fcn\u00fcyor musunuz\u2019 diye soraca\u011f\u0131n\u0131 s\u00f6yledi.<\/p>\n<p style=\"text-align: justify;\"><strong>K\u0131lpay\u0131 kurtulmu\u015f<\/strong><\/p>\n<p style=\"text-align: justify;\">B\u0130NG\u00d6L\u2019DE 1993 y\u0131l\u0131nda teskereye giden silahs\u0131z 33 askerin \u015fehit edildi\u011fi sald\u0131r\u0131dan Ye\u015fil\u2019in son anda kurtuldu\u011fu iddia edildi. Ergenekon iddianamesinde yer alan bir iddiaya g\u00f6re Ye\u015fil, M\u00c7P Elaz\u0131\u011f Milletvekili Tuncay \u015eekercio\u011flu ile ayn\u0131 ara\u00e7la yola \u00e7\u0131kan Ye\u015fil, bir anda yoldan d\u00f6nm\u00fc\u015f. Ye\u015fil\u2019in geri d\u00f6nd\u00fc\u011f\u00fc yerden 1 km. sonra 33 asker pusuya d\u00fc\u015f\u00fcr\u00fcl\u00fcp \u015fehit edilmi\u015f. Ter\u00f6r \u00f6rg\u00fctlerinin her t\u00fcrl\u00fc plan\u0131n\u0131, manevralar\u0131n\u0131 iyi bilen Ye\u015fil\u2019in, b\u00f6lgedeki hareketlilikten \u015f\u00fcphelendi\u011fi i\u00e7in geri d\u00f6nd\u00fc\u011f\u00fc \u00f6ne s\u00fcr\u00fcld\u00fc.<\/p>\n<p style=\"text-align: justify;\"><strong>Ye\u015fil, Ankara\u2019da lokanta i\u015fletiyor<\/strong><\/p>\n<p style=\"text-align: justify;\">Susurluk Komisyonu\u2019na Ye\u015fil\u2019i tarif eden ilk ki\u015fi eski astsubay H\u00fcseyin O\u011fuz, \u2018Yak\u0131nda konu\u015facak\u2019 dedi.<\/p>\n<p style=\"text-align: justify;\">YE\u015e\u0130L kod adl\u0131 Mahmut Y\u0131ld\u0131r\u0131m\u2019\u0131n kimlik bilgilerini TBMM Susurluk Komisyonu\u2019na veren ilk ki\u015fi olarak tan\u0131nan emekli jandarma istihbarat astsubay\u0131 H\u00fcseyin O\u011fuz, Ye\u015fil\u2019in ya\u015fad\u0131\u011f\u0131n\u0131 ve de\u015fifre oldu\u011fu i\u00e7in Ergenekon soru\u015fturmas\u0131 kapsam\u0131nda konu\u015faca\u011f\u0131n\u0131 iddia etti. Y\u00fcksekova \u00c7etesi\u2019ni \u00e7\u00f6kerten astsubay olarak bilinen O\u011fuz, \u2018Ye\u015fil \u00f6lmedi, Ankara\u2019da ya\u015f\u0131yor, bir s\u00fcre \u00f6nce bir lokanta i\u015fletiyordu. Biliyorum \u00e7\u00fcnk\u00fc ya\u015fayabilmek i\u00e7in Ye\u015fil\u2019i takip etmek zorunday\u0131m\u2019 dedi.<\/p>\n<p style=\"text-align: justify;\"><strong>O\u011eLU YER\u0130N\u0130 B\u0130L\u0130YOR<\/strong><\/p>\n<p style=\"text-align: justify;\">SUSURLUK Komisyonu\u2019na verdi\u011fi ifadede \u2018Ye\u015fil yakalan\u0131p konu\u015fursa i\u00e7 sava\u015f \u00e7\u0131kar\u2019 dedi\u011fini hat\u0131rlatan O\u011fuz \u2018Art\u0131k b\u00f6yle demiyorum. \u00c7\u00fcnk\u00fc Susurluk\u2019ta ba\u015far\u0131lamayan Ergenekon soru\u015fturmas\u0131yla ba\u015far\u0131lmaya ba\u015fland\u0131\u2019 dedi. Ye\u015fil\u2019in o\u011flu Murat Y\u0131ld\u0131r\u0131m\u2019\u0131n \u2018\u00f6l\u00fcp \u00f6lmedi\u011fini bilmiyorum\u2019 diyerek yalan s\u00f6yledi\u011fini savunan O\u011fuz \u2018Babas\u0131n\u0131n yerini \u00e7ok iyi biliyor, ama susuyor\u2019 diye konu\u015ftu.<\/p>\n<p style=\"text-align: justify;\">Veli K\u00fc\u00e7\u00fck\u2019\u00fcn Ye\u015fil\u2019i Ye\u015fil yapan ki\u015fi oldu\u011funu anlatan H\u00fcseyin O\u011fuz \u2018Ben Malatya\u2019dayken 1995 y\u0131l\u0131nda \u2018Hac\u0131\u2019 denilen biri geldi. Tan\u0131m\u0131yorduk, ama ara\u015ft\u0131r\u0131nca Veli K\u00fc\u00e7\u00fck\u2019\u00fcn adam\u0131 Mahmut Y\u0131ld\u0131r\u0131m oldu\u011funu \u00f6\u011frendik\u2019 diye konu\u015ftu.<\/p>\n<p style=\"text-align: justify;\"><strong>EN SON B\u0130R YIL \u00d6NCE&#8230;<\/strong><\/p>\n<p style=\"text-align: justify;\">O\u011eUZ \u2018Veli K\u00fc\u00e7\u00fck\u2019\u00fcn tetik\u00e7isi Ye\u015fil \u00f6lmedi, Ankara\u2019da ya\u015f\u0131yor. En son bir y\u0131l \u00f6nce haber ald\u0131m. Bir lokanta i\u015fletiyor, birlikte i\u015fletti\u011fi ki\u015fi de tan\u0131nan biri. Biliyorum \u00e7\u00fcnk\u00fc ya\u015fayabilmek i\u00e7in Ye\u015fil\u2019i takip etmek zorunday\u0131m. \u0130stihbarat ba\u011flant\u0131lar\u0131m\u0131n yan\u0131 s\u0131ra, halen g\u00f6r\u00fc\u015ft\u00fc\u011f\u00fcm farkl\u0131 kaynaklar\u0131m var. Ye\u015fil benim d\u00fc\u015fman\u0131m de\u011fil ama Ye\u015fil\u2019i tarif eden ilk ki\u015fi oldu\u011fum tehditler de ald\u0131m\u2019 dedi.<\/p>\n<p style=\"text-align: justify;\"><strong>YEN\u0130 YAPI YAKALAYACAK<\/strong><\/p>\n<p style=\"text-align: justify;\">YE\u015e\u0130L\u2019\u0130N yakalanmamas\u0131n\u0131n en b\u00fcy\u00fck sebebinin istihbarat \u00f6rg\u00fctleri i\u00e7erisindeki baz\u0131 yap\u0131lanmalar oldu\u011funu dile getiren H\u00fcseyin O\u011fuz, istihbaratla ilgili yeni yap\u0131lanman\u0131n Ye\u015fil\u2019i bulaca\u011f\u0131na inan\u0131yorum\u2019 dedi.<\/p>\n<p style=\"text-align: justify;\"><strong>\u00c7IKIP KONU\u015eACAK<\/strong><\/p>\n<p style=\"text-align: justify;\">\u2018BEN \u015fimdi diyorum ki Ye\u015fil de \u00e7\u0131k\u0131p konu\u015facak\u2019 diye iddial\u0131 konu\u015fan H\u00fcseyin O\u011fuz \u2018Ye\u015fil daha \u00f6nce yakalanamazd\u0131. Ama art\u0131k ili\u015fkileri de\u015fifre edildi. En b\u00fcy\u00fck g\u00fcvencesi Veli K\u00fc\u00e7\u00fck art\u0131k yok. Ya ortaya \u00e7\u0131kacak ya da yakalanacak. Ye\u015fil bile tan\u0131k olabilir. Susurluk\u2019ta susan isimlerden \u00fc\u00e7\u00fc \u015fimdi gizli tan\u0131k. Bir g\u00fcn mutlaka Ye\u015fil de konu\u015facak\u2019 dedi.<\/p>\n<p style=\"text-align: justify;\"><span style=\"color: #888888;\">Kaynak : Bug\u00fcn<\/span><\/p>\n<p style=\"text-align: justify;\">\n","protected":false},"excerpt":{"rendered":"<p style=\"text-align: center;\">\n<p style=\"text-align: justify;\">Ye\u015fil&#8217;in \u00fczerinde yemek yedi\u011fi gazetenin yay\u0131n tarihi \u015fok etti&#8230; \u0130\u015fte Ye\u015fil&#8217;i yakacak kan\u0131t&#8230; \u2018\u00d6ld\u00fc m\u00fc ya\u015f\u0131yor mu\u2019 tart\u0131\u015fmalar\u0131 s\u00fcrerken, Ye\u015fil&#8217;den 96&#8217;dan sonra kimse haber alamam\u0131\u015f, hi\u00e7bir temas\u0131 ve irtibat\u0131 ortaya \u00e7\u0131kart\u0131lamam\u0131\u015ft\u0131. Star Gazetesi&#8217;nin yay\u0131nlad\u0131\u011f\u0131 foto\u011fraflardaki k\u00fc\u00e7\u00fcc\u00fck bir ayr\u0131nt\u0131 Ye\u015fil\u2019in 2002 y\u0131l\u0131nda ya\u015fad\u0131\u011f\u0131n\u0131 hem de T\u00fcrkiye&#8217;de oldu\u011funu ortaya \u00e7\u0131kard\u0131.<\/p>\n<p style=\"text-align:  \n\n","protected":false},"author":1,"featured_media":0,"comment_status":"open","ping_status":"closed","sticky":false,"template":"","format":"standard","meta":{"footnotes":""},"categories":[105],"tags":[],"class_list":["post-9059","post","type-post","status-publish","format-standard","hentry","category-gundem","odd"],"_links":{"self":[{"href":"http:\/\/www.korhanyilmaz.com\/index.php?rest_route=\/wp\/v2\/posts\/9059","targetHints":{"allow":["GET"]}}],"collection":[{"href":"http:\/\/www.korhanyilmaz.com\/index.php?rest_route=\/wp\/v2\/posts"}],"about":[{"href":"http:\/\/www.korhanyilmaz.com\/index.php?rest_route=\/wp\/v2\/types\/post"}],"author":[{"embeddable":true,"href":"http:\/\/www.korhanyilmaz.com\/index.php?rest_route=\/wp\/v2\/users\/1"}],"replies":[{"embeddable":true,"href":"http:\/\/www.korhanyilmaz.com\/index.php?rest_route=%2Fwp%2Fv2%2Fcomments&post=9059"}],"version-history":[{"count":0,"href":"http:\/\/www.korhanyilmaz.com\/index.php?rest_route=\/wp\/v2\/posts\/9059\/revisions"}],"wp:attachment":[{"href":"http:\/\/www.korhanyilmaz.com\/index.php?rest_route=%2Fwp%2Fv2%2Fmedia&parent=9059"}],"wp:term":[{"taxonomy":"category","embeddable":true,"href":"http:\/\/www.korhanyilmaz.com\/index.php?rest_route=%2Fwp%2Fv2%2Fcategories&post=9059"},{"taxonomy":"post_tag","embeddable":true,"href":"http:\/\/www.korhanyilmaz.com\/index.php?rest_route=%2Fwp%2Fv2%2Ftags&post=9059"}],"curies":[{"name":"wp","href":"https:\/\/api.w.org\/{rel}","templated":true}]}}