{"id":9056,"date":"2009-05-13T09:06:15","date_gmt":"2009-05-13T06:06:15","guid":{"rendered":"http:\/\/www.korhanyilmaz.com\/?p=9056"},"modified":"2009-05-13T09:06:15","modified_gmt":"2009-05-13T06:06:15","slug":"butun-emeklilere-mujde-maas-900-tl-olacak","status":"publish","type":"post","link":"http:\/\/www.korhanyilmaz.com\/?p=9056","title":{"rendered":"B\u00fct\u00fcn emeklilere m\u00fcjde! Maa\u015f 900 TL olacak"},"content":{"rendered":"<p style=\"text-align: center;\"><img loading=\"lazy\" decoding=\"async\" class=\"aligncenter size-full wp-image-9057\" title=\"B\u00fct\u00fcn emeklilere m\u00fcjde! Maa\u015f 900 TL olacak\" src=\"http:\/\/www.korhanyilmaz.com\/wp-content\/uploads\/2009\/05\/68937_manset.jpg\" alt=\"B\u00fct\u00fcn emeklilere m\u00fcjde! Maa\u015f 900 TL olacak\" width=\"329\" height=\"189\" \/><\/p>\n<p style=\"text-align: justify;\">Yasa tasar\u0131s\u0131 Ba\u015fbakanl\u0131k&#8217;a g\u00f6nderildi. En d\u00fc\u015f\u00fck emekli maa\u015f\u0131 900 TL olacak&#8230; SSK, Emekli Sand\u0131\u011f\u0131 ve Ba\u011f-Kur emeklileri aras\u0131nda maa\u015f farkl\u0131l\u0131klar\u0131n gidererek, \u015fu anda 620 lira olan en d\u00fc\u015f\u00fck emekli ayl\u0131\u011f\u0131n\u0131 900 liraya \u00e7\u0131karacak olan yasa tasar\u0131s\u0131 Ba\u015fbakanl\u0131k\u2019a g\u00f6nderildi.<\/p>\n<p style=\"text-align: justify;\">SSK, Emekli Sand\u0131\u011f\u0131 ve Ba\u011f-Kur emeklileri aras\u0131nda maa\u015f farkl\u0131l\u0131klar\u0131n gidererek, \u015fu anda 620 lira olan en d\u00fc\u015f\u00fck emekli ayl\u0131\u011f\u0131n\u0131 900 liraya \u00e7\u0131karacak olan \u0130ntibak Yasa Tasar\u0131s\u0131 Ba\u015fbakanl\u0131k\u2019a g\u00f6nderildi.<!--more--><\/p>\n<p style=\"text-align: justify;\">Tasar\u0131yla \u00fcst g\u00f6sterge tablosundan ayl\u0131k veya gelir alanlar\u0131n intibaklar\u0131, bulunduklar\u0131 derece ve kademelere g\u00f6re y\u00fckseltilecek. Yeni tablodan ayl\u0131k veya gelir alanlar\u0131n oran\u0131 y\u00fczde 60 olarak esas al\u0131nacak. \u0130\u015f\u00e7i emeklileri, haks\u0131zl\u0131\u011f\u0131n d\u00fczeltilmesi i\u00e7in yasan\u0131n \u00e7\u0131kmas\u0131n\u0131 bekliyor. Yasal d\u00fczenleme yap\u0131lmamas\u0131 halinde i\u015f\u00e7i emeklileri A\u0130HM\u2019e gidecek. D\u00fczenlemenin maliyetinin 3.5 ile 4 katrilyon liray\u0131 bulmas\u0131 ve ge\u00e7mi\u015fe d\u00f6n\u00fck haklar\u0131n iadesini i\u00e7ermesi sebebiyle IMF ile yap\u0131lacak anla\u015fmada en \u00f6nemli pazarl\u0131k konular\u0131ndan birisini olu\u015fturuyor.<\/p>\n<p style=\"text-align: justify;\"><strong>\u0130\u015eTE TASARI<\/strong><\/p>\n<p style=\"text-align: justify;\">\u0130NT\u0130BAK yasas\u0131 olarak an\u0131lan kanun teklifi \u015f\u00f6yle: \u2018Mevcut g\u00f6sterge tablosundan gelir ve ayl\u0131k alanlar, ekte d\u00fczenlenen yeni g\u00f6sterge tablosu esas al\u0131narak yukar\u0131ya do\u011fru intibakland\u0131r\u0131l\u0131r. Ya\u015fl\u0131l\u0131k, maluliyet ve \u00f6l\u00fcm sigortas\u0131ndan ayl\u0131k veya gelir alanlara uygulanan oran, 506 say\u0131l\u0131 kanunun 61\u2019inci maddedeki esaslara g\u00f6re artt\u0131r\u0131l\u0131r veya azalt\u0131l\u0131r.<\/p>\n<p style=\"text-align: justify;\"><span style=\"color: #888888;\">Kaynak : Bug\u00fcn<\/span><\/p>\n","protected":false},"excerpt":{"rendered":"<p style=\"text-align: center;\">\n<p style=\"text-align: justify;\">Yasa tasar\u0131s\u0131 Ba\u015fbakanl\u0131k&#8217;a g\u00f6nderildi. En d\u00fc\u015f\u00fck emekli maa\u015f\u0131 900 TL olacak&#8230; SSK, Emekli Sand\u0131\u011f\u0131 ve Ba\u011f-Kur emeklileri aras\u0131nda maa\u015f farkl\u0131l\u0131klar\u0131n gidererek, \u015fu anda 620 lira olan en d\u00fc\u015f\u00fck emekli ayl\u0131\u011f\u0131n\u0131 900 liraya \u00e7\u0131karacak olan yasa tasar\u0131s\u0131 Ba\u015fbakanl\u0131k\u2019a g\u00f6nderildi.<\/p>\n<p style=\"text-align: justify;\">SSK, Emekli Sand\u0131\u011f\u0131 ve Ba\u011f-Kur emeklileri aras\u0131nda maa\u015f farkl\u0131l\u0131klar\u0131n gidererek, <\/p>\n","protected":false},"author":1,"featured_media":0,"comment_status":"open","ping_status":"closed","sticky":false,"template":"","format":"standard","meta":{"footnotes":""},"categories":[7],"tags":[],"class_list":["post-9056","post","type-post","status-publish","format-standard","hentry","category-ekonomi","odd"],"_links":{"self":[{"href":"http:\/\/www.korhanyilmaz.com\/index.php?rest_route=\/wp\/v2\/posts\/9056","targetHints":{"allow":["GET"]}}],"collection":[{"href":"http:\/\/www.korhanyilmaz.com\/index.php?rest_route=\/wp\/v2\/posts"}],"about":[{"href":"http:\/\/www.korhanyilmaz.com\/index.php?rest_route=\/wp\/v2\/types\/post"}],"author":[{"embeddable":true,"href":"http:\/\/www.korhanyilmaz.com\/index.php?rest_route=\/wp\/v2\/users\/1"}],"replies":[{"embeddable":true,"href":"http:\/\/www.korhanyilmaz.com\/index.php?rest_route=%2Fwp%2Fv2%2Fcomments&post=9056"}],"version-history":[{"count":0,"href":"http:\/\/www.korhanyilmaz.com\/index.php?rest_route=\/wp\/v2\/posts\/9056\/revisions"}],"wp:attachment":[{"href":"http:\/\/www.korhanyilmaz.com\/index.php?rest_route=%2Fwp%2Fv2%2Fmedia&parent=9056"}],"wp:term":[{"taxonomy":"category","embeddable":true,"href":"http:\/\/www.korhanyilmaz.com\/index.php?rest_route=%2Fwp%2Fv2%2Fcategories&post=9056"},{"taxonomy":"post_tag","embeddable":true,"href":"http:\/\/www.korhanyilmaz.com\/index.php?rest_route=%2Fwp%2Fv2%2Ftags&post=9056"}],"curies":[{"name":"wp","href":"https:\/\/api.w.org\/{rel}","templated":true}]}}