{"id":9050,"date":"2009-05-12T23:41:26","date_gmt":"2009-05-12T20:41:26","guid":{"rendered":"http:\/\/www.korhanyilmaz.com\/?p=9050"},"modified":"2009-05-12T23:41:26","modified_gmt":"2009-05-12T20:41:26","slug":"ve-hadise-finalde","status":"publish","type":"post","link":"http:\/\/www.korhanyilmaz.com\/?p=9050","title":{"rendered":"Ve Hadise finalde!"},"content":{"rendered":"<p style=\"text-align: center;\"><a href=\"http:\/\/www.korhanyilmaz.com\/wp-content\/uploads\/2009\/05\/130520090314359209101.jpg\"  class=\"lightview\"><img loading=\"lazy\" decoding=\"async\" class=\"aligncenter size-full wp-image-9051\" src=\"http:\/\/www.korhanyilmaz.com\/wp-content\/uploads\/2009\/05\/130520090314359209101.jpg\" alt=\"\" width=\"320\" height=\"100\" \/><\/a><a class=\"lightview\" title=\"\u0130\u015fte Hadisenin Final Performans\u0131 ::  :: width: 500, height: 395\" rel=\"iframe\" href=\"http:\/\/www.korhanyilmaz.com\/swf\/flvplayer.swf?file=http:\/\/video.gazetevatan.com\/video\/file\/120520092338497909782.flv\"><img loading=\"lazy\" decoding=\"async\" class=\"aligncenter\" title=\"Habere \u0130li\u015fkin Videoyu \u0130zlemek \u0130\u00e7in T\u0131klay\u0131n..\" src=\"wp-data\/images\/video_izle_tikla.png\" alt=\"\" width=\"30\" height=\"30\" \/ class=\"lightview\"><\/a><\/p>\n<p style=\"text-align: justify;\"><strong><span style=\"font-family: Arial;\">Moskova\u2019daki 54. Eurovision \u015eark\u0131 Yar\u0131\u015fmas\u0131\u2019-n\u0131n birinci elemesinde sahneye \u00e7\u0131kan Hadise ilk a\u00e7\u0131lan zarfla finale kat\u0131lmaya hak kazand\u0131.<\/span><\/strong><\/p>\n<p style=\"text-align: justify;\"><strong> <\/strong>Rusya\u2019n\u0131n ba\u015fkenti Moskova\u2019da d\u00fczenlenen 54. Eurovision \u015eark\u0131 Yar\u0131\u015fmas\u0131\u2019n\u0131n ilk yar\u0131 finali d\u00fcn ak\u015fam Olimpiyski Spor Salonu\u2019nda yap\u0131ld\u0131. 18 \u00fclkenin yar\u0131\u015ft\u0131\u011f\u0131 ilk yar\u0131 finalde 9. s\u0131rada sahneye \u00e7\u0131kan Hadise ba\u011f\u0131\u015f\u0131kl\u0131k sisteminde strese ba\u011fl\u0131 olarak ya\u015fanan soruna ra\u011fmen \u00e7ok ba\u015far\u0131l\u0131 bir performans g\u00f6sterdi. \u201cD\u00fcm Tek Tek\u201d adl\u0131 \u015fark\u0131s\u0131 ve birbirinden k\u0131vrak danslar\u0131yla salonu dolduran 20 bin ki\u015fiden b\u00fcy\u00fck alk\u0131\u015f ald\u0131.<\/p>\n<p style=\"text-align: justify;\"><strong><\/strong><\/p>\n<p style=\"text-align: justify;\"><span style=\"font-family: Arial,Verdana,Helvetica,sans-serif; font-size: x-small;\"><!--more--><\/span><\/p>\n<p style=\"text-align: justify;\"><strong>Gelece\u011fin g\u00f6bek dans\u00e7\u0131s\u0131<\/strong><\/p>\n<p style=\"text-align: justify;\">Finale kat\u0131lacak 9 \u00fclke teleoylama y\u00f6ntemiyle bir \u00fclke de Avrupa Yay\u0131n Birli\u011fi j\u00fcrisinin oyuyla belirlendi. A\u00e7\u0131lan ilk zarftan T\u00fcrkiye \u00e7\u0131karken ekibimiz b\u00fcy\u00fck sevin\u00e7 ya\u015fad\u0131. Yar\u0131\u015fman\u0131n yar\u0131nki 2. yar\u0131 finalinde 10 \u00fclke daha belirlenecek. 2008\u2019in galibi Rusya ile Almanya, \u0130ngiltere, Fransa ve \u0130spanya 16 May\u0131s\u2019taki finale direkt kat\u0131lacak.<\/p>\n<p style=\"text-align: justify;\">M\u00fcthi\u015f performans\u0131yla \u201cGelece\u011fin G\u00f6bek Dans\u00e7\u0131s\u0131\u201d ad\u0131 verilen Hadise, sahneye T\u00fcrk as\u0131ll\u0131 Bel\u00e7ikal\u0131 stilist Mahmut Karada\u011f\u2019\u0131n \u201cGizia\u201d firmas\u0131na haz\u0131rlatt\u0131\u011f\u0131 T\u00fcrk Bayra\u011f\u0131\u2019n\u0131 simgeleyen k\u0131rm\u0131z\u0131 kost\u00fcm\u00fcyle \u00e7\u0131kt\u0131. Milano\u2019dan getirilen \u00f6zel kuma\u015fla haz\u0131rlanan elbisenin kenarlar\u0131 alt\u0131n ve Swarovski ta\u015flarla i\u015flendi. G\u00f6bek ve bacaklar\u0131 a\u00e7\u0131kta b\u0131rakan elbisenin bel k\u0131sm\u0131 kemer \u015feklinde alt\u0131nlarla s\u00fcslendi.<\/p>\n<p style=\"text-align: justify;\"><strong>\u0130LK YARI F\u0130NAL\u0130 KAZANAN \u00dcLKELER<\/strong><\/p>\n<p style=\"text-align: justify;\">* T\u00fcrkiye<\/p>\n<p style=\"text-align: justify;\">* \u0130sve\u00e7<\/p>\n<p style=\"text-align: justify;\">* \u0130srail<\/p>\n<p style=\"text-align: justify;\">* Portekiz<\/p>\n<p style=\"text-align: justify;\">* Malta<\/p>\n<p style=\"text-align: justify;\">* Finlandiya<\/p>\n<p style=\"text-align: justify;\">* Bosna-Hersek<\/p>\n<p style=\"text-align: justify;\">* Romanya<\/p>\n<p style=\"text-align: justify;\">* Ermenistan<\/p>\n<p style=\"text-align: justify;\">* \u0130zlanda<\/p>\n<p style=\"text-align: justify;\"><span style=\"color: #888888;\">Kaynak : Vatan<\/span><\/p>\n","protected":false},"excerpt":{"rendered":"<p style=\"text-align: center;\">\n<p style=\"text-align: justify;\">Moskova\u2019daki 54. Eurovision \u015eark\u0131 Yar\u0131\u015fmas\u0131\u2019-n\u0131n birinci elemesinde sahneye \u00e7\u0131kan Hadise ilk a\u00e7\u0131lan zarfla finale kat\u0131lmaya hak kazand\u0131.<\/p>\n<p style=\"text-align: justify;\"> Rusya\u2019n\u0131n ba\u015fkenti Moskova\u2019da d\u00fczenlenen 54. Eurovision \u015eark\u0131 Yar\u0131\u015fmas\u0131\u2019n\u0131n ilk yar\u0131 finali d\u00fcn ak\u015fam Olimpiyski Spor Salonu\u2019nda yap\u0131ld\u0131. 18 \u00fclkenin yar\u0131\u015ft\u0131\u011f\u0131 ilk yar\u0131 finalde 9. s\u0131rada sahneye \u00e7\u0131kan Hadise ba\u011f\u0131\u015f\u0131kl\u0131k sisteminde <\/p>\n","protected":false},"author":1,"featured_media":0,"comment_status":"open","ping_status":"closed","sticky":false,"template":"","format":"standard","meta":{"footnotes":""},"categories":[105],"tags":[],"class_list":["post-9050","post","type-post","status-publish","format-standard","hentry","category-gundem","odd"],"_links":{"self":[{"href":"http:\/\/www.korhanyilmaz.com\/index.php?rest_route=\/wp\/v2\/posts\/9050","targetHints":{"allow":["GET"]}}],"collection":[{"href":"http:\/\/www.korhanyilmaz.com\/index.php?rest_route=\/wp\/v2\/posts"}],"about":[{"href":"http:\/\/www.korhanyilmaz.com\/index.php?rest_route=\/wp\/v2\/types\/post"}],"author":[{"embeddable":true,"href":"http:\/\/www.korhanyilmaz.com\/index.php?rest_route=\/wp\/v2\/users\/1"}],"replies":[{"embeddable":true,"href":"http:\/\/www.korhanyilmaz.com\/index.php?rest_route=%2Fwp%2Fv2%2Fcomments&post=9050"}],"version-history":[{"count":0,"href":"http:\/\/www.korhanyilmaz.com\/index.php?rest_route=\/wp\/v2\/posts\/9050\/revisions"}],"wp:attachment":[{"href":"http:\/\/www.korhanyilmaz.com\/index.php?rest_route=%2Fwp%2Fv2%2Fmedia&parent=9050"}],"wp:term":[{"taxonomy":"category","embeddable":true,"href":"http:\/\/www.korhanyilmaz.com\/index.php?rest_route=%2Fwp%2Fv2%2Fcategories&post=9050"},{"taxonomy":"post_tag","embeddable":true,"href":"http:\/\/www.korhanyilmaz.com\/index.php?rest_route=%2Fwp%2Fv2%2Ftags&post=9050"}],"curies":[{"name":"wp","href":"https:\/\/api.w.org\/{rel}","templated":true}]}}