{"id":9046,"date":"2009-05-12T15:16:49","date_gmt":"2009-05-12T13:16:49","guid":{"rendered":"http:\/\/www.korhanyilmaz.com\/?p=9046"},"modified":"2009-05-12T15:16:49","modified_gmt":"2009-05-12T13:16:49","slug":"%e2%80%98butun-adresler-kanal-7%e2%80%99ye-cikiyor%e2%80%99","status":"publish","type":"post","link":"http:\/\/www.korhanyilmaz.com\/?p=9046","title":{"rendered":"\u2018B\u00fct\u00fcn adresler Kanal 7\u2019ye \u00e7\u0131k\u0131yor\u2019"},"content":{"rendered":"<p style=\"text-align: center;\"><img loading=\"lazy\" decoding=\"async\" class=\"aligncenter size-full wp-image-9047\" src=\"http:\/\/www.korhanyilmaz.com\/wp-content\/uploads\/2009\/05\/18ce9a9bf-c3d2-49ea-bfcb-32bbb4903ac8.jpg\" alt=\"\" width=\"329\" height=\"210\" \/><\/p>\n<p style=\"text-align: justify;\">Almanya\u2019dan yeni bir Deniz Feneri dosyas\u0131 geldi\u011fini s\u00f6yleyen CHP lideri b\u00fct\u00fcn yollar\u0131n Kanal 7\u2019de kesi\u015fti\u011fini s\u00f6yledi. Baykal \u201cAr\u0131n\u00e7\u2019a 900 milyon euro\u2019yu birka\u00e7 edepsiz mi yedi\u201d diye sordu.<\/p>\n<p style=\"text-align: justify;\">ANKARA- CHP Genel Ba\u015fkan\u0131 Deniz Baykal, d\u00fcnk\u00fc grup toplant\u0131s\u0131nda Deniz Feneri davas\u0131yla ilgili yeni iddialarda bulundu. Ellerine Almanya\u2019dan yeni bir dosya geldi\u011fini a\u00e7\u0131klayan Baykal \u015funlar\u0131 s\u00f6yledi:<\/p>\n<p style=\"text-align: justify;\"><strong>AKP OL\u0130GAR\u015e\u0130S\u0130 VAR:<\/strong> Yedi y\u0131ld\u0131r g\u00f6revdesin. Devletin b\u00fct\u00fcn kadrolar\u0131 AKP\u2019nin ele\u011finden ge\u00e7ti. AKP damgas\u0131 ta\u015f\u0131yor. Vatanda\u015f \u015fikayet edince \u201cb\u00fcrokratik oligar\u015fi\u201d diyorsun. O oligar\u015fiyi sen kurdun. Vatanda\u015fa gelince b\u00fcrokratik oligar\u015fi, senin damad\u0131na gelince o oligar\u015fi senin emrinde 750 bin dolar\u0131 veriyor. Demokrasi, yoksul, m\u00fctevazi bir ailenin \u00e7ocu\u011fu okutup, bu devletin zirvesine \u00e7\u0131kartabilmesidir.<!--more--><\/p>\n<p style=\"text-align: justify;\"><strong>ARIN\u00c7\u2019A TEPK\u0130:<\/strong> Kabine de\u011fi\u015fikli\u011fi ile gelen yetkili bir bakan\u0131m\u0131z, Almanya\u2019daki \u201cDeniz Feneri olay\u0131na kar\u0131\u015fanlar birka\u00e7 edepsizdir\u201d dedi. Hepimiz biliyoruz ki bu, birka\u00e7 terbiye zafiyeti i\u00e7indeki insanlar\u0131n uygulamas\u0131 de\u011fildir. Bu, sistematik bir d\u00fczenlemedir ve onlar b\u00f6yle bir su\u00e7lamay\u0131 belki de hak etmiyorlar. Belki de sistemin \u00e7\u0131karlar\u0131 i\u00e7in kendilerini feda etmi\u015flerdir.<\/p>\n<p style=\"text-align: justify;\"><strong>ALMANYA\u2019DAN YEN\u0130 DOSYA GELD\u0130: <\/strong>MYK \u00fcyemiz Ali K\u0131l\u0131\u00e7, Almanya\u2019dan yeni bir dosya getirdi. Bu dosyaya g\u00f6re son 10 y\u0131lda toplam 900 milyon Euro kaynak toplanm\u0131\u015f. Y\u0130MPA\u015e, KOMBASAN, Kanal 7 ve Deniz Feneri i\u00e7 i\u00e7e g\u00f6z\u00fckmektedir. Yani birka\u00e7 edepsizin, yaramaz\u0131n, huysuzun, birka\u00e7 ki\u015finin olay\u0131 olmas\u0131n\u0131n \u00f6tesinde bir tablodur. Ba\u011f\u0131\u015f makbuzlar\u0131 ayn\u0131 imzalar\u0131 ta\u015f\u0131maktad\u0131r. Almanya\u2019daki Deniz Feneri ile T\u00fcrkiye\u2019deki Deniz Feneri\u2019nin birlikte \u00e7al\u0131\u015ft\u0131\u011f\u0131na dair belgeler var. Almanya\u2019da Y\u0130MPA\u015e dosyas\u0131, Deniz Feneri dosyas\u0131yla birle\u015ftirilmi\u015ftir. Buradaki belgeler \u00e7ok a\u00e7\u0131k\u00e7a g\u00f6r\u00fcl\u00fcyor ki, Almanya\u2019daki Deniz Feneri paralar\u0131yla Kanal 7 finanse edilmi\u015ftir.<\/p>\n<p style=\"text-align: justify;\"><strong>T\u00dcRK\u0130YE\u2019YE GEL KONU\u015eALIM: <\/strong>Kanal 7\u2019nin kurucusu me\u015fhur ki\u015fiye elden paralar verilmi\u015ftir. Gemi olay\u0131 var bir de hat\u0131rlars\u0131n\u0131z. Gemiyle ilgili vize ba\u015fvurusunu Kanal 7 yapm\u0131\u015f, m\u00fch\u00fcrse Deniz Feneri\u2019nindir. Kanal 7\u2019nin kurucusunun, Almanya\u2019daki soru\u015fturmay\u0131 y\u00fcr\u00fcten polis \u015fefini, \u201cT\u00fcrkiye\u2019ye gel burada konu\u015fal\u0131m\u201d diye \u00e7a\u011f\u0131rd\u0131\u011f\u0131 da belgeyle tespit edilmi\u015ftir.<\/p>\n<p style=\"text-align: justify;\"><strong>ERGENEKON: <\/strong>Bu soru\u015fturma giderek art\u0131k hem T\u00fcrkiye\u2019de hem de d\u00fcnyada daha kayg\u0131yla izlenir hale gelmi\u015ftir ve bu soru\u015fturman\u0131n i\u00e7 y\u00fcz\u00fc daha iyi anla\u015f\u0131lmaktad\u0131r. Bir s\u00fcre \u00f6nce Anayasa Mahkemesi Ba\u015fkan\u0131 dahi uyar\u0131lar\u0131n\u0131 yapm\u0131\u015ft\u0131. Dan\u0131\u015ftay, Yarg\u0131tay ba\u015fkan\u0131 bu konuda \u00e7ok ciddi uyar\u0131lar dile getirmi\u015fti. En son Reuters ajans\u0131, \u201cErgenekon soru\u015fturmas\u0131, AKP\u2019ye kar\u015f\u0131 a\u00e7\u0131lan kapatma davas\u0131na kar\u015f\u0131 a\u00e7\u0131lm\u0131\u015ft\u0131r\u201d tespitini yapm\u0131\u015ft\u0131r.<\/p>\n<p style=\"text-align: justify;\"><strong>VATAN\u2019IN NOTU<\/strong><\/p>\n<p style=\"text-align: justify;\">Baykal\u2019\u0131n s\u00f6z\u00fcn\u00fcn etti\u011fi polis \u015fefi, Almanya\u2019daki soru\u015fturmay\u0131 y\u00fcr\u00fcten Alexandr B\u00f6hm. Zekeriya Karaman avukatlar\u0131n\u0131 Frankfurt\u2019a yollad\u0131. Avukatlar, polis \u015fefi B\u00f6hm\u2019e, \u201cZekeriya Karaman sizi T\u00fcrkiye\u2019ye davet ediyor. T\u00fcrkiye\u2019de sizinle gayri-resmi bir g\u00f6r\u00fc\u015fme yapmay\u0131 arzu ediyor\u201d dediler. Polis \u015fefi B\u00f6hm bu teklifi reddetti. Karaman\u2019\u0131n avukatlar\u0131 Polis \u015eefi B\u00f6hm\u2019e bu teklifi yaparken, bu konu\u015fma B\u00f6hm taraf\u0131ndan kayda al\u0131nd\u0131. Bu kay\u0131t Deniz Feneri dosyas\u0131n\u0131n eklerine delil olarak girdi.<\/p>\n<p style=\"text-align: justify;\"><span style=\"color: #888888;\">Kaynak : Vatan<\/span><\/p>\n","protected":false},"excerpt":{"rendered":"<p style=\"text-align: center;\">\n<p style=\"text-align: justify;\">Almanya\u2019dan yeni bir Deniz Feneri dosyas\u0131 geldi\u011fini s\u00f6yleyen CHP lideri b\u00fct\u00fcn yollar\u0131n Kanal 7\u2019de kesi\u015fti\u011fini s\u00f6yledi. Baykal \u201cAr\u0131n\u00e7\u2019a 900 milyon euro\u2019yu birka\u00e7 edepsiz mi yedi\u201d diye sordu.<\/p>\n<p style=\"text-align: justify;\">ANKARA- CHP Genel Ba\u015fkan\u0131 Deniz Baykal, d\u00fcnk\u00fc grup toplant\u0131s\u0131nda Deniz Feneri davas\u0131yla ilgili yeni iddialarda bulundu. Ellerine Almanya\u2019dan yeni bir dosya <\/p>\n","protected":false},"author":1,"featured_media":0,"comment_status":"open","ping_status":"closed","sticky":false,"template":"","format":"standard","meta":{"footnotes":""},"categories":[105],"tags":[],"class_list":["post-9046","post","type-post","status-publish","format-standard","hentry","category-gundem","odd"],"_links":{"self":[{"href":"http:\/\/www.korhanyilmaz.com\/index.php?rest_route=\/wp\/v2\/posts\/9046","targetHints":{"allow":["GET"]}}],"collection":[{"href":"http:\/\/www.korhanyilmaz.com\/index.php?rest_route=\/wp\/v2\/posts"}],"about":[{"href":"http:\/\/www.korhanyilmaz.com\/index.php?rest_route=\/wp\/v2\/types\/post"}],"author":[{"embeddable":true,"href":"http:\/\/www.korhanyilmaz.com\/index.php?rest_route=\/wp\/v2\/users\/1"}],"replies":[{"embeddable":true,"href":"http:\/\/www.korhanyilmaz.com\/index.php?rest_route=%2Fwp%2Fv2%2Fcomments&post=9046"}],"version-history":[{"count":0,"href":"http:\/\/www.korhanyilmaz.com\/index.php?rest_route=\/wp\/v2\/posts\/9046\/revisions"}],"wp:attachment":[{"href":"http:\/\/www.korhanyilmaz.com\/index.php?rest_route=%2Fwp%2Fv2%2Fmedia&parent=9046"}],"wp:term":[{"taxonomy":"category","embeddable":true,"href":"http:\/\/www.korhanyilmaz.com\/index.php?rest_route=%2Fwp%2Fv2%2Fcategories&post=9046"},{"taxonomy":"post_tag","embeddable":true,"href":"http:\/\/www.korhanyilmaz.com\/index.php?rest_route=%2Fwp%2Fv2%2Ftags&post=9046"}],"curies":[{"name":"wp","href":"https:\/\/api.w.org\/{rel}","templated":true}]}}