{"id":9012,"date":"2009-05-12T10:19:08","date_gmt":"2009-05-12T07:19:08","guid":{"rendered":"http:\/\/www.korhanyilmaz.com\/?p=9012"},"modified":"2009-05-12T10:19:08","modified_gmt":"2009-05-12T07:19:08","slug":"bombayla-altust-olan-yasamlar","status":"publish","type":"post","link":"http:\/\/www.korhanyilmaz.com\/?p=9012","title":{"rendered":"Bombayla alt\u00fcst olan ya\u015famlar&#8230;"},"content":{"rendered":"<div class=\"haber_spot line_height_def\" style=\"margin-right: 5px;\"><a href=\"http:\/\/www.korhanyilmaz.com\/wp-content\/uploads\/2009\/05\/724a380f-0efd-46c2-bb77-5285c8612d08.jpg\"  class=\"lightview\"><img loading=\"lazy\" decoding=\"async\" class=\"aligncenter size-full wp-image-9013\" src=\"http:\/\/www.korhanyilmaz.com\/wp-content\/uploads\/2009\/05\/724a380f-0efd-46c2-bb77-5285c8612d08.jpg\" alt=\"\" width=\"333\" height=\"175\" \/><\/a><\/div>\n<div class=\"haber_spot line_height_def\" style=\"margin-right: 5px; text-align: justify;\"><strong>K\u0131z\u0131lay, ge\u00e7en y\u0131l G\u00fcng\u00f6ren&#8217;de 18 ki\u015fiyi \u00f6ld\u00fcren bombal\u0131 olay\u0131n ma\u011fdur ve tan\u0131klar\u0131n\u0131n psikolojisini inceledi. Hayatlar\u0131 alt\u00fcst olanlar, &#8220;Ani irkilme, s\u00fcrekli tetikte olma, \u00e7abuk \u00f6fkelenme, uyku ve dikkat bozukluklar\u0131n\u0131&#8221; atamad\u0131<\/strong><\/div>\n<p style=\"text-align: justify;\"><!-- Kald\u0131rd\u0131k --> <!-- Kald\u0131rd\u0131k --> <span class=\"ver11\"> K\u0131z\u0131lay&#8217;\u0131n, \u00e7\u00f6p kutular\u0131na yerle\u015ftirilen bombalarla 18 ki\u015finin hayat\u0131n\u0131 kaybetti\u011fi \u0130stanbul G\u00fcng\u00f6ren il\u00e7esindeki sald\u0131r\u0131 ile ilgili &#8216;psikososyal destek \u00e7al\u0131\u015fmas\u0131&#8217; sonu\u00e7lar\u0131, insanlar\u0131n g\u00fcnl\u00fck ya\u015famlar\u0131na k\u0131sa s\u00fcrede d\u00f6nmelerinin ne kadar zor oldu\u011funu ortaya koydu. 27 Temmuz 2008&#8217;de G\u00fcng\u00f6ren&#8217;de ya\u015fanan vah\u015fetinin tan\u0131klar\u0131, \u00f6len ki\u015filerin yak\u0131nlar\u0131, yaralananlar deh\u015fetin \u00fczerinden 9 ay ge\u00e7mesine ra\u011fmen, &#8216;ani irkilme&#8217;, &#8216;tetikte olma&#8217;, &#8216;\u00e7abuk \u00f6fkelenme&#8217;, &#8216;uyku ve dikkat bozukluklar\u0131&#8217; ya\u015f\u0131yor. <!--more--><br \/>\n<strong><br \/>\n308 K\u0130\u015e\u0130 \u0130LE G\u00d6R\u00dc\u015e\u00dcLD\u00dc <\/strong><br \/>\nK\u0131z\u0131lay Derne\u011fi, 27 Temmuz olay\u0131n\u0131n insana psikolojik yans\u0131mas\u0131n\u0131n \u00e7al\u0131\u015fmas\u0131n\u0131 tamamlad\u0131. \u00c7al\u0131\u015fma bir rapor haline getirildi. 308 ki\u015fi ile g\u00f6r\u00fc\u015f\u00fcld\u00fc. \u00c7al\u0131\u015fmaya, T\u00fcrk Psikiyatr Derne\u011fi, T\u00fcrk Psikologlar Derne\u011fi ve sosyal hizmet uzmanlar\u0131 destek verdi.<\/span><\/p>\n<p style=\"text-align: justify;\"><strong><em>\u0130\u015fte \u00e7al\u0131\u015fmadan ilgin\u00e7 ve \u00f6nemli ayr\u0131nt\u0131lar: <\/em><\/strong><br \/>\n&#8211; G\u00fcng\u00f6ren Psikososyal Destek Merkezi&#8217;ne 21 ki\u015fi patlaman\u0131n etkileriyle ba\u015f etmekte zorland\u0131\u011f\u0131 gerek\u00e7esiyle ba\u015fvurdu.<br \/>\n&#8211; Ev ziyaretlerinde deste\u011fe ihtiyac\u0131 oldu\u011fu belirlenen ki\u015filer uzman psikologlara y\u00f6nlendirildi.<br \/>\n&#8211; 26 ki\u015finin uzun s\u00fcreli tedaviye ihtiyac\u0131 oldu\u011fu belirlendi ve \u00e7e\u015fitli kurum ve kurulu\u015flara y\u00f6nlendirildi.<br \/>\n&#8211; G\u00f6r\u00fc\u015fme yap\u0131lanlar\u0131n y\u00fczde 75.9&#8217;u \u00e7aresizlik hissetti\u011fini s\u00f6yledi.<br \/>\n&#8211; Y\u00fczde 79.3&#8217;l\u00fck bir oran ise olaydan dolay\u0131 &#8216;deh\u015fet&#8217; duyduklar\u0131n\u0131 s\u00f6yledi.<br \/>\n<strong><br \/>\nEN \u00c7OK ETK\u0130LEYEN G\u00d6R\u00dcNT\u00dc <\/strong><br \/>\n&#8211; Travma ya\u015fayanlar\u0131n bir b\u00f6l\u00fcm\u00fc olay\u0131 hat\u0131rlayamama, olay\u0131 hat\u0131rlatan yer ve durdum ve ki\u015filerden ka\u00e7\u0131nma, duygusal donukla\u015fma, i\u00e7e kapanma gibi belirtiler g\u00f6sterdi.<br \/>\n&#8211; Y\u00fczde 13.8&#8217;lik bir kesim&#8221; ka\u00e7\u0131nma k\u00fcntl\u00fck&#8221; belirtilerini s\u00fcrekli olarak, y\u00fczde 63.8&#8217;lik bir dilim ise normal say\u0131labilecek bir s\u0131kl\u0131kta g\u00f6sterdi.<br \/>\n&#8211; Kad\u0131n ve erkeklerin psikolojik tepki puanlar\u0131 aras\u0131nda anlaml\u0131 bir fark bulunamad\u0131.<br \/>\n&#8211; G\u00f6r\u00fc\u015fme yap\u0131lanlardan 19 ki\u015fiden 10&#8217;u patlamada yaralanan ve \u00f6lenleri g\u00f6rd\u00fcklerini s\u00f6yledi.<br \/>\n&#8211; &#8220;Patlama s\u0131ras\u0131nda sizi en \u00e7ok etkileyen neydi&#8221; sorusuna, en \u00e7ok &#8216;g\u00f6r\u00fcnt\u00fc&#8217; yan\u0131t\u0131 verildi. &#8216;Ses&#8217; diyenlerde oldu.<br \/>\n&#8211; G\u00f6r\u00fc\u015f\u00fclen ki\u015filerin y\u00fczde 47.4&#8217;\u00fc, patlama haricinde son 1 y\u0131l i\u00e7erisinde \u00f6l\u00fcm tehlikesi, yak\u0131n kayb\u0131, boyanma, i\u015f kayb\u0131 gibi \u00f6nemli olay ya\u015fad\u0131\u011f\u0131n\u0131 s\u00f6yledi.<br \/>\n&#8211; Y\u00fczde 52.6&#8217;s\u0131 ise, yak\u0131n \u00e7evresinde maddi ve ruhsal destek alabildi\u011fi ki\u015filer oldu\u011funu s\u00f6yledi.<br \/>\n&#8211; Olaydan \u00f6nce ve sonra &#8216;intihar\u0131&#8217; d\u00fc\u015f\u00fcnd\u00fc\u011f\u00fcn\u00fc belirten kimse olmad\u0131.<\/p>\n<p style=\"text-align: justify;\"><strong>Furkan&#8217;\u0131n babas\u0131n\u0131 polis teselli etti<\/strong><br \/>\nAdliye bah\u00e7esinde \u00f6nlem alan \u00e7evik kuvvet ekiplerince engellenen ma\u011fdur yak\u0131nlar\u0131ndan baz\u0131lar\u0131, &#8216;Ne istediniz onlardan?&#8217;, &#8216;Tek bir o\u011flum vard\u0131, onu da al\u0131p g\u00f6t\u00fcrd\u00fcler&#8217; diye ba\u011f\u0131rd\u0131. Polis taraf\u0131ndan bariyerlerin d\u0131\u015f\u0131na \u00e7\u0131kar\u0131lan gruptan baz\u0131 ki\u015filer bayg\u0131nl\u0131k ge\u00e7irerek a\u011flad\u0131. G\u00fcven Mahellesi&#8217;ne birlikte b\u00fcy\u00fcyen, ayn\u0131 okulda ayn\u0131 s\u0131ralarda okuyan, birlikte Kuleli Askeri Lisesi s\u0131nav\u0131n\u0131 kazanan 14 ya\u015f\u0131ndaki Murat A\u011fca&#8217;n\u0131n annesi Perihan A\u011fca ile 14 Furkan \u015eent\u00fcrk&#8217;\u00fcn babas\u0131 Mustafa \u015eent\u00fcrk, san\u0131klara &#8220;Ne istediniz benim o\u011flumdan. Niye k\u0131yd\u0131n\u0131z benim yavruma&#8221; diye ba\u011f\u0131rd\u0131. Furkan&#8217;\u0131n babas\u0131 Mustafa \u015eent\u00fcrk, G\u00fcng\u00f6ren&#8217;deki patlamay\u0131 duyar duymaz o\u011flunun olay yerine giderek yaral\u0131lara yard\u0131m ettikten sonra arkada\u015f\u0131 Murat A\u011fca ile kol kola geri d\u00f6nerken ikinci patlamada can verdiklerini belirtti. Polislerden biri Furkan&#8217;\u0131n babas\u0131 Mustafa \u015eent\u00fcrk&#8217;e sar\u0131larak teselli etmeye \u00e7al\u0131\u015ft\u0131.<\/p>\n<p style=\"text-align: justify;\"><strong>San\u0131klar davada su\u00e7lamay\u0131 reddetti<\/strong><\/p>\n<div class=\"haber_spot line_height_def\" style=\"margin-right: 5px; text-align: justify;\"><strong> 18 ki\u015finin \u00f6ld\u00fcr\u00fclmesinden yarg\u0131lanan 8 san\u0131k, olayla ilgileri olmad\u0131\u011f\u0131n\u0131 savunarak su\u00e7lamay\u0131 reddetti<\/strong><\/div>\n<p style=\"text-align: justify;\"><!-- Kald\u0131rd\u0131k --> <!-- Kald\u0131rd\u0131k --><\/p>\n<div class=\"haber haber_renk line_height_def\" style=\"margin-right: 5px; text-align: justify;\"><span class=\"ver11\"> G\u00fcng\u00f6ren&#8217;de<strong> <\/strong>17 ki\u015fi ve bir do\u011fmam\u0131\u015f bebe\u011fin \u00f6l\u00fcm\u00fc, 154 ki\u015finin de yaralanmas\u0131yla sonu\u00e7lanan bombal\u0131 sald\u0131r\u0131ya ili\u015fkin yarg\u0131lanmalar\u0131na ba\u015flanacak 8 tutuklu san\u0131k adliyeye getirilirken, ma\u011fdur yak\u0131nlar\u0131 taraf\u0131ndan lin\u00e7 edilmek istendi. Tutuklu bulunduklar\u0131 Tekirda\u011f F Tipi Kapal\u0131 Cezaevi&#8217;nden Be\u015fikta\u015f&#8217;taki \u0130stanbul Adliyesi&#8217;ne getirilen, aralar\u0131nda herbiri hakk\u0131nda 18 kez a\u011f\u0131rla\u015ft\u0131r\u0131lm\u0131\u015f \u00f6m\u00fcr boyu hapis cezas\u0131na \u00e7arpt\u0131r\u0131lmalar\u0131 istenen H\u00fcseyin T\u00fcreli ile Nusret Tebi\u015f&#8217;in de bulundu\u011fu 8 tutuklu san\u0131k, duru\u015fmada su\u00e7lamalar\u0131 reddetti. Tutuklu san\u0131k H\u00fcseyin T\u00fcreli, emniyette dayak g\u00f6rmedi\u011fini belirterek, kendisine psikolojik bask\u0131 uyguland\u0131\u011f\u0131n\u0131 ve k\u00fcf\u00fcr edildi\u011fi i\u00e7in susma hakk\u0131n\u0131 kulland\u0131\u011f\u0131n\u0131 s\u00f6yledi. T\u00fcreli, g\u00f6zalt\u0131ndayken tutanaklar\u0131n kendisine okumadan imzalatt\u0131r\u0131ld\u0131\u011f\u0131n\u0131 da savundu. Di\u011fer san\u0131k Nusret Tebi\u015f de &#8220;Al\u00e7ak\u00e7a yap\u0131lan olay\u0131 nefretle k\u0131n\u0131yorum. Bu olay\u0131 \u00fcst\u00fcm\u00fcze atanlar utans\u0131n. Olayla uzaktan yak\u0131ndan alakam yok&#8221; diyerek, bir ki\u015fiyle birlikte foto\u011fraf\u0131n\u0131n \u00e7ekildi\u011fini, emniyete de bu foto\u011fraflar\u0131n\u0131n verildi\u011fini, hatta bu foto\u011fraf\u0131n g\u00f6zalt\u0131na al\u0131nmadan \u00f6nce evinde kendisine g\u00f6sterildi\u011fini anlatt\u0131. Tutuklu san\u0131klardan \u015eerafettin Kara da, hi\u00e7bir \u00f6rg\u00fcte \u00fcye olmad\u0131\u011f\u0131n\u0131, ba\u011f\u0131ml\u0131 oldu\u011fu i\u00e7in g\u00f6zalt\u0131nda uyu\u015fturucu krizine girdi\u011fini, bu nedenle de \u00f6nceki ifadelerini kabul etmedi\u011fini s\u00f6yledi. \u00d6lenlerin yak\u0131nlar\u0131 da duru\u015fmada tek tek dinlendi. \u015eikayet\u00e7ilerin \u00e7o\u011fu davaya m\u00fcdahil olmak istediklerini belirterek avukat talep etti.<\/span><\/div>\n<div class=\"haber haber_renk line_height_def\" style=\"margin-right: 5px; text-align: justify;\"><span class=\"ver11\"><br \/>\n<\/span><\/div>\n<div class=\"haber haber_renk line_height_def\" style=\"margin-right: 5px; text-align: justify;\"><span class=\"ver11\"><span style=\"color: #888888;\">Kaynak : Sabah<\/span><br \/>\n<\/span><\/div>\n","protected":false},"excerpt":{"rendered":"<p> K\u0131z\u0131lay, ge\u00e7en y\u0131l G\u00fcng\u00f6ren&#8217;de 18 ki\u015fiyi \u00f6ld\u00fcren bombal\u0131 olay\u0131n ma\u011fdur ve tan\u0131klar\u0131n\u0131n psikolojisini inceledi. Hayatlar\u0131 alt\u00fcst olanlar, &#8220;Ani irkilme, s\u00fcrekli tetikte olma, \u00e7abuk \u00f6fkelenme, uyku ve dikkat bozukluklar\u0131n\u0131&#8221; atamad\u0131 <\/p>\n<p style=\"text-align: justify;\"> K\u0131z\u0131lay&#8217;\u0131n, \u00e7\u00f6p kutular\u0131na yerle\u015ftirilen bombalarla 18 ki\u015finin hayat\u0131n\u0131 kaybetti\u011fi \u0130stanbul G\u00fcng\u00f6ren il\u00e7esindeki sald\u0131r\u0131 ile ilgili &#8216;psikososyal destek \u00e7al\u0131\u015fmas\u0131&#8217; sonu\u00e7lar\u0131, insanlar\u0131n g\u00fcnl\u00fck ya\u015famlar\u0131na <\/p>\n","protected":false},"author":1,"featured_media":0,"comment_status":"open","ping_status":"closed","sticky":false,"template":"","format":"standard","meta":{"footnotes":""},"categories":[105],"tags":[],"class_list":["post-9012","post","type-post","status-publish","format-standard","hentry","category-gundem","odd"],"_links":{"self":[{"href":"http:\/\/www.korhanyilmaz.com\/index.php?rest_route=\/wp\/v2\/posts\/9012","targetHints":{"allow":["GET"]}}],"collection":[{"href":"http:\/\/www.korhanyilmaz.com\/index.php?rest_route=\/wp\/v2\/posts"}],"about":[{"href":"http:\/\/www.korhanyilmaz.com\/index.php?rest_route=\/wp\/v2\/types\/post"}],"author":[{"embeddable":true,"href":"http:\/\/www.korhanyilmaz.com\/index.php?rest_route=\/wp\/v2\/users\/1"}],"replies":[{"embeddable":true,"href":"http:\/\/www.korhanyilmaz.com\/index.php?rest_route=%2Fwp%2Fv2%2Fcomments&post=9012"}],"version-history":[{"count":0,"href":"http:\/\/www.korhanyilmaz.com\/index.php?rest_route=\/wp\/v2\/posts\/9012\/revisions"}],"wp:attachment":[{"href":"http:\/\/www.korhanyilmaz.com\/index.php?rest_route=%2Fwp%2Fv2%2Fmedia&parent=9012"}],"wp:term":[{"taxonomy":"category","embeddable":true,"href":"http:\/\/www.korhanyilmaz.com\/index.php?rest_route=%2Fwp%2Fv2%2Fcategories&post=9012"},{"taxonomy":"post_tag","embeddable":true,"href":"http:\/\/www.korhanyilmaz.com\/index.php?rest_route=%2Fwp%2Fv2%2Ftags&post=9012"}],"curies":[{"name":"wp","href":"https:\/\/api.w.org\/{rel}","templated":true}]}}