{"id":9008,"date":"2009-05-11T15:13:16","date_gmt":"2009-05-11T13:13:16","guid":{"rendered":"http:\/\/www.korhanyilmaz.com\/?p=9008"},"modified":"2009-05-11T15:13:16","modified_gmt":"2009-05-11T13:13:16","slug":"9008","status":"publish","type":"post","link":"http:\/\/www.korhanyilmaz.com\/?p=9008","title":{"rendered":"K\u00fcrt ayd\u0131nlar da &#039;akil adam&#039; diyor"},"content":{"rendered":"<p class=\"bold\" style=\"text-align: center;\"><a href=\"http:\/\/www.korhanyilmaz.com\/wp-content\/uploads\/2009\/05\/fft28_mf171697.Jpeg\"  class=\"lightview\"><img decoding=\"async\" class=\"aligncenter size-full wp-image-9007\" src=\"http:\/\/www.korhanyilmaz.com\/wp-content\/uploads\/2009\/05\/fft28_mf171697.Jpeg\" alt=\"\" \/><\/a><\/p>\n<p style=\"text-align: justify;\">K\u00fcrt sorununun \u00e7\u00f6z\u00fcm\u00fc i\u00e7in devletin zirvesinden gelen mesajlar\u0131 de\u011ferlendiren K\u00fcrt ayd\u0131nlar da &#8216;akil adam&#8217; form\u00fcl\u00fcne s\u0131cak bak\u0131yor. Uzla\u015fma zemini i\u00e7in \u00f6nce &#8216;kapal\u0131 kap\u0131lar ard\u0131nda g\u00f6r\u00fc\u015fme&#8217; \u00f6neriliyor.<\/p>\n<p style=\"text-align: justify;\"><span style=\"color: #888888;\">R\u0130FAT BA\u015eARAN <\/span><\/p>\n<p style=\"text-align: justify;\">ANKARA &#8211; Cumhurba\u015fkan\u0131 Abdullah G\u00fcl ve Ba\u015fbakan Recep Tayyip Erdo\u011fan\u2019\u0131n K\u00fcrt sorununun \u00e7\u00f6z\u00fcm\u00fcne y\u00f6nelik s\u00f6zleri \u201csilahs\u0131z \u00e7\u00f6z\u00fcm\u201d isteyen K\u00fcrt ayd\u0131nlar\u0131 ve kanaat \u00f6nderlerini heyecanland\u0131rd\u0131. \u00c7\u00f6z\u00fcm i\u00e7in kap\u0131n\u0131n araland\u0131\u011f\u0131n\u0131 ifade eden ayd\u0131nlar, sonraki ad\u0131m\u0131n \u00e7\u00f6z\u00fcm re\u00e7etesini belirleyen g\u00f6r\u00fc\u015fmeler olaca\u011f\u0131n\u0131 belirterek PKK\u2019l\u0131 Murat Karay\u0131lan\u2019\u0131n \u2018akil adamlar\u2019 olarak ifade etti\u011fi, siyaset\u00e7i ve entelekt\u00fcellerden olu\u015fan bir grubun olu\u015fturulmas\u0131 gerekti\u011fini s\u00f6ylediler. <!--more--><br \/>\nKADEP Genel Ba\u015fkan\u0131 \u015eerafettin El\u00e7i: \u2018Sorunu \u00e7\u00f6zmenin ilk ad\u0131m\u0131 niyet\u2019 sonra karar ard\u0131ndan irade gelir. Biz niyet a\u015famas\u0131nday\u0131z. Ard\u0131ndan \u00f6zg\u00fcr tart\u0131\u015fma zemininde herkes form\u00fcl\u00fcn\u00fc ortaya koymal\u0131. Sonra ortak bir form\u00fclde uzla\u015f\u0131labilir. Cumhurba\u015fkan\u0131 inisiyatif al\u0131p liderleri belli bir noktada uzla\u015ft\u0131rabilirse Meclis\u2019te her grup liderini takip eder. Ama bunlar kamuoyu \u00f6n\u00fcnde tart\u0131\u015f\u0131l\u0131rsa sen ben kavgas\u0131na d\u00f6ner. Tamamen kapal\u0131 kap\u0131lar arkas\u0131nda \u00e7ok ayr\u0131 d\u00fc\u015f\u00fcncelerin birbirine yakla\u015ft\u0131r\u0131lmas\u0131 gerekir.<br \/>\nAKP Batman Milletvekili Mehmet Emin Ekmen: \u00c7\u00f6z\u00fcme en yak\u0131n noktada olunmas\u0131n\u0131n heyecan\u0131 ile s\u00fcrecin sabote edilebilece\u011finin endi\u015fesi bir arada ya\u015fan\u0131yor. K\u00fcrt sorununun birka\u00e7 ana parametresi var ve tek biri \u00e7\u00f6z\u00fcme yetmez. \u00c7\u00f6z\u00fcmde ortakla\u015fmak gerekir. DTP\u2019siyle di\u011fer partilerdeki K\u00fcrt siyaset\u00e7ilerle, entelekt\u00fcel fikir adamlar\u0131yla grup olu\u015fturulabilir. Bu toplant\u0131lar kapal\u0131 kap\u0131lar ard\u0131nda yap\u0131lmal\u0131. \u00c7\u00fcnk\u00fc Meclis\u2019teki bir oturumda iktidar iktidarl\u0131\u011f\u0131n\u0131, muhalefet de muhalefetli\u011fini yapacakt\u0131r.\u201d<br \/>\nEski milletvekili Ha\u015fim Ha\u015fimi: \u201cDiyalog i\u00e7in kanallar a\u00e7\u0131k tutulmal\u0131. Bu sadece DTP i\u00e7in de\u011fil, K\u00fcrt kanaat \u00f6nderleri ve siyaset\u00e7ileri i\u00e7in de olmal\u0131. (&#8230;) Da\u011flarda binlerce siyasi ad\u0131m varken sorun \u00e7\u00f6z\u00fclmez.<br \/>\nYazar Orman Miro\u011flu: Bu h\u00fck\u00fcmete kadar, \u00e7\u00f6z\u00fcme bu kadar yakla\u015fan ve u\u011fra\u015fan bir ba\u015fka h\u00fck\u00fcmet olmad\u0131. Sorunun \u00e7\u00f6z\u00fcm\u00fc i\u00e7in en \u00f6nemli siyasi imk\u00e2nlardan biridir AKP di\u011feri DTP\u2019nin Meclis\u2019te olmas\u0131d\u0131r. Kar\u015f\u0131l\u0131kl\u0131 olarak \u00e7\u00f6z\u00fcme y\u00f6nelik iyi dinamikler varken sonuca ula\u015ft\u0131racak tek kurum TBMM\u2019dir. Gerekiyorsa \u0130mral\u0131\u2019yla bile g\u00f6r\u00fc\u015f\u00fclmeli. Zaten ge\u00e7mi\u015fte de g\u00f6r\u00fc\u015f\u00fcld\u00fc\u011f\u00fc bu g\u00fcn Ergenekon iddianamelerinden anla\u015f\u0131l\u0131yor. Olmad\u0131 DTP var. Bu da olmad\u0131, Hasan Cemal gibi akil adamlar devreye girsin. Yeter ki istensin her \u015fey yap\u0131l\u0131r.\u2019<br \/>\nYazar Naci Kutlay: \u201cT\u00fcrkler kendisini K\u00fcrtler, K\u00fcrtler de T\u00fcrklerin yerine koyarak d\u00fc\u015f\u00fcnecek. K\u00fcrtlerin kuyru\u011fu var m\u0131 diye bak\u0131ld\u0131\u011f\u0131 g\u00fcnlerden geliyoruz. E\u011fer ger\u00e7ekten \u00e7\u00f6z\u00fcm iyiyse DTP ile veya PKK ile g\u00f6r\u00fc\u015fmenin bir sak\u0131ncas\u0131 olmamal\u0131. Bunu yapam\u0131yorsan entelekt\u00fcel ve fikir insanlar\u0131 ile g\u00f6r\u00fc\u015f\u00fclebilir. \u00c7\u00f6z\u00fcme y\u00f6nelik g\u00f6r\u00fc\u015f\u00fc kim sunacak bunun \u00f6nemi yok\u2019<br \/>\nEski T\u0130P Milletvekili Tar\u0131k Ziya Ekinci: G\u00fcl ve Erdo\u011fan\u2019\u0131n a\u00e7\u0131klamalar\u0131ndan K\u00fcrtler muhatap al\u0131nmadan bir \u00e7\u00f6z\u00fcme gidilece\u011fi fikrini edindim.\n<\/p>\n<p style=\"text-align: justify;\"><span style=\"color: #888888;\">Kaynak : Radikal<\/span><\/p>\n","protected":false},"excerpt":{"rendered":"<p class=\"bold\" style=\"text-align: center;\">\n<p style=\"text-align: justify;\">K\u00fcrt sorununun \u00e7\u00f6z\u00fcm\u00fc i\u00e7in devletin zirvesinden gelen mesajlar\u0131 de\u011ferlendiren K\u00fcrt ayd\u0131nlar da &#8216;akil adam&#8217; form\u00fcl\u00fcne s\u0131cak bak\u0131yor. Uzla\u015fma zemini i\u00e7in \u00f6nce &#8216;kapal\u0131 kap\u0131lar ard\u0131nda g\u00f6r\u00fc\u015fme&#8217; \u00f6neriliyor.<\/p>\n<p style=\"text-align: justify;\">R\u0130FAT BA\u015eARAN <\/p>\n<p style=\"text-align: justify;\">ANKARA &#8211; Cumhurba\u015fkan\u0131 Abdullah G\u00fcl ve Ba\u015fbakan Recep Tayyip Erdo\u011fan\u2019\u0131n K\u00fcrt sorununun \u00e7\u00f6z\u00fcm\u00fcne y\u00f6nelik s\u00f6zleri \u201csilahs\u0131z <\/p>\n","protected":false},"author":1,"featured_media":0,"comment_status":"open","ping_status":"closed","sticky":false,"template":"","format":"standard","meta":{"footnotes":""},"categories":[105],"tags":[],"class_list":["post-9008","post","type-post","status-publish","format-standard","hentry","category-gundem","odd"],"_links":{"self":[{"href":"http:\/\/www.korhanyilmaz.com\/index.php?rest_route=\/wp\/v2\/posts\/9008","targetHints":{"allow":["GET"]}}],"collection":[{"href":"http:\/\/www.korhanyilmaz.com\/index.php?rest_route=\/wp\/v2\/posts"}],"about":[{"href":"http:\/\/www.korhanyilmaz.com\/index.php?rest_route=\/wp\/v2\/types\/post"}],"author":[{"embeddable":true,"href":"http:\/\/www.korhanyilmaz.com\/index.php?rest_route=\/wp\/v2\/users\/1"}],"replies":[{"embeddable":true,"href":"http:\/\/www.korhanyilmaz.com\/index.php?rest_route=%2Fwp%2Fv2%2Fcomments&post=9008"}],"version-history":[{"count":0,"href":"http:\/\/www.korhanyilmaz.com\/index.php?rest_route=\/wp\/v2\/posts\/9008\/revisions"}],"wp:attachment":[{"href":"http:\/\/www.korhanyilmaz.com\/index.php?rest_route=%2Fwp%2Fv2%2Fmedia&parent=9008"}],"wp:term":[{"taxonomy":"category","embeddable":true,"href":"http:\/\/www.korhanyilmaz.com\/index.php?rest_route=%2Fwp%2Fv2%2Fcategories&post=9008"},{"taxonomy":"post_tag","embeddable":true,"href":"http:\/\/www.korhanyilmaz.com\/index.php?rest_route=%2Fwp%2Fv2%2Ftags&post=9008"}],"curies":[{"name":"wp","href":"https:\/\/api.w.org\/{rel}","templated":true}]}}