{"id":8999,"date":"2009-05-12T10:05:47","date_gmt":"2009-05-12T07:05:47","guid":{"rendered":"http:\/\/www.korhanyilmaz.com\/?p=8999"},"modified":"2009-05-12T10:05:47","modified_gmt":"2009-05-12T07:05:47","slug":"alparslan-turkes-hakkinda-sok-iddia","status":"publish","type":"post","link":"http:\/\/www.korhanyilmaz.com\/?p=8999","title":{"rendered":"Alparslan T\u00fcrke\u015f hakk\u0131nda \u015fok iddia"},"content":{"rendered":"<p style=\"text-align: center;\"><img loading=\"lazy\" decoding=\"async\" class=\"aligncenter size-full wp-image-9000\" title=\"Alparslan T\u00fcrke\u015f hakk\u0131nda \u015fok iddia\" src=\"http:\/\/www.korhanyilmaz.com\/wp-content\/uploads\/2009\/05\/68818_manset.jpg\" alt=\"Alparslan T\u00fcrke\u015f hakk\u0131nda \u015fok iddia\" width=\"329\" height=\"189\" \/><\/p>\n<p style=\"text-align: justify;\">Merhum Alparslan T\u00fcrke\u015f hakk\u0131nda \u015fok iddialar&#8230; J\u0130TEM tetik\u00e7isi &#8216;Ye\u015fil&#8217; kod adl\u0131 Mahmut Y\u0131ld\u0131r\u0131m 1998&#8217;deki Susurluk kazas\u0131n\u0131n ard\u0131ndan s\u0131rra k\u0131dem bast\u0131. Kimi onun i\u00e7in &#8216;\u00f6ld\u00fc&#8217; dedi. Kimi ise &#8220;Yakalanmamak i\u00e7in estetik ameliyat\u0131 oldu, ya\u015f\u0131yor&#8221; iddias\u0131n\u0131 ortaya att\u0131.<\/p>\n<p style=\"text-align: justify;\">Y\u0131llarca ad\u0131 korku ve gizemle an\u0131lan tek bir foto\u011fraf karesiyle tan\u0131nan Ye\u015fil&#8217;in hikayesini o\u011flu Murat Y\u0131ld\u0131r\u0131m yazd\u0131. Tima\u015f Yay\u0131nlar\u0131&#8217;ndan yak\u0131nda piyasaya \u00e7\u0131kacak olan kitapta, Y\u0131ld\u0131r\u0131m, babas\u0131n\u0131n M\u0130T eski Kontrter\u00f6r Ba\u015fkan\u0131 Mehmet Eym\u00fcr&#8217;le ili\u015fkisine de yer verdi. Y\u0131ld\u0131r\u0131m, &#8216;Ye\u015fil&#8217;in Eym\u00fcr&#8217;e b\u00fcy\u00fck sayg\u0131 duydu\u011funu belirterek &#8220;Onun yapt\u0131\u011f\u0131 i\u015flerin i\u00e7inde olmaktan \u00e7ok memnundu. Ona &#8216;baba&#8217; diye hitap ediyordu. Eym\u00fcr de babama \u00e7ok g\u00fcveniyordu&#8221; dedi.<!--more--><\/p>\n<p style=\"text-align: justify;\"><strong>\u00c7ATLI&#8217;NIN EN KORKTU\u011eU \u0130S\u0130M T\u00dcRKE\u015e<\/strong><\/p>\n<p style=\"text-align: justify;\">Murat Y\u0131ld\u0131r\u0131m, babas\u0131n\u0131 &#8216;Devlet ad\u0131na yurt i\u00e7i ve yurt d\u0131\u015f\u0131nda gizli operasyonlara kat\u0131lm\u0131\u015f bir sava\u015f\u00e7\u0131&#8217; olarak tan\u0131mlarken, Susurluk ve Ergenekon s\u00fcrecinde &#8216;Derin devlet&#8217; tart\u0131\u015fmas\u0131yla g\u00fcndeme gelen hemen hemen t\u00fcm \u00fcnl\u00fclerle tan\u0131\u015f\u0131kl\u0131\u011f\u0131n\u0131n bulundu\u011funu anlat\u0131yor. Susurluk kazas\u0131nda \u00f6len Abdullah \u00c7atl\u0131 da bu isimlerden biri. O\u011fluna g\u00f6re Ye\u015fil&#8217;in, \u00c7atl\u0131 ile ilgili g\u00f6r\u00fc\u015f\u00fc \u015f\u00f6yle: &#8220;\u00dclk\u00fcc\u00fc camiada reislik \u015fimdilik aya\u011fa d\u00fc\u015ft\u00fc. \u00c7atl\u0131 ile y\u00fczy\u00fcze bir iki defa g\u00f6r\u00fc\u015ft\u00fcm. Pek birbirimize \u0131s\u0131namad\u0131k. Ayr\u0131 d\u00fcnyalar\u0131n insanlar\u0131y\u0131z. \u00c7atl\u0131 menfaat temin edebilece\u011fi kim olursa onunla i\u015fbirli\u011fi yapar. T\u00fcrke\u015f camiadan kovdu onu resmen. Onun hayatta en korktu\u011fu adam T\u00fcrke\u015f&#8217;tir.&#8221;<\/p>\n<p style=\"text-align: justify;\"><strong>M\u0130T&#8217;TEN 89&#8217;DA KOPTU, JANDARMA ALDI<\/strong><\/p>\n<p style=\"text-align: justify;\">Murat Y\u0131ld\u0131r\u0131m, M\u0130T&#8217;in, &#8216;Ye\u015fil&#8217;in te\u015fkilatta g\u00f6rev ald\u0131\u011f\u0131n\u0131 kamuoyuyla payla\u015ft\u0131\u011f\u0131n\u0131 hat\u0131rlat\u0131yor. Babas\u0131n\u0131n 1973 y\u0131l\u0131ndan itibaren te\u015fkilat i\u00e7erisinde oldu\u011funu bizzat kendisine s\u00f6yledi\u011fini anlatan Y\u0131ld\u0131r\u0131m, &#8220;Ye\u015fil&#8217;in M\u0130T ile ili\u015fkisi 1989 May\u0131s&#8217;\u0131nda koptu. Kontrol\u00fc g\u00fc\u00e7 bir eleman olmas\u0131, kendi ba\u015f\u0131na hareket etmesi ve talimatlara uymamas\u0131, g\u00fcvenlik g\u00fc\u00e7leri aras\u0131nda s\u00fcrt\u00fc\u015fmelere neden oluyordu. M\u0130T&#8217;in ili\u015fkisini kesmesi \u00fczerine Jandarma onu sahiplendi&#8221; diyor.<\/p>\n<p style=\"text-align: justify;\"><strong>EYM\u00dcR ONA \u00c7OK G\u00dcVEN\u0130YORDU<\/strong><\/p>\n<p style=\"text-align: justify;\">Murat Y\u0131ld\u0131r\u0131m&#8217;\u0131n kitab\u0131nda yer verdi\u011fi Ye\u015fil-Eym\u00fcr ili\u015fkisi de olduk\u00e7a \u00e7arp\u0131c\u0131. Babas\u0131n\u0131n, Mehmet Eym\u00fcr&#8217;e \u00e7ok b\u00fcy\u00fck sayg\u0131s\u0131 oldu\u011funu vurgulayan Y\u0131ld\u0131r\u0131m \u015f\u00f6yle diyor: &#8220;Zaten Eym\u00fcr&#8217;e &#8216;baba&#8221; diye hitap ediyordu. Ortada manevi bir ba\u011f vard\u0131, biz \u00f6yle hissediyorduk. Eym\u00fcr&#8217;\u00fc \u00e7ok seviyordu, onunla \u00e7al\u0131\u015fmaktan, onun yapt\u0131\u011f\u0131 i\u015flerin i\u00e7inde olmaktan \u00e7ok memnundu. Mehmet Eym\u00fcr de babama \u00e7ok g\u00fcveniyordu. G\u00fcvenmese zaten \u00f6yle operasyonlar\u0131 babam\u0131n eline teslim etmezdi.&#8221;<\/p>\n<p style=\"text-align: justify;\"><strong>TARIK \u00dcM\u0130T&#8217;\u0130 SUSURLUK \u0130NFAZ ETT\u0130<\/strong><\/p>\n<p style=\"text-align: justify;\">Y\u0131ld\u0131r\u0131m babas\u0131 taraf\u0131ndan \u00f6ld\u00fcr\u00fcld\u00fc\u011f\u00fc ileri s\u00fcr\u00fclen M\u0130T&#8217;\u00e7i Tar\u0131k \u00dcmit&#8217;in Susurluk ekibi taraf\u0131ndan ortadan kald\u0131r\u0131ld\u0131\u011f\u0131n\u0131 ileri s\u00fcr\u00fcyor. \u00dcmit&#8217;in M\u0130T ad\u0131na Susurluk ekibini takip etti\u011fini anlatan Murat Y\u0131ld\u0131r\u0131m, &#8220;Tar\u0131k \u00dcmit, Susurluk\u00e7ularla beraber olsayd\u0131 bug\u00fcn hayatta olur muydu? Bu sorular\u0131n cevaplar\u0131 belli. Tar\u0131k \u00dcmit&#8217;i Susurluk ekibi ortadan kald\u0131rd\u0131&#8221; diyor. Y\u0131ld\u0131r\u0131m, M\u0130T&#8217;e \u00e7al\u0131\u015ft\u0131klar\u0131n\u0131 savundu\u011fu \u0130ranl\u0131 Asker Smitko ile Laz\u0131m Esmaeli&#8217;nin de ayn\u0131 ekip taraf\u0131ndan Tar\u0131k \u00dcmit gibi ortadan kald\u0131r\u0131ld\u0131\u011f\u0131n\u0131 ileri s\u00fcr\u00fcyor.<\/p>\n<p style=\"text-align: justify;\"><strong>YA\u015eASA B\u0130LE ORTAYA \u00c7IKMAZ<\/strong><\/p>\n<p style=\"text-align: justify;\">Murat Y\u0131ld\u0131r\u0131m, &#8216;Ye\u015fil&#8217;e ait oldu\u011fu ileri s\u00fcr\u00fclen \u0130zmir \u00d6demi\u015f&#8217;te bulunan cesetten al\u0131nan DNA&#8217;n\u0131n babas\u0131n\u0131nkiyle uyu\u015fmad\u0131\u011f\u0131n\u0131 s\u00f6yl\u00fcyor. Babas\u0131n\u0131n \u00f6l\u00fcp \u00f6lmedi\u011fi hakk\u0131nda bilgisi olmad\u0131\u011f\u0131n\u0131 anlatan Y\u0131ld\u0131r\u0131m &#8220;Ye\u015fil, ya\u015f\u0131yorsa ve gelmemesi gerekiyorsa, O&#8217;nu on y\u0131l bir odaya koyun, on y\u0131l o odadan \u00e7\u0131kmadan orada hayat\u0131n\u0131 devam ettirir&#8221; diyor.<\/p>\n<p style=\"text-align: justify;\"><strong>T\u00fcrke\u015f&#8217;i &#8216;Ye\u015fil&#8217; korudu<\/strong><\/p>\n<p style=\"text-align: justify;\">&#8216;Ye\u015fil&#8217; kod adl\u0131 Mahmut Y\u0131ld\u0131r\u0131m&#8217;\u0131n b\u00fcy\u00fck o\u011flu Murat Y\u0131ld\u0131r\u0131m, kitab\u0131nda \u00fclk\u00fcc\u00fc hereketin lideri Alparslan T\u00fcrke\u015f&#8217;le ilgili de \u00e7arp\u0131c\u0131 bir bilgi veriyor: &#8220;Ba\u015fbu\u011f, ne zaman b\u00f6lgeye gelse \u00f6nceden babama haber ederdi. Ba\u015fbu\u011f&#8217;un b\u00f6lgedeki g\u00fcvenli\u011fini bizzat babam ve ekibi \u00fcstlenirdi. O b\u00f6lgede gezerken, babamlar mutlaka Ba\u015fbu\u011f&#8217;un etraf\u0131nda oluyor, kenetleniyorlard\u0131.&#8221;<\/p>\n<p style=\"text-align: justify;\">Ter\u00f6ristba\u015f\u0131 Abdullah \u00d6calan&#8217;\u0131 Suriye&#8217;de \u00f6ld\u00fcrmek i\u00e7in yap\u0131lan ba\u015far\u0131s\u0131z operasyon da kitapta yer al\u0131yor. Ye\u015fil&#8217;in o\u011flu, &#8220;T\u00fcrkiye Cumhuriyeti&#8217;nin yurt d\u0131\u015f\u0131nda yapt\u0131\u011f\u0131, en b\u00fcy\u00fck operasyonu Mercedes Operasyonu&#8217;nu devlet babama teslim etmi\u015f&#8221; diyor.<\/p>\n<p style=\"text-align: justify;\"><strong>CEM ERSEVER A\u015eIK OLUNCA \u00d6CALAN OPERASYONU YATTI<\/strong><\/p>\n<p style=\"text-align: justify;\">Ye\u015fil&#8217;e g\u00f6re 80 milyon dolarl\u0131k operasyonun ba\u015far\u0131s\u0131z olmas\u0131na Cem Ersever&#8217;in bir kad\u0131na a\u015f\u0131k olmas\u0131 neden oluyor. O\u011flu Y\u0131ld\u0131r\u0131m olay\u0131 \u015f\u00f6yle anlat\u0131yor: &#8220;Babam Nevval Boz&#8217;u Cem Ersever&#8217;in iste\u011fi \u00fczerine onun ekibine vermi\u015f. Daha sonra Ersever, Boz&#8217;a g\u00f6nl\u00fcn\u00fc kapt\u0131r\u0131yor. G\u00fcn ge\u00e7tik\u00e7e Ersever&#8217;in PKK ile m\u00fccadelede g\u00f6r\u00fc\u015flerinde de\u011fi\u015fmeler ya\u015fan\u0131yor. Babam, &#8216;Ersever g\u00f6nl\u00fcn\u00fc bu kad\u0131na kapt\u0131rmasayd\u0131, \u00d6calan&#8217;\u0131n i\u015fi o zaman kesin bitecekti&#8217; derdi.&#8221;<\/p>\n<p style=\"text-align: justify;\"><strong>&#8216;Ye\u015fil&#8217;in o\u011flu evleniyor<\/strong><\/p>\n<p style=\"text-align: justify;\">\u00d6l\u00fcp \u00f6lmedi\u011fi h\u00e2l\u00e2 bilinmeyen &#8216;Ye\u015fil&#8217;in ailesinde d\u00fc\u011f\u00fcn tela\u015f\u0131 ya\u015fan\u0131yor. Ye\u015fil&#8217;in k\u00fc\u00e7\u00fck o\u011flu Haziran&#8217;da d\u00fcnya evine girecek. Baban\u0131n d\u00fc\u011f\u00fcne gelip gelmeyece\u011fi ise merak konusu oldu. Y\u0131ld\u0131r\u0131m ailesinin Ankara Etlik Esertepe Mahallesi Yellice Sokak&#8217;taki Evyap Sitesi&#8217;nin en \u00fcst kat\u0131ndaki 41 numaral\u0131 dairede &#8216;Ye\u015fil&#8217;in e\u015fi Esma Y\u0131ld\u0131r\u0131m ile k\u00fc\u00e7\u00fck o\u011flu Nevzat ve b\u00fcy\u00fck o\u011flu Murat Y\u0131ld\u0131r\u0131m oturuyor.<\/p>\n<p style=\"text-align: justify;\">Ailenin kom\u015fular\u0131 d\u00fc\u011f\u00fcn haz\u0131rl\u0131klar\u0131yla bizzat ilgilenen Esma Y\u0131ld\u0131r\u0131m&#8217;\u0131, &#8216;kendi halinde&#8217; ve &#8216;\u00e7ok samimi&#8217; biri olarak tan\u0131ml\u0131yor. Murat Y\u0131ld\u0131r\u0131m kitab\u0131nda babas\u0131 i\u00e7in &#8216;Gelmemesi gerekiyorsa, onu 10 y\u0131l bir odaya koyun, 10 y\u0131l o odadan \u00e7\u0131kmadan orada hayat\u0131n\u0131 devam ettirir&#8221; dese de Ye\u015fil&#8217;in d\u00fc\u011f\u00fcn ile ilgilenip ilgilenmeyece\u011fi merak konusu oldu.<\/p>\n<p style=\"text-align: justify;\"><span style=\"color: #888888;\">Kaynak : Bug\u00fcn<\/span><\/p>\n","protected":false},"excerpt":{"rendered":"<p style=\"text-align: center;\">\n<p style=\"text-align: justify;\">Merhum Alparslan T\u00fcrke\u015f hakk\u0131nda \u015fok iddialar&#8230; J\u0130TEM tetik\u00e7isi &#8216;Ye\u015fil&#8217; kod adl\u0131 Mahmut Y\u0131ld\u0131r\u0131m 1998&#8217;deki Susurluk kazas\u0131n\u0131n ard\u0131ndan s\u0131rra k\u0131dem bast\u0131. Kimi onun i\u00e7in &#8216;\u00f6ld\u00fc&#8217; dedi. Kimi ise &#8220;Yakalanmamak i\u00e7in estetik ameliyat\u0131 oldu, ya\u015f\u0131yor&#8221; iddias\u0131n\u0131 ortaya att\u0131.<\/p>\n<p style=\"text-align: justify;\">Y\u0131llarca ad\u0131 korku ve gizemle an\u0131lan tek bir foto\u011fraf karesiyle tan\u0131nan Ye\u015fil&#8217;in <\/p>\n","protected":false},"author":1,"featured_media":0,"comment_status":"open","ping_status":"closed","sticky":false,"template":"","format":"standard","meta":{"footnotes":""},"categories":[105],"tags":[],"class_list":["post-8999","post","type-post","status-publish","format-standard","hentry","category-gundem","odd"],"_links":{"self":[{"href":"http:\/\/www.korhanyilmaz.com\/index.php?rest_route=\/wp\/v2\/posts\/8999","targetHints":{"allow":["GET"]}}],"collection":[{"href":"http:\/\/www.korhanyilmaz.com\/index.php?rest_route=\/wp\/v2\/posts"}],"about":[{"href":"http:\/\/www.korhanyilmaz.com\/index.php?rest_route=\/wp\/v2\/types\/post"}],"author":[{"embeddable":true,"href":"http:\/\/www.korhanyilmaz.com\/index.php?rest_route=\/wp\/v2\/users\/1"}],"replies":[{"embeddable":true,"href":"http:\/\/www.korhanyilmaz.com\/index.php?rest_route=%2Fwp%2Fv2%2Fcomments&post=8999"}],"version-history":[{"count":0,"href":"http:\/\/www.korhanyilmaz.com\/index.php?rest_route=\/wp\/v2\/posts\/8999\/revisions"}],"wp:attachment":[{"href":"http:\/\/www.korhanyilmaz.com\/index.php?rest_route=%2Fwp%2Fv2%2Fmedia&parent=8999"}],"wp:term":[{"taxonomy":"category","embeddable":true,"href":"http:\/\/www.korhanyilmaz.com\/index.php?rest_route=%2Fwp%2Fv2%2Fcategories&post=8999"},{"taxonomy":"post_tag","embeddable":true,"href":"http:\/\/www.korhanyilmaz.com\/index.php?rest_route=%2Fwp%2Fv2%2Ftags&post=8999"}],"curies":[{"name":"wp","href":"https:\/\/api.w.org\/{rel}","templated":true}]}}