{"id":8995,"date":"2009-05-12T09:05:00","date_gmt":"2009-05-12T06:05:00","guid":{"rendered":"http:\/\/www.korhanyilmaz.com\/?p=8995"},"modified":"2009-05-12T09:05:00","modified_gmt":"2009-05-12T06:05:00","slug":"zihniyet-karmasasi","status":"publish","type":"post","link":"http:\/\/www.korhanyilmaz.com\/?p=8995","title":{"rendered":"Zihniyet karma\u015fas\u0131"},"content":{"rendered":"<p style=\"text-align: center;\"><img loading=\"lazy\" decoding=\"async\" class=\"aligncenter size-full wp-image-8996\" title=\"Zihniyet karma\u015fas\u0131\" src=\"http:\/\/www.korhanyilmaz.com\/wp-content\/uploads\/2009\/05\/68811_manset.jpg\" alt=\"Zihniyet karma\u015fas\u0131\" width=\"329\" height=\"189\" \/><\/p>\n<p style=\"text-align: justify;\"><strong>Acaba \u00e7\u00f6z\u00fcme yak\u0131n m\u0131y\u0131z? Acaba iyi \u015feyler olabilir mi? Acaba devlet i\u00e7inde t\u00fcm birimler her \u015feyi \u00f6n yarg\u0131s\u0131z konu\u015fabiliyorlar m\u0131? <\/strong><\/p>\n<p style=\"text-align: justify;\"><span style=\"color: #888888;\">Ahmet TA\u015eGET\u0130REN yazd\u0131\u2026<\/span><\/p>\n<p style=\"text-align: justify;\"><strong>Zihniyet karma\u015fas\u0131<\/strong><\/p>\n<p style=\"text-align: justify;\">Acaba \u00e7\u00f6z\u00fcme yak\u0131n m\u0131y\u0131z? Acaba iyi \u015feyler olabilir mi? Acaba devlet i\u00e7inde t\u00fcm birimler her \u015feyi \u00f6n yarg\u0131s\u0131z konu\u015fabiliyorlar m\u0131? Acaba devlet zirvesinde kayda de\u011fer bir uyum var m\u0131?<\/p>\n<p style=\"text-align: justify;\">Bu sorular\u0131, Cumhurba\u015fkan\u0131 G\u00fcl&#8217;\u00fcn, Prag d\u00f6n\u00fc\u015f\u00fc s\u00f6yledi\u011fi, <strong>&#8220;Ad\u0131na ne derseniz deyin (K\u00fcrt, G\u00fcnedo\u011fu, ter\u00f6r vs) o sorun T\u00fcrkiye&#8217;nin bir numaral\u0131 sorunu. Onu \u00e7\u00f6zme noktas\u0131nda iyi geli\u015fmeler olacak. Devlet i\u00e7inde her \u015feyi a\u00e7\u0131k \u015fekilde konu\u015fabiliyoruz&#8221;<\/strong> \u015feklindeki s\u00f6zleri \u00fczerine yaz\u0131yorum.<!--more--><\/p>\n<p style=\"text-align: justify;\">Acaba ger\u00e7ekten \u00f6yle mi?<\/p>\n<p style=\"text-align: justify;\">Sorun, en s\u0131cak boyutlar\u0131yla yine g\u00fcndemde.<\/p>\n<p style=\"text-align: justify;\"><strong>Hasan Cemal<\/strong>&#8216;in Kandil&#8217;e gidip, <strong>Murat Karay\u0131lan<\/strong>&#8216;la yapt\u0131\u011f\u0131 ve <strong>&#8220;yeni \u00f6neriler&#8221;<\/strong> getirdi\u011fi g\u00f6r\u00fc\u015fme, konuyu alevlendirdi.<\/p>\n<p style=\"text-align: justify;\">Bu arada bir de devreye, eski Genelkurmay Ba\u015fkan\u0131 <strong>Org. Ya\u015far B\u00fcy\u00fckan\u0131t<\/strong>&#8216;\u0131n s\u00f6zleri girdi.<strong> B\u00fcy\u00fckan\u0131t<\/strong> 32&#8217;nci G\u00fcn program\u0131nda, <strong>M. Ali Birand<\/strong>&#8216;\u0131n <strong>&#8220;B\u00fct\u00fcn Silahl\u0131 Kuvvetlerimiz Kandil&#8217;e gitse bile PKK bitirilemez mi?&#8221; <\/strong>sorusuna<strong> &#8220;Bitirilemez&#8221; <\/strong>diye cevap verdi. Bu cevap, tam da, PKK&#8217;n\u0131n \u015fu andaki birinci adam\u0131 <strong>Murat Karay\u0131lan<\/strong>&#8216;\u0131n <strong>Hasan Cemal<\/strong>&#8216;e s\u00f6yledi\u011fi <strong>&#8220;PKK askeri operasyonla bitirilemez&#8221;<\/strong> ifadesine benziyordu.<strong> <\/strong><\/p>\n<p style=\"text-align: justify;\">Ben, Cumartesi g\u00fcnk\u00fc yaz\u0131mda <strong>B\u00fcy\u00fckan\u0131t<\/strong>&#8216;\u0131n s\u00f6zlerini <strong>&#8220;Skandal&#8221;<\/strong> diye niteledim.<\/p>\n<p style=\"text-align: justify;\">\u015eimdi d\u00fc\u015f\u00fcn\u00fcyorum, acaba <strong>&#8220;skandal&#8221;<\/strong> diye nitelemekte haks\u0131zl\u0131k m\u0131 yapt\u0131m?<\/p>\n<p style=\"text-align: justify;\">\u0130sterseniz konuyu irdelemeye, <strong>B\u00fcy\u00fckan\u0131t<\/strong>&#8216;\u0131n s\u00f6z\u00fcnden ba\u015flayal\u0131m. Mesela \u015f\u00f6yle bir soru soral\u0131m:<\/p>\n<p style=\"text-align: justify;\">&#8211;<strong>B\u00fcy\u00fckan\u0131t<\/strong>&#8216;\u0131n s\u00f6zlerini \u015fu an g\u00f6revde olan bir Genelkurmay Ba\u015fkan\u0131 da, s\u00f6z gelimi <strong>Ba\u015fbu\u011f<\/strong> da s\u00f6yleyebilir mi?<\/p>\n<p style=\"text-align: justify;\">Genelkurmay s\u00f6zc\u00fcs\u00fc <strong>Metin G\u00fcrak<\/strong>, Cuma g\u00fcn\u00fc bu konu kendisine soruldu\u011funda <strong>&#8220;Emekli askerlerin s\u00f6zleri kendilerini ba\u011flar&#8221;<\/strong> cevab\u0131n\u0131 verdi.<\/p>\n<p style=\"text-align: justify;\">Ama, bir genelkurmay ba\u015fkan\u0131, emekli de olsa, TSK&#8217;n\u0131n askeri kapasitesine ili\u015fkin bir \u015fey s\u00f6ylemi\u015fse, bu <strong>&#8220;Kendini ba\u011flar&#8221;<\/strong> s\u00f6z\u00fcyle ge\u00e7i\u015ftirilemez. TSK, b\u00fct\u00fcn g\u00fcc\u00fcn\u00fc y\u0131\u011fsa Kandil&#8217;i bitiremeyecekse, bunu Kandil biliyorsa, o zaman yapt\u0131\u011f\u0131n\u0131z operasyonlar ne i\u015fe yarar? Ni\u00e7in yap\u0131lm\u0131\u015f olur? Bunu bilen bir ter\u00f6r \u00f6rg\u00fct\u00fc stratejisini nas\u0131l belirler?<\/p>\n<p style=\"text-align: justify;\">Ben merak ediyorum, <strong>B\u00fcy\u00fckan\u0131t<\/strong>&#8216;\u0131n s\u00f6z\u00fcn\u00fcn tam da bu k\u0131sm\u0131, Kandil&#8217;de nas\u0131l okunmu\u015f, militanlara nas\u0131l yans\u0131t\u0131lm\u0131\u015ft\u0131r?<\/p>\n<p style=\"text-align: justify;\">Siz de benim gibi, bu s\u00f6zlerin militanlar nezdinde doping i\u00e7in kullan\u0131ld\u0131\u011f\u0131ndan emin misiniz?<\/p>\n<p style=\"text-align: justify;\">E\u011fer Kandil ya da \u0130mral\u0131, ya da <strong>Karay\u0131lan<\/strong>&#8216;\u0131n alternatif odak olarak sundu\u011fu DTP, sizin en y\u00fcksek askerlerinizdeki bu kanaati biliyorlarsa, ona g\u00f6re bir strateji belirlemezler mi?<\/p>\n<p style=\"text-align: justify;\">Ben, <strong>Hasan Cemal<\/strong>&#8216;in <strong>Karay\u0131lan<\/strong>&#8216;la g\u00f6r\u00fc\u015fmesinde en \u00f6nemli vurgunun <strong>&#8220;Muhatap al\u0131nma&#8221;<\/strong> \u00fczerinde odakla\u015ft\u0131\u011f\u0131n\u0131 alg\u0131lad\u0131m.<\/p>\n<p style=\"text-align: justify;\">Karay\u0131lan:<\/p>\n<p style=\"text-align: justify;\">-Biz var\u0131z, bizi \u00e7\u00f6zmeden bu mesele \u00e7\u00f6z\u00fclmez, diyor, bir.<\/p>\n<p style=\"text-align: justify;\">-Meseleyi \u00e7\u00f6zmek i\u00e7in de, <strong>&#8220;\u0130mral\u0131&#8217;yla konu\u015fun. Olmad\u0131 bizimle konu\u015fun. Olmad\u0131 DTP ile konu\u015fun&#8221;<\/strong>, diyor. iki.<\/p>\n<p style=\"text-align: justify;\">Bu iki madde, tamamen PKK ger\u00e7ekli\u011finin kabul\u00fc \u015fart\u0131n\u0131 i\u00e7eriyor.<\/p>\n<p style=\"text-align: justify;\">-\u00dc\u00e7\u00fcnc\u00fc kademede Karay\u0131lan, <strong>&#8220;Olmad\u0131, bir akil adamlar heyeti olu\u015fturun&#8221;<\/strong>, diyor. Orada sayd\u0131\u011f\u0131 isimlerde de, anl\u0131yorsunuz ki, PKK ger\u00e7ekli\u011fini kabul \u00f6zelli\u011fini \u00f6ng\u00f6r\u00fcyor.<\/p>\n<p style=\"text-align: justify;\">Sonu\u00e7ta, <strong>&#8220;PKK operasyonla \u00e7\u00f6z\u00fclmez, \u00f6yleyse onun ger\u00e7ekli\u011fini kabul ve bu ger\u00e7ekli\u011fin hayata intibak\u0131n\u0131 \u00f6ng\u00f6ren bir \u00e7\u00f6z\u00fcm aray\u0131\u015f\u0131 \u015fart&#8221;<\/strong> noktas\u0131na geliyorsunuz.<\/p>\n<p style=\"text-align: justify;\">Bunun da anlam\u0131, da\u011fa \u00e7\u0131kan, ter\u00f6r yapan ve kendini kabul ettiren bir \u00f6rg\u00fct\u00fcn pazarl\u0131k g\u00fcc\u00fc edinip, \u015fart dikte etmesi oluyor.<\/p>\n<p style=\"text-align: justify;\">Ben, \u015fu anda kamuoyunun <strong>&#8220;\u00c7\u00f6z\u00fcm&#8221;<\/strong> kelimesinin cazibesi i\u00e7inde bu y\u00f6nde haz\u0131rland\u0131\u011f\u0131n\u0131 alg\u0131l\u0131yorum. En ba\u015fta <strong>Hasan Cemal<\/strong>&#8216;in m\u00fclakat\u0131 b\u00f6yle bir s\u00fcrecin par\u00e7as\u0131.<\/p>\n<p style=\"text-align: justify;\">Bu noktada <strong>&#8220;silahlar\u0131n susmas\u0131&#8221;<\/strong> s\u00f6ylemi de, t\u0131pk\u0131 <strong>&#8220;\u00e7\u00f6z\u00fcm&#8221;<\/strong> kelimesindeki cazibe gibi, devletin silahlar\u0131 ile PKK&#8217;n\u0131n silahlar\u0131n\u0131 e\u015fitleyen bir anlay\u0131\u015f\u0131 yans\u0131t\u0131yor.<\/p>\n<p style=\"text-align: justify;\">Benim g\u00f6zlemime g\u00f6re, bir s\u00fcredir DTP ile PKK&#8217;n\u0131n ili\u015fkisi de kabullenilmi\u015f bir ili\u015fki haline geliyor. Yani bir anlamda DTP, PKK&#8217;n\u0131n siyasi uzant\u0131s\u0131 olarak yasalla\u015fm\u0131\u015f, en kabul edilmez s\u00f6ylemleri de seslendirse kapat\u0131lmas\u0131 herkes taraf\u0131ndan tehlike olarak alg\u0131lanan bir siyasi yap\u0131 haline gelmi\u015f bulunuyor.<\/p>\n<p style=\"text-align: justify;\">Ortada kalan sorun, Da\u011fdaki PKK&#8217;n\u0131n ceza almadan hayata kat\u0131lmas\u0131, bir sonraki kademede \u0130mral\u0131 mahkumunun serbest b\u0131rak\u0131lmas\u0131 oluyor.<\/p>\n<p style=\"text-align: justify;\">Peki devlet hangi noktada?<\/p>\n<p style=\"text-align: justify;\">Nas\u0131l bir \u00e7\u00f6z\u00fcm aray\u0131\u015f\u0131 pe\u015finde?<\/p>\n<p style=\"text-align: justify;\">Ben, devletin h\u00e2l\u00e2 net bir g\u00f6r\u00fc\u015fe ula\u015ft\u0131\u011f\u0131n\u0131, hangi s\u00fcre\u00e7ten ne \u00e7\u0131kar konusunda \u00f6n\u00fcn\u00fc g\u00f6rd\u00fc\u011f\u00fcn\u00fc, bu konuda en hassas k\u0131rm\u0131z\u0131 \u00e7izgiyi olu\u015fturan <strong>&#8220;\u00fcniter yap\u0131&#8221;<\/strong>n\u0131n hangi \u00e7er\u00e7eve i\u00e7inde sa\u011flanaca\u011f\u0131 konusunda emin bir form\u00fcl buldu\u011funu sanm\u0131yorum.<\/p>\n<p style=\"text-align: justify;\">Ankara&#8217;daki farkl\u0131 devlet odaklar\u0131n\u0131n hala, laiklik etraf\u0131nda y\u00fcr\u00fcyen m\u00fccadele ile, \u00fclkenin b\u00fct\u00fcnl\u00fc\u011f\u00fc etraf\u0131nda y\u00fcr\u00fcyen m\u00fccadelenin birbiriyle ne kadar ba\u011flant\u0131l\u0131 oldu\u011fu noktas\u0131nda g\u00f6r\u00fc\u015f birli\u011finde oldu\u011funu d\u00fc\u015f\u00fcnm\u00fcyorum.<\/p>\n<p style=\"text-align: justify;\">Bu odaklar\u0131n h\u00e2l\u00e2 <strong>&#8220;ulus &#8211; millet&#8221;<\/strong> tarifinde bulu\u015ftuklar\u0131n\u0131 d\u00fc\u015f\u00fcnm\u00fcyorum.<\/p>\n<p style=\"text-align: justify;\">Bu odaklar\u0131n h\u00e2l\u00e2, T\u00fcrk\u00a0 &#8211; K\u00fcrt veya di\u011fer etnik aidiyetlerin neden bir <strong>&#8220;millet&#8221;<\/strong> ahengi i\u00e7inde ya\u015famalar\u0131 konusunda g\u00f6r\u00fc\u015f birli\u011fi ta\u015f\u0131d\u0131klar\u0131ndan emin de\u011filim.<\/p>\n<p style=\"text-align: justify;\"><strong>&#8220;Zihniyet karma\u015fas\u0131&#8221;<\/strong> diyorum.<\/p>\n<p style=\"text-align: justify;\">Dan\u0131\u015ftay Ba\u015fkan\u0131&#8217;n\u0131n konu\u015fmas\u0131na bak\u0131n, bu karma\u015fan\u0131n resmini g\u00f6r\u00fcrs\u00fcn\u00fcz.<\/p>\n<p style=\"text-align: justify;\">Bence bu karma\u015fa, PKK&#8217;n\u0131n boy sald\u0131\u011f\u0131 sosyo &#8211; politik zemini olu\u015fturuyor.<\/p>\n<p style=\"text-align: justify;\"><span style=\"color: #888888;\">Kaynak : Bug\u00fcn<\/span><\/p>\n","protected":false},"excerpt":{"rendered":"<p style=\"text-align: center;\">\n<p style=\"text-align: justify;\">Acaba \u00e7\u00f6z\u00fcme yak\u0131n m\u0131y\u0131z? Acaba iyi \u015feyler olabilir mi? Acaba devlet i\u00e7inde t\u00fcm birimler her \u015feyi \u00f6n yarg\u0131s\u0131z konu\u015fabiliyorlar m\u0131? <\/p>\n<p style=\"text-align: justify;\">Ahmet TA\u015eGET\u0130REN yazd\u0131\u2026<\/p>\n<p style=\"text-align: justify;\">Zihniyet karma\u015fas\u0131<\/p>\n<p style=\"text-align: justify;\">Acaba \u00e7\u00f6z\u00fcme yak\u0131n m\u0131y\u0131z? Acaba iyi \u015feyler olabilir mi? Acaba devlet i\u00e7inde t\u00fcm birimler her \u015feyi \u00f6n yarg\u0131s\u0131z <\/p>\n","protected":false},"author":1,"featured_media":0,"comment_status":"open","ping_status":"closed","sticky":false,"template":"","format":"standard","meta":{"footnotes":""},"categories":[105],"tags":[],"class_list":["post-8995","post","type-post","status-publish","format-standard","hentry","category-gundem","odd"],"_links":{"self":[{"href":"http:\/\/www.korhanyilmaz.com\/index.php?rest_route=\/wp\/v2\/posts\/8995","targetHints":{"allow":["GET"]}}],"collection":[{"href":"http:\/\/www.korhanyilmaz.com\/index.php?rest_route=\/wp\/v2\/posts"}],"about":[{"href":"http:\/\/www.korhanyilmaz.com\/index.php?rest_route=\/wp\/v2\/types\/post"}],"author":[{"embeddable":true,"href":"http:\/\/www.korhanyilmaz.com\/index.php?rest_route=\/wp\/v2\/users\/1"}],"replies":[{"embeddable":true,"href":"http:\/\/www.korhanyilmaz.com\/index.php?rest_route=%2Fwp%2Fv2%2Fcomments&post=8995"}],"version-history":[{"count":0,"href":"http:\/\/www.korhanyilmaz.com\/index.php?rest_route=\/wp\/v2\/posts\/8995\/revisions"}],"wp:attachment":[{"href":"http:\/\/www.korhanyilmaz.com\/index.php?rest_route=%2Fwp%2Fv2%2Fmedia&parent=8995"}],"wp:term":[{"taxonomy":"category","embeddable":true,"href":"http:\/\/www.korhanyilmaz.com\/index.php?rest_route=%2Fwp%2Fv2%2Fcategories&post=8995"},{"taxonomy":"post_tag","embeddable":true,"href":"http:\/\/www.korhanyilmaz.com\/index.php?rest_route=%2Fwp%2Fv2%2Ftags&post=8995"}],"curies":[{"name":"wp","href":"https:\/\/api.w.org\/{rel}","templated":true}]}}