{"id":8981,"date":"2009-05-11T15:41:48","date_gmt":"2009-05-11T12:41:48","guid":{"rendered":"http:\/\/www.korhanyilmaz.com\/?p=8981"},"modified":"2009-05-11T15:41:48","modified_gmt":"2009-05-11T12:41:48","slug":"turk-askerini-kore%e2%80%99de-tercumanlar-yaniltti","status":"publish","type":"post","link":"http:\/\/www.korhanyilmaz.com\/?p=8981","title":{"rendered":"T\u00fcrk askerini Kore\u2019de terc\u00fcmanlar yan\u0131ltt\u0131"},"content":{"rendered":"<p style=\"text-align: center;\"><img loading=\"lazy\" decoding=\"async\" class=\"aligncenter size-full wp-image-8982\" title=\"T\u00fcrk askerini Kore\u2019de terc\u00fcmanlar yan\u0131ltt\u0131 \" src=\"http:\/\/www.korhanyilmaz.com\/wp-content\/uploads\/2009\/05\/120520090222024741099.jpg\" alt=\"T\u00fcrk askerini Kore\u2019de terc\u00fcmanlar yan\u0131ltt\u0131 \" width=\"329\" height=\"210\" \/><strong><\/strong><\/p>\n<p style=\"text-align: justify;\"><strong><span style=\"font-family: Arial;\">Kunuri Sava\u015f\u0131\u2019yla ilgili \u015fok edici bir iddia ortaya at\u0131ld\u0131. <\/span><\/strong><\/p>\n<p style=\"text-align: justify;\">Los Angeles\u2019ta bir araya gelen Koreli ve T\u00fcrk gaziler, T\u00fcrk ordusunun terc\u00fcmanlar taraf\u0131ndan aldat\u0131ld\u0131\u011f\u0131n\u0131 ileri s\u00fcrd\u00fc.<\/p>\n<p style=\"text-align: justify;\">Kunur\u0130 Sava\u015f\u0131, T\u00fcrkiye\u2019nin NATO \u00fcyeli\u011fi i\u00e7in 1950\u2019de asker g\u00f6nderdi\u011fi Kore Sava\u015f\u0131\u2019nda \u00c7in Ordusu ve Kuzey Kore birliklerine kar\u015f\u0131 direndi\u011fi en \u00f6nemli muhabereydi. 26-29 Kas\u0131m aras\u0131nda devam eden \u00e7at\u0131\u015fmalarda T\u00fcrk birli\u011finin direni\u015fi sayesinde cephenin \u00e7\u00f6kmesini engellendi. T\u00fcrk tugay\u0131, m\u00fcttefiklere \u00e7ekilmek i\u00e7in gereken 3 g\u00fcn\u00fc kazand\u0131rm\u0131\u015f, kendisi de zaiyat vermesine ra\u011fmen ku\u015fatmay\u0131 yararak imhadan kurtulmu\u015ftur. Bu muharebede tugay\u0131n toplam zayiat\u0131 767 subay, astsubay ve er olmu\u015ftu. \u0130\u015fte T\u00fcrk ordusunun Kore Sava\u015f\u0131\u2019nda ABD\u2019den sonra en b\u00fcy\u00fck kayb\u0131 vermesine de neden olan bu sava\u015fla ilgili \u00f6nceki g\u00fcn ABD\u2019nin Los Angeles kentinde bir araya gelen Koreli ve T\u00fcrk gaziler \u00e7ok ilgi\u00e7 bir iddia ortaya att\u0131. <!--more--><\/p>\n<p style=\"text-align: justify;\"><strong>5 bine kar\u015f\u0131 500 bin<\/strong><\/p>\n<p style=\"text-align: justify;\">Mermileri biten T\u00fcrk askerlerinin k\u0131l\u0131\u00e7 ve s\u00fcng\u00fcleriyle hatta bir ara yumruklar\u0131yla \u00c7inli askerleri harap ettiklerini ve \u00e7emberi yarmay\u0131 ba\u015fard\u0131\u011f\u0131n\u0131 ifade eden Koreli gazilere g\u00f6re T\u00fcrk asklerlerinden kimsenin Korece ve \u0130ngilizce bilmemesinden dolay\u0131 Amerikan ordusu T\u00fcrk\u00e7e bilen Ermeni terc\u00fcmanlar tutmu\u015ftu. Los Angeles\u2019ta ya\u015fayan emekli binba\u015f\u0131 Vedat Aslay, Ermenilerin T\u00fcrklere verdi\u011fi yanl\u0131\u015f bilgi y\u00fcz\u00fcnden, b\u00fcy\u00fck kay\u0131plar verildi\u011fini dile getirirken Koreli Albay Kwang J. Yang da olay\u0131 \u015f\u00f6yle anlatt\u0131: Kore sava\u015f\u0131n\u0131n bitti\u011fi varsay\u0131larak ve \u00fclkelerinde Christmas\u2019a yeti\u015fmek isteyen Amerikan ordusu geri \u00e7ekilmeye ba\u015flam\u0131\u015ft\u0131. Ancak \u00c7in ordusu 500 bin ki\u015filik bir g\u00fc\u00e7le sald\u0131rd\u0131. Amerikan askerleri \u00e7ekilmek \u00fczereyken Ermeni terc\u00fcmanlar T\u00fcrklere haber vermedi. T\u00fcrkler 5 bin ki\u015filik g\u00fc\u00e7 ile 500 bin ki\u015filik \u00c7in ordusuyla kar\u015f\u0131 kar\u015f\u0131ya kald\u0131. Etraf\u0131 sar\u0131lm\u0131\u015f olmas\u0131na ra\u011fmen 2 bin 400\u2019\u00fc \u00e7emberi yarmay\u0131 ba\u015fard\u0131. Geri kalanlar\u0131 ise esir ve \u015fehit d\u00fc\u015ft\u00fc.<\/p>\n<p style=\"text-align: justify;\"><span style=\"color: #888888;\">Kaynak\u00a0 : Vatan<\/span><\/p>\n","protected":false},"excerpt":{"rendered":"<p style=\"text-align: center;\">\n<p style=\"text-align: justify;\">Kunuri Sava\u015f\u0131\u2019yla ilgili \u015fok edici bir iddia ortaya at\u0131ld\u0131. <\/p>\n<p style=\"text-align: justify;\">Los Angeles\u2019ta bir araya gelen Koreli ve T\u00fcrk gaziler, T\u00fcrk ordusunun terc\u00fcmanlar taraf\u0131ndan aldat\u0131ld\u0131\u011f\u0131n\u0131 ileri s\u00fcrd\u00fc.<\/p>\n<p style=\"text-align: justify;\">Kunur\u0130 Sava\u015f\u0131, T\u00fcrkiye\u2019nin NATO \u00fcyeli\u011fi i\u00e7in 1950\u2019de asker g\u00f6nderdi\u011fi Kore Sava\u015f\u0131\u2019nda \u00c7in Ordusu ve Kuzey Kore birliklerine kar\u015f\u0131 direndi\u011fi en <\/p>\n","protected":false},"author":1,"featured_media":0,"comment_status":"open","ping_status":"closed","sticky":false,"template":"","format":"standard","meta":{"footnotes":""},"categories":[3],"tags":[],"class_list":["post-8981","post","type-post","status-publish","format-standard","hentry","category-dunya","odd"],"_links":{"self":[{"href":"http:\/\/www.korhanyilmaz.com\/index.php?rest_route=\/wp\/v2\/posts\/8981","targetHints":{"allow":["GET"]}}],"collection":[{"href":"http:\/\/www.korhanyilmaz.com\/index.php?rest_route=\/wp\/v2\/posts"}],"about":[{"href":"http:\/\/www.korhanyilmaz.com\/index.php?rest_route=\/wp\/v2\/types\/post"}],"author":[{"embeddable":true,"href":"http:\/\/www.korhanyilmaz.com\/index.php?rest_route=\/wp\/v2\/users\/1"}],"replies":[{"embeddable":true,"href":"http:\/\/www.korhanyilmaz.com\/index.php?rest_route=%2Fwp%2Fv2%2Fcomments&post=8981"}],"version-history":[{"count":0,"href":"http:\/\/www.korhanyilmaz.com\/index.php?rest_route=\/wp\/v2\/posts\/8981\/revisions"}],"wp:attachment":[{"href":"http:\/\/www.korhanyilmaz.com\/index.php?rest_route=%2Fwp%2Fv2%2Fmedia&parent=8981"}],"wp:term":[{"taxonomy":"category","embeddable":true,"href":"http:\/\/www.korhanyilmaz.com\/index.php?rest_route=%2Fwp%2Fv2%2Fcategories&post=8981"},{"taxonomy":"post_tag","embeddable":true,"href":"http:\/\/www.korhanyilmaz.com\/index.php?rest_route=%2Fwp%2Fv2%2Ftags&post=8981"}],"curies":[{"name":"wp","href":"https:\/\/api.w.org\/{rel}","templated":true}]}}