{"id":8972,"date":"2009-05-09T13:59:24","date_gmt":"2009-05-09T10:59:24","guid":{"rendered":"http:\/\/www.korhanyilmaz.com\/?p=8972"},"modified":"2009-05-09T13:59:24","modified_gmt":"2009-05-09T10:59:24","slug":"ben-bilmem-beyim-bilir","status":"publish","type":"post","link":"http:\/\/www.korhanyilmaz.com\/?p=8972","title":{"rendered":"Ben bilmem beyim bilir"},"content":{"rendered":"<p style=\"text-align: center;\"><img loading=\"lazy\" decoding=\"async\" class=\"aligncenter size-full wp-image-8973\" src=\"http:\/\/www.korhanyilmaz.com\/wp-content\/uploads\/2009\/05\/090520091402082516914.jpg\" alt=\"\" width=\"329\" height=\"210\" \/><strong><\/strong><\/p>\n<p style=\"text-align: justify;\"><strong><span style=\"font-family: Arial;\">&#8216;Galo\u015flar\u0131 ellerine kafas\u0131na ge\u00e7irip geldi&#8217;<\/span><\/strong><\/p>\n<p>\u0130n\u00f6n\u00fc \u00dcniversitesi Turgut \u00d6zal T\u0131p Merkezi\u2019nde g\u00f6rev yapan 2 hem\u015fire, kendilerinin ve meslekta\u015flar\u0131n\u0131n ya\u015fad\u0131\u011f\u0131 ilgin\u00e7 olaylar\u0131 derleyerek kitapla\u015ft\u0131rd\u0131.<\/p>\n<p style=\"text-align: justify;\">\u0130n\u00f6n\u00fc \u00dcniversitesi Turgut \u00d6zal T\u0131p Merkezinde g\u00f6revli hem\u015fire \u015eenay Karaaslan, ayn\u0131 \u00fcniversitede g\u00f6revli hem\u015fire \u00d6zlem \u0130nan ile ortak \u00e7al\u0131\u015fmalar\u0131 sonucu olu\u015fturduklar\u0131 ve \u015fuan bas\u0131m a\u015famas\u0131nda olan kitapta T\u00fcrkiye\u2019nin \u00e7e\u015fitli yerlerinde g\u00f6rev yapan 50 hem\u015fire ve sa\u011fl\u0131k g\u00f6revlisinin 117 an\u0131s\u0131n\u0131n yer ald\u0131\u011f\u0131n\u0131 bildirdi.<!--more--><\/p>\n<p style=\"text-align: justify;\">12 May\u0131s Hem\u015fireler G\u00fcn\u00fc kapsam\u0131nda kitab\u0131n da\u011f\u0131t\u0131m\u0131n\u0131 yapacaklar\u0131n\u0131 belirten Karaaslan, \u015funlar\u0131 s\u00f6yledi:<br \/>\n&#8220;Hastanenin ba\u015fhekimli\u011fi ve Hem\u015firelik Hizmetleri M\u00fcd\u00fcrl\u00fc\u011f\u00fcn\u00fcn katk\u0131lar\u0131yla haz\u0131rlad\u0131\u011f\u0131m\u0131z kitapta mesle\u011fimizin zorlu\u011funu trajikomik an\u0131larla g\u00f6stermek istedik. Bu kapsamda yurt genelindeki hem\u015fire arkada\u015flara e-mail atarak ula\u015ft\u0131k. Onlar da an\u0131lar\u0131n\u0131 bizimle payla\u015ft\u0131lar. Ancak kitab\u0131 haz\u0131rlarken en \u00e7ok hangi an\u0131ya yer verece\u011fimizde zorland\u0131k. \u00c7\u00fcnk\u00fc ba\u015f\u0131m\u0131za her g\u00fcn o kadar \u00e7ok trajikomik olay geliyor ki, hangisi se\u00e7ece\u011fimize karar vermek kolay olmad\u0131.&#8221;\n<\/p>\n<p style=\"text-align: justify;\">Karaaslan, kendisinin 15, hem\u015fire arkada\u015f\u0131 \u00d6zlem \u0130nan\u2019\u0131n ise 12 y\u0131ld\u0131r hem\u015firelik yapt\u0131\u011f\u0131n\u0131 belirterek, bu s\u00fcre i\u00e7erisinde bir tak\u0131m olumsuz olaylarla da kar\u015f\u0131la\u015ft\u0131klar\u0131n\u0131 kaydetti.<\/p>\n<p style=\"text-align: justify;\">Buna ra\u011fmen kitapta g\u00fcl\u00fcmseten an\u0131lara yer verdiklerini ifade eden Karaaslan, an\u0131larda her meslekta\u015f\u0131n\u0131n kendinden bir par\u00e7a bulabilece\u011fini belirtti.<\/p>\n<p style=\"text-align: justify;\">\u00d6zlem \u0130nan ise hem\u015firelik mesle\u011fine renk katmak ad\u0131na b\u00f6yle bir giri\u015fimde bulunduklar\u0131n\u0131 belirterek, mesleklerinin g\u00f6r\u00fcnmeyen y\u00fcz\u00fcne ayna tuttuklar\u0131n\u0131 ifade etti.<br \/>\nYakla\u015f\u0131k bir ayl\u0131k \u00e7al\u0131\u015fma sonucu ortaya \u00e7\u0131kan kitapta yer alan an\u0131lar\u0131n birbirinden komik yanlar\u0131n\u0131n bulundu\u011funu belirten \u0130nan, mesle\u011fe yeni ba\u015flayan her hem\u015firenin bu kitab\u0131 okumas\u0131 gerekti\u011fini s\u00f6yledi.\n<\/p>\n<p style=\"text-align: justify;\"><strong>-K\u0130TAPTA YER ALAN ANILARDAN-<\/strong><\/p>\n<p style=\"text-align: justify;\"><strong>Hem\u015fire \u015eenay Karaaslan\u2019\u0131n an\u0131s\u0131:<\/strong> &#8220;1991 y\u0131l\u0131nda ilk g\u00f6rev yerim Erzurum Ara\u015ft\u0131rma Hastanesi\u2019nin acil servisine ba\u015fvuran kad\u0131n hastalar\u0131n b\u00fcy\u00fck \u00e7o\u011funlu\u011fu \u015fikayetlerinin nedenleri soruldu\u011funda \u2019ben bilmem beyim bilir&#8221; diye cevap verirdi. Acile ba\u015fvuran kad\u0131n do\u011fum hastalar\u0131na da rutin olarak son adet tarihi soruldu\u011funda da yine ayn\u0131 cevap al\u0131n\u0131rd\u0131. \u0130\u015fin ilgin\u00e7 olan\u0131, ger\u00e7ekten de beyleri son adet tarihlerini tam olarak bilirlerdi.&#8221;<\/p>\n<p style=\"text-align: justify;\"><strong>Sa\u011fl\u0131k Memuru Sinan Aslan\u2019\u0131n an\u0131s\u0131:<\/strong> &#8220;Acil servise ba\u015fvuran gebe bir hastan\u0131n anamnezi (bilgileri) al\u0131n\u0131rken \u2019suyunuz geldi mi acaba&#8221; diye sordum. Kendisi ise \u2019k\u00f6r olas\u0131 muhtar, \u00fc\u00e7 g\u00fcnd\u00fcr suyumuzu kesti\u2019 \u015feklinde cevap verdi.<\/p>\n<p style=\"text-align: justify;\"><strong> -BEYAZ \u00d6NL\u00dcK TAMAM DA KASKET UNUTULMU\u015e-<\/strong><\/p>\n<p style=\"text-align: justify;\"><strong> Hem\u015fire Naciye Sar\u0131ba\u015f Yurt\u00e7u\u2019nun an\u0131s\u0131:<\/strong> &#8220;Diyarbak\u0131r\u2019da \u00e7al\u0131\u015ft\u0131\u011f\u0131m d\u00f6nemde, hasta yak\u0131nlar\u0131 tan\u0131d\u0131\u011f\u0131 \u00e7al\u0131\u015fanlardan beyaz \u00f6nl\u00fck alarak hastane \u00e7al\u0131\u015fan\u0131 gibi binaya girerlerdi. Ancak bir g\u00fcn koridorda kasketli, b\u0131y\u0131kl\u0131 ve \u015falvarl\u0131 bir adam\u0131n beyaz \u00f6nl\u00fck giyerek i\u00e7eri girmeye \u00e7al\u0131\u015fmas\u0131n\u0131 unutamam.&#8221;<\/p>\n<p style=\"text-align: justify;\"><strong>Hem\u015fire Cennet Mutlu\u2019nun an\u0131s\u0131:<\/strong> &#8220;Dermatoloji servisinde bir n\u00f6betimde, yumurta alerjisi olan bir hasta sabah kahvalt\u0131da gelen yumurtay\u0131 yemi\u015f ve alerjisi geli\u015fmi\u015fti. Hastaya, \u2019yumurtaya alerjiniz oldu\u011funu biliyorsunuz neden yediniz\u2019 diye sordu\u011fumda, hasta bana k\u0131z\u0131p ba\u011f\u0131rarak hem\u015fire g\u00f6zlem ka\u011f\u0131d\u0131n\u0131 g\u00f6sterdi ve \u2019su\u00e7 sizin, buraya yazmam\u0131\u015ft\u0131n\u0131z ben de yedim\u2019 dedi. Bu olaydan sonra hem\u015fire g\u00f6zlem formlar\u0131ndaki alerji b\u00f6l\u00fcm\u00fcn\u00fc daha dikkatli doldurmaya \u00e7al\u0131\u015f\u0131yordum.&#8221;<\/p>\n<p style=\"text-align: justify;\"><strong>Hem\u015fire Selma Karakaplan\u2019\u0131n an\u0131s\u0131:<\/strong> &#8220;Hasta yak\u0131n\u0131 yo\u011fun bak\u0131mdaki bir hastas\u0131n\u0131 g\u00f6rmek isteyince hem\u015fire arkada\u015f, \u2019galo\u015f giy gel\u2019 dedi. Bir s\u00fcre sonra, birde ne g\u00f6relim&#8230; Hasta yak\u0131n\u0131 galo\u015flar\u0131 ellerine ve kafas\u0131na ge\u00e7irmi\u015f hastas\u0131n\u0131n yan\u0131nda duruyordu.&#8221;<\/p>\n<p style=\"text-align: justify;\"><strong>Hem\u015fire Nurhan Ulusoy\u2019un an\u0131s\u0131:<\/strong> &#8220;Y\u0131l 1997, Ege T\u0131p Fak\u00fcltesi Kalp-Damar Cerrahisi Yo\u011fun bak\u0131m servisinde gece n\u00f6betindeyim. Kalp ameliyat\u0131 olmu\u015f ent\u00fcbe bir hastay\u0131 takip ederken, saat gece 02 civar\u0131nda yo\u011fun bak\u0131mda genel m\u00fczik yay\u0131n\u0131 yap\u0131ld\u0131\u011f\u0131 i\u00e7in radyo program\u0131nda, bir anda sunucunun \u2019bir tokat at\u0131n ve kendinize gelin\u2019 dedi\u011fini duydu\u011fum an, hastan\u0131n kendi surat\u0131na indirdi\u011fi tokad\u0131 g\u00f6r\u00fcnce \u015fa\u015fk\u0131nl\u0131ktan ne yapaca\u011f\u0131m\u0131 \u015fa\u015f\u0131rd\u0131m. Sunucunun ayn\u0131 s\u00f6z\u00fc tekrar etmesiyle hasta elini yukar\u0131 kald\u0131rd\u0131\u011f\u0131 an, \u2019ne yap\u0131yorsun, o sadece bir radyo program\u0131\u2019 dedim ve hastan\u0131n elini tuttum. Yap\u0131lan yay\u0131n yar\u0131 uyan\u0131k hastam\u0131 \u00e7ok etkilemi\u015fti.&#8221;<\/p>\n<p style=\"text-align: justify;\"><strong>Hem\u015fire Niymet Hazar\u2019\u0131n an\u0131s\u0131: <\/strong>&#8220;Kemer Devlet Hastanesi Acil Servisine ba\u015fvuran hastaya, \u00f6nce giri\u015fe gidip orada hasta kayd\u0131n\u0131 yapmas\u0131 gerekti\u011fini belirttik. Hasta uzun zaman ge\u00e7tikten sonra gelip, \u2019Kiri\u015f\u2019e gidip geldim, \u015fimdi hasta kayd\u0131n\u0131 nas\u0131l yapaca\u011f\u0131m\u2019 dedi. O s\u0131ra herkes birbirine bak\u0131p, \u2019bu hastay\u0131 Kiri\u015f\u2019e kim g\u00f6nderdi\u2019 derken, yanl\u0131\u015f anla\u015f\u0131lma oldu\u011fu, hastan\u0131n giri\u015f yerine Kemer\u2019in beldesi Kiri\u015f\u2019e gitti\u011fi anla\u015f\u0131ld\u0131.&#8221;<\/p>\n<p style=\"text-align: justify;\"><strong>-N\u0130YE SARI SUYLA YIKAMADIN-<\/strong><\/p>\n<p style=\"text-align: justify;\"><strong>Hem\u015fire Neriman K\u00fc\u00e7\u00fck\u2019\u00fcn an\u0131s\u0131:<\/strong> &#8220;1998 y\u0131l\u0131nda yenido\u011fan servisinde \u00e7al\u0131\u015f\u0131rken, sar\u0131l\u0131k tan\u0131s\u0131 ile bir bebek yat\u0131r\u0131ld\u0131. Bebe\u011fi servise kabul etti\u011fimiz s\u0131ra, kaynana gelinin s\u00fcrekli kafas\u0131na vurarak s\u00f6yleniyordu: \u2019ben sana demedim mi? Bebe\u011fi sar\u0131 su ile y\u0131ka dedim. Beni dinlemedin bak ne hale geldi. Gelin, hem dayak yiyor hem de a\u011flayarak, \u2019Anne, ne dediysen yapt\u0131m. Sar\u0131 t\u00fclbent \u00f6rt dedin, \u00f6rtt\u00fcm. Sar\u0131 ip ba\u011fla dedin, bebe\u011fi sar\u0131 ipe dolad\u0131m. Ben ne bileyim sar\u0131 su nas\u0131l oluyor?\u2019 Ben de kaynanaya, bu s\u00f6ylediklerinin hi\u00e7 birisi bebe\u011fi iyile\u015ftirmez, bo\u015funa gelinine k\u0131zma. Bebe\u011fin kan\u0131n\u0131n de\u011fi\u015fmesi laz\u0131m. Daha erken hastaneye gelmeniz gerekiyordu\u2019 dedim, ama kaynanan\u0131n \u00f6fkesini dindirmek m\u00fcmk\u00fcn olmad\u0131.&#8221;<\/p>\n<p style=\"text-align: justify;\"><span style=\"color: #888888;\">Kaynak : Vatan<\/span><\/p>\n","protected":false},"excerpt":{"rendered":"<p style=\"text-align: center;\">\n<p style=\"text-align: justify;\">&#8216;Galo\u015flar\u0131 ellerine kafas\u0131na ge\u00e7irip geldi&#8217;<\/p>\n<p>\u0130n\u00f6n\u00fc \u00dcniversitesi Turgut \u00d6zal T\u0131p Merkezi\u2019nde g\u00f6rev yapan 2 hem\u015fire, kendilerinin ve meslekta\u015flar\u0131n\u0131n ya\u015fad\u0131\u011f\u0131 ilgin\u00e7 olaylar\u0131 derleyerek kitapla\u015ft\u0131rd\u0131.<\/p>\n<p style=\"text-align: justify;\">\u0130n\u00f6n\u00fc \u00dcniversitesi Turgut \u00d6zal T\u0131p Merkezinde g\u00f6revli hem\u015fire \u015eenay Karaaslan, ayn\u0131 \u00fcniversitede g\u00f6revli hem\u015fire \u00d6zlem \u0130nan ile ortak \u00e7al\u0131\u015fmalar\u0131 sonucu olu\u015fturduklar\u0131 ve \u015fuan bas\u0131m a\u015famas\u0131nda <\/p>\n","protected":false},"author":1,"featured_media":0,"comment_status":"open","ping_status":"closed","sticky":false,"template":"","format":"standard","meta":{"footnotes":""},"categories":[7],"tags":[],"class_list":["post-8972","post","type-post","status-publish","format-standard","hentry","category-ekonomi","odd"],"_links":{"self":[{"href":"http:\/\/www.korhanyilmaz.com\/index.php?rest_route=\/wp\/v2\/posts\/8972","targetHints":{"allow":["GET"]}}],"collection":[{"href":"http:\/\/www.korhanyilmaz.com\/index.php?rest_route=\/wp\/v2\/posts"}],"about":[{"href":"http:\/\/www.korhanyilmaz.com\/index.php?rest_route=\/wp\/v2\/types\/post"}],"author":[{"embeddable":true,"href":"http:\/\/www.korhanyilmaz.com\/index.php?rest_route=\/wp\/v2\/users\/1"}],"replies":[{"embeddable":true,"href":"http:\/\/www.korhanyilmaz.com\/index.php?rest_route=%2Fwp%2Fv2%2Fcomments&post=8972"}],"version-history":[{"count":0,"href":"http:\/\/www.korhanyilmaz.com\/index.php?rest_route=\/wp\/v2\/posts\/8972\/revisions"}],"wp:attachment":[{"href":"http:\/\/www.korhanyilmaz.com\/index.php?rest_route=%2Fwp%2Fv2%2Fmedia&parent=8972"}],"wp:term":[{"taxonomy":"category","embeddable":true,"href":"http:\/\/www.korhanyilmaz.com\/index.php?rest_route=%2Fwp%2Fv2%2Fcategories&post=8972"},{"taxonomy":"post_tag","embeddable":true,"href":"http:\/\/www.korhanyilmaz.com\/index.php?rest_route=%2Fwp%2Fv2%2Ftags&post=8972"}],"curies":[{"name":"wp","href":"https:\/\/api.w.org\/{rel}","templated":true}]}}