{"id":8951,"date":"2009-05-09T14:25:41","date_gmt":"2009-05-09T11:25:41","guid":{"rendered":"http:\/\/www.korhanyilmaz.com\/?p=8951"},"modified":"2009-05-09T14:25:41","modified_gmt":"2009-05-09T11:25:41","slug":"deprem-icin-tarih-verdi","status":"publish","type":"post","link":"http:\/\/www.korhanyilmaz.com\/?p=8951","title":{"rendered":"Deprem i\u00e7in tarih verdi"},"content":{"rendered":"<p style=\"text-align: center;\"><img loading=\"lazy\" decoding=\"async\" class=\"aligncenter size-full wp-image-8952\" title=\"Deprem i\u00e7in tarih verdi \" src=\"http:\/\/www.korhanyilmaz.com\/wp-content\/uploads\/2009\/05\/090520091432534097364.jpg\" alt=\"Deprem i\u00e7in tarih verdi \" width=\"329\" height=\"210\" \/><\/p>\n<p style=\"text-align: justify;\">Bo\u011fazi\u00e7i \u00dcniversitesi Kandilli Rasathanesi ve Deprem Ara\u015ft\u0131rma Enstit\u00fcs\u00fc Emekli M\u00fcd\u00fcr\u00fc Prof. Dr. Ahmet Mete I\u015f\u0131kara, T\u00fcrkiye\u2019de 1 May\u0131s 2003\u2019ten bu yana 6\u2019n\u0131n \u00fczerinde deprem olmamas\u0131n\u0131n kendisini rahats\u0131z etti\u011fini s\u00f6yleyerek, \u201c2010- 2014 y\u0131llar\u0131 aras\u0131nda olacak depreme haz\u0131rl\u0131kl\u0131 olmal\u0131y\u0131z\u201d dedi.<\/p>\n<p style=\"text-align: justify;\">Tekirda\u011f\u2019\u0131n \u00c7orlu il\u00e7esinde Okyanus Enerji &#8211; \u0130n\u015faat\u2019\u0131n d\u00fczenledi\u011fi \u2018Deprem ve Enerji Tasarrufu\u2019 konulu konferansa kat\u0131lan K\u0131z\u0131lay Genel Ba\u015fkan Ba\u015fdan\u0131\u015fman\u0131 Prof. Dr. Ahmet Mete I\u015f\u0131kara, depremin her g\u00fcn bir g\u00fcn daha yakla\u015ft\u0131\u011f\u0131na dikkat \u00e7ekerek \u015f\u00f6yle konu\u015ftu:<!--more--><\/p>\n<p style=\"text-align: justify;\">\u201cMarmara ve T\u00fcrkiye\u2019nin her yerinde deprem tehlikesi var. 1 May\u0131s 2003\u2019ten bu yana T\u00fcrkiye\u2019de 6\u2019n\u0131n \u00fczerinde deprem yok. Bu beni \u00e7ok rahats\u0131z ediyor. \u00c7\u00fcnk\u00fc 6 ile 6.9 b\u00fcy\u00fckl\u00fckleri aras\u0131ndaki depremlerin olu\u015f s\u0131kl\u0131\u011f\u0131na bakt\u0131\u011f\u0131m\u0131z zaman Kandilli Rasathanesi Deprem Ara\u015ft\u0131rma Enstit\u00fcs\u00fc\u2019n\u00fcn verilerine g\u00f6re T\u00fcrkiye\u2019de 2003 y\u0131l\u0131na kadar y\u0131lda bir kere 6 ila 6.9 b\u00fcy\u00fckl\u00fc\u011f\u00fc aras\u0131nda bir deprem meydana gelmi\u015f. Ama 1 May\u0131s 2003\u2019ten bu yana b\u00f6yle bir deprem yok. Benim olas\u0131l\u0131k hesab\u0131ma g\u00f6re, 2010- 2014 y\u0131llar\u0131 aras\u0131nda bu depremin olma olas\u0131l\u0131\u011f\u0131 \u00e7ok y\u00fcksek.\u201d<\/p>\n<p style=\"text-align: justify;\"><strong>HATALARDAN DERS ALINMIYOR<\/strong><\/p>\n<p style=\"text-align: justify;\">1939 Erzincan depreminin T\u00fcrkiye\u2019nin en b\u00fcy\u00fck depremi oldu\u011funu s\u00f6yleyen Prof. Dr. Ahmet Mete I\u015f\u0131kara, \u201cDepremden sonra Erzincan\u2019da \u00e7ok y\u00fcksek katl\u0131 binalar yapt\u0131k. Ve 13 Mart 1992\u2019de Erzincan bir daha y\u0131k\u0131ld\u0131. 1967 Adapazar\u0131 yerle bir oldu. Bu depremi \u0130stanbul da hissetti ama 1999\u2019da Adapazar\u0131 bir daha y\u0131k\u0131ld\u0131\u201d dedi.<\/p>\n<p style=\"text-align: justify;\"><strong>HAYVANLARLA DEPREMLER \u00d6NCEDEN B\u0130L\u0130NEMEZ <\/strong><\/p>\n<p style=\"text-align: justify;\">Prof. Dr. Ahmet Mete I\u015f\u0131kara, depremlerin \u00f6nceden belirlenmesiyle ilgili bas\u0131nda baz\u0131 bilgiler yer ald\u0131\u011f\u0131n\u0131 da kaydederek \u015funlar\u0131 s\u00f6yledi<\/p>\n<p style=\"text-align: justify;\">\u201c\u0130\u015fte kar\u0131ncalar toplan\u0131yormu\u015f, k\u00f6pekler havl\u0131yormu\u015f. Havlamayanlar da var. Havlamad\u0131\u011f\u0131 zaman bana \u2018Psikologa g\u00f6t\u00fcrsem mi?\u2019 diyorlar. ABD, 1976 y\u0131l\u0131nda depremleri \u00f6nceden \u00f6\u011frenmek i\u00e7in yap\u0131lan ara\u015ft\u0131rmalar\u0131 devlet eliyle desteklemekten vazge\u00e7ti. Japonlarda bu ara\u015ft\u0131rmalar\u0131n\u0131 2004 y\u0131l\u0131nda sonland\u0131rd\u0131. \u00c7\u00fcnk\u00fc \u015fu ger\u00e7ek ortaya \u00e7\u0131kt\u0131: Bir depremden korunman\u0131n vazge\u00e7ilmez yolu g\u00fcvenli binalard\u0131r. Depremle ya\u015famay\u0131 \u00f6\u011frenmek zorunday\u0131z.\u201d<\/p>\n<p style=\"text-align: justify;\"><span style=\"color: #888888;\">Kaynak : Vatan<\/span><\/p>\n","protected":false},"excerpt":{"rendered":"<p style=\"text-align: center;\">\n<p style=\"text-align: justify;\">Bo\u011fazi\u00e7i \u00dcniversitesi Kandilli Rasathanesi ve Deprem Ara\u015ft\u0131rma Enstit\u00fcs\u00fc Emekli M\u00fcd\u00fcr\u00fc Prof. Dr. Ahmet Mete I\u015f\u0131kara, T\u00fcrkiye\u2019de 1 May\u0131s 2003\u2019ten bu yana 6\u2019n\u0131n \u00fczerinde deprem olmamas\u0131n\u0131n kendisini rahats\u0131z etti\u011fini s\u00f6yleyerek, \u201c2010- 2014 y\u0131llar\u0131 aras\u0131nda olacak depreme haz\u0131rl\u0131kl\u0131 olmal\u0131y\u0131z\u201d dedi.<\/p>\n<p style=\"text-align: justify;\">Tekirda\u011f\u2019\u0131n \u00c7orlu il\u00e7esinde Okyanus Enerji &#8211; \u0130n\u015faat\u2019\u0131n d\u00fczenledi\u011fi \u2018Deprem ve <\/p>\n","protected":false},"author":1,"featured_media":0,"comment_status":"open","ping_status":"closed","sticky":false,"template":"","format":"standard","meta":{"footnotes":""},"categories":[7],"tags":[],"class_list":["post-8951","post","type-post","status-publish","format-standard","hentry","category-ekonomi","odd"],"_links":{"self":[{"href":"http:\/\/www.korhanyilmaz.com\/index.php?rest_route=\/wp\/v2\/posts\/8951","targetHints":{"allow":["GET"]}}],"collection":[{"href":"http:\/\/www.korhanyilmaz.com\/index.php?rest_route=\/wp\/v2\/posts"}],"about":[{"href":"http:\/\/www.korhanyilmaz.com\/index.php?rest_route=\/wp\/v2\/types\/post"}],"author":[{"embeddable":true,"href":"http:\/\/www.korhanyilmaz.com\/index.php?rest_route=\/wp\/v2\/users\/1"}],"replies":[{"embeddable":true,"href":"http:\/\/www.korhanyilmaz.com\/index.php?rest_route=%2Fwp%2Fv2%2Fcomments&post=8951"}],"version-history":[{"count":0,"href":"http:\/\/www.korhanyilmaz.com\/index.php?rest_route=\/wp\/v2\/posts\/8951\/revisions"}],"wp:attachment":[{"href":"http:\/\/www.korhanyilmaz.com\/index.php?rest_route=%2Fwp%2Fv2%2Fmedia&parent=8951"}],"wp:term":[{"taxonomy":"category","embeddable":true,"href":"http:\/\/www.korhanyilmaz.com\/index.php?rest_route=%2Fwp%2Fv2%2Fcategories&post=8951"},{"taxonomy":"post_tag","embeddable":true,"href":"http:\/\/www.korhanyilmaz.com\/index.php?rest_route=%2Fwp%2Fv2%2Ftags&post=8951"}],"curies":[{"name":"wp","href":"https:\/\/api.w.org\/{rel}","templated":true}]}}