{"id":8936,"date":"2009-05-09T10:59:00","date_gmt":"2009-05-09T08:59:00","guid":{"rendered":"http:\/\/www.korhanyilmaz.com\/?p=8936"},"modified":"2009-05-09T10:59:00","modified_gmt":"2009-05-09T08:59:00","slug":"ermenistana-sartli-evet","status":"publish","type":"post","link":"http:\/\/www.korhanyilmaz.com\/?p=8936","title":{"rendered":"Ermenistan&#039;a \u015fartl\u0131 evet"},"content":{"rendered":"<p style=\"text-align: justify;\"><img loading=\"lazy\" decoding=\"async\" class=\"aligncenter size-full wp-image-8937\" title=\"Ermenistan'a \u015fartl\u0131 evet \" src=\"http:\/\/www.korhanyilmaz.com\/wp-content\/uploads\/2009\/05\/090520091100231721633.jpg\" alt=\"Ermenistan'a \u015fartl\u0131 evet \" width=\"320\" height=\"100\" \/><strong><span style=\"font-family: Arial;\">&#8216;Sebep ortadan kalks\u0131n, kap\u0131lar\u0131 a\u00e7al\u0131m&#8217;<\/span><\/strong><\/p>\n<p style=\"text-align: justify;\">Ba\u015fbakan Recep Tayyip Erdo\u011fan, T\u00fcrkiye-Ermenistan s\u0131n\u0131r\u0131na ili\u015fkin, &#8220;Biz kap\u0131lar\u0131 kapatt\u0131k. Sebep i\u015fgal, netice kap\u0131lar\u0131 kapatmam\u0131z. O zaman sebep kalks\u0131n, biz kap\u0131lar\u0131 a\u00e7al\u0131m&#8221; dedi.<\/p>\n<p style=\"text-align: justify;\">Erdo\u011fan, TRT T\u00fcrk&#8217;\u00fcn canl\u0131 yay\u0131n\u0131na kat\u0131larak, g\u00fcndemdeki konularla ilgili sorular\u0131 yan\u0131tlad\u0131.<\/p>\n<p style=\"text-align: justify;\">Azerbaycan ile ili\u015fkilerde sorun bulunmad\u0131\u011f\u0131n\u0131 belirten Erdo\u011fan, olu\u015fturulan dezenformasyon ortam\u0131ndan rahats\u0131zl\u0131\u011f\u0131n\u0131 dile getirdi.<\/p>\n<p style=\"text-align: justify;\">Erdo\u011fan, Ermenistan&#8217;la ili\u015fkiler konusunda da tarihsel iddialar\u0131 kabul etmelerinin m\u00fcmk\u00fcn olmad\u0131\u011f\u0131n\u0131 ifade ederek, ortak s\u0131n\u0131r kap\u0131s\u0131n\u0131n a\u00e7\u0131lmas\u0131n\u0131n \u00f6n ko\u015fulunu tekrarlad\u0131.<!--more--><\/p>\n<p style=\"text-align: justify;\">Ba\u015fbakan Erdo\u011fan, &#8220;Burada bir sebep-netice ili\u015fkisi var. Bu ili\u015fkiye gelince kap\u0131larla ilgili konuda bir defa Da\u011fl\u0131k Karaba\u011f, Ermeniler taraf\u0131ndan i\u015fgal edilmi\u015ftir. Sonra 1 milyon Azeri tehcire zorland\u0131. Biz kap\u0131lar\u0131 kapatt\u0131k. Sebep i\u015fgal, netice kap\u0131lar\u0131 kapatmam\u0131z. O zaman sebep kalks\u0131n, biz kap\u0131lar\u0131 a\u00e7al\u0131m&#8221; \u015feklinde konu\u015ftu.<\/p>\n<p style=\"text-align: justify;\"><strong>Kabine de\u011fi\u015fikli\u011fi<\/strong><\/p>\n<p style=\"text-align: justify;\">Kabine de\u011fi\u015fikli\u011fine ili\u015fkin soru \u00fczerine de Erdo\u011fan, bunun yeni bir heyecan katma olarak de\u011ferlendirilebilece\u011fini belirterek, b\u00f6yle bir gereklili\u011fin ortada oldu\u011funu, her yenilenmenin yeni bir heyecan getirece\u011fi d\u00fc\u015f\u00fcncesiyle bu ad\u0131m\u0131 att\u0131\u011f\u0131n\u0131 s\u00f6yledi.<\/p>\n<p style=\"text-align: justify;\">Bu de\u011fi\u015fikli\u011fin, arkada\u015flar\u0131na g\u00fcvensizli\u011fi, itimats\u0131zl\u0131\u011f\u0131 ya da onlar\u0131 ba\u015far\u0131s\u0131z g\u00f6rmesiyle alakal\u0131 olmad\u0131\u011f\u0131n\u0131 vurgulayan Erdo\u011fan, &#8220;Biz ilkeler partisiyiz. Bir program\u0131m\u0131z var. Bu program \u00e7er\u00e7evesinde, h\u00fck\u00fcmetin acil eylem mant\u0131\u011f\u0131 i\u00e7inde her Bakan arkada\u015f\u0131m \u00e7al\u0131\u015f\u0131yor. Dolay\u0131s\u0131yla onun yerine gelen Bakan arkada\u015f\u0131m, bu h\u00fck\u00fcmetin politikas\u0131ndan farkl\u0131 bir politika uygulamayacak. \u015eimdi beyefendi kendi k\u00f6\u015fesinde yaz\u0131yor ve o arkada\u015f\u0131mdan adeta intikam al\u0131rcas\u0131na bir yola giriyor. B\u00f6yle bir yola girmek \u00e7ok b\u00fcy\u00fck haks\u0131zl\u0131k. Ben arkada\u015flar\u0131m\u0131n hepsinin de g\u00f6rev s\u00fcresi i\u00e7erisinde ba\u015far\u0131l\u0131 oldu\u011funa inan\u0131yorum&#8221; dedi.<\/p>\n<p style=\"text-align: justify;\"><strong>Anayasa de\u011fi\u015fikli\u011fi<\/strong><\/p>\n<p style=\"text-align: justify;\">Ba\u015fbakan Erdo\u011fan, &#8220;Anayasa de\u011fi\u015fikli\u011finin boyutuyla ilgili konularda tart\u0131\u015fmalar devam ediyor. \u00c7ok geni\u015f kapsaml\u0131 m\u0131 olacak?&#8221; \u015feklindeki soru \u00fczerine de o konudaki d\u00fc\u015f\u00fcncelerini daha \u00f6nce s\u00f6yledi\u011fini, \u00e7ok geni\u015f kapsaml\u0131 bir de\u011fi\u015fiklik d\u00fc\u015f\u00fcnmediklerini kaydetti.<\/p>\n<p style=\"text-align: justify;\">Erdo\u011fan, &#8220;Dar kapsaml\u0131 ve \u00fczerinde m\u00fcmk\u00fcn oldu\u011funca mutabakat\u0131n sa\u011flanabilece\u011fi bir yakla\u015f\u0131m olsun istiyoruz. \u015eu ana kadar arkada\u015flar\u0131m\u0131z zaten konuyla ilgili \u00e7al\u0131\u015fmalar\u0131n\u0131 yapt\u0131lar. Bunun da bir yerde parlamento i\u00e7inde grubu olan siyasi partilerin bu konsens\u00fcse ne denli ba\u011fl\u0131 veyahut da onlar\u0131n mutabakat kuraca\u011f\u0131 maddeler hangileri olabilir, yani bunu aram\u0131zda olu\u015fturabilirsek, belki o zaman b\u00f6yle bir ad\u0131m at\u0131labilir. Onun i\u00e7in biz \u015fu anda bu konuda da sab\u0131rl\u0131y\u0131z, aceleci de\u011filiz. Meclis Genel Kurulu&#8217;nda da \u00e7ok yo\u011fun g\u00f6r\u00fc\u015f\u00fclmesi gereken kanunlar\u0131m\u0131z var. Bir an \u00f6nce onlar\u0131 da \u00e7\u0131karal\u0131m istiyoruz. Gerilime f\u0131rsat verecek hi\u00e7bir kanunu da g\u00f6r\u00fc\u015fmekten yana de\u011filiz&#8221; diye konu\u015ftu.<\/p>\n<p style=\"text-align: justify;\">&#8220;Muhalefetin \u00fczerine gitti\u011fi konulardan biri Cumhurba\u015fkan\u0131n\u0131n g\u00f6rev s\u00fcresiyle ilgili. O konuda bir karar\u0131n\u0131z var m\u0131? Anayasa de\u011fi\u015fikli\u011fine bunu koyuyor musunuz? Say\u0131n G\u00fcl&#8217;\u00fcn g\u00f6rev s\u00fcresi ka\u00e7 y\u0131ld\u0131r?&#8221; \u015feklindeki sorulara kar\u015f\u0131l\u0131k Ba\u015fbakan Erdo\u011fan, &#8220;\u015eimdi ben burada (\u015fu kadar y\u0131ld\u0131r) dersem, yanl\u0131\u015f bir \u015fey s\u00f6ylemi\u015f olurum. Burada yap\u0131lacak \u00e7al\u0131\u015fmalar sonucunda ancak b\u00f6yle bir karara var\u0131labilir. E\u011fer bu g\u00f6r\u00fc\u015f\u00fclecekse, \u00e7al\u0131\u015fma i\u00e7erisinde g\u00f6r\u00fc\u015f\u00fcl\u00fcr ve bu konuda orada belli bir karar ba\u011flan\u0131r. Tabii 5 diyen var, 7 diyen var. Bu konuda de\u011fi\u015fik kanaatler var. \u015eu anda kesin \u015fudur diye bir yakla\u015f\u0131m i\u00e7ine giremem, ama isti\u015fare etti\u011fimiz anayasac\u0131 hocalar\u0131m\u0131z, parlamentodaki arkada\u015flar\u0131m\u0131z farkl\u0131 farkl\u0131 kanaatlerini belli bir yere getirip netle\u015ftirecekler, ondan sonra da biz kanaatimizi ortaya koyar\u0131z&#8221; dedi.<\/p>\n<p style=\"text-align: justify;\"><strong>Ekonomi<\/strong><\/p>\n<p style=\"text-align: justify;\">&#8220;Ekonomide patron de\u011fi\u015fti, de\u011fi\u015fmekten ziyade tek elde topland\u0131. Bunun ekonomiye nas\u0131l bir etkisi olacak?&#8221; \u015feklindeki soru \u00fczerine de Ba\u015fbakan Erdo\u011fan, ba\u015ftan beri iddial\u0131 bir ifade kulland\u0131\u011f\u0131n\u0131, ancak baz\u0131 medya \u00e7evrelerinin bunu farkl\u0131 yorumlad\u0131\u011f\u0131n\u0131 belirterek, &#8220;(Te\u011fet ge\u00e7ecek) dedim, onlar farkl\u0131 yorumlayarak kimi dalgas\u0131n\u0131 ge\u00e7ti, kimi (Y\u00fcre\u011fimizden ge\u00e7ti, \u015f\u00f6yle vurdu, b\u00f6yle vurdu) dedi. Ama \u015fu andaki rakamlar bizi do\u011frulamaya ba\u015flad\u0131&#8221; diye konu\u015ftu.<\/p>\n<p style=\"text-align: justify;\">G\u00f6reve gelmeden \u00f6nce programlar\u0131na, iktidar olmalar\u0131 halinde ekonomiyi tek elde birle\u015ftirmeyi ald\u0131klar\u0131n\u0131, bunu ilk \u00e7\u0131k\u0131\u015flar\u0131nda ba\u015faramad\u0131klar\u0131n\u0131 ifade eden Erdo\u011fan, &#8220;\u015eimdi bu son geli\u015fmelerden sonra, (tamam, bu i\u015f i\u00e7in bu f\u0131rsatt\u0131r, \u00e7\u00fcnk\u00fc krizi f\u0131rsata d\u00f6n\u00fc\u015ft\u00fcreceksek, burada bu ad\u0131m\u0131 atmam\u0131z laz\u0131m) dedik. Ali Beyi \u00e7a\u011f\u0131rd\u0131m, bunu oturup konu\u015ftuk. (Hazine sendeydi, tekrar sende olacak. T\u00fcm bankalar\u0131 sana ba\u011fl\u0131yoruz. Ekonominin koordinasyonu senin asli g\u00f6revin olacak) dedim&#8221; \u015feklinde konu\u015ftu.<\/p>\n<p style=\"text-align: justify;\">Erdo\u011fan, ABD ve Avrupa \u00fclkelerinin piyasaya &#8220;korkun\u00e7&#8221; paralar s\u00fcrmesine ra\u011fmen hala krizi atlatamad\u0131klar\u0131n\u0131 belirterek, &#8220;Biz 60 civar\u0131nda tedbir olu\u015fturduk. Tedbirleri ald\u0131k, bu olay ise \u015fimdi bu tedbirleri uygulama alan\u0131na sokacak akt\u00f6rlerin de\u011fi\u015fimidir. Tedbirleri a\u00e7\u0131klad\u0131k, \u015fimdi de akt\u00f6rlerini ortaya koyuyoruz. Bu akt\u00f6rlerle beraber bu tedbirleri uygulama alan\u0131na sokaca\u011f\u0131z&#8221; dedi.<\/p>\n<p style=\"text-align: justify;\">Erdo\u011fan, ihracata endeksli bir ekonomi benimsediklerini dile getirerek, bunu ba\u015faracaklar\u0131n\u0131 s\u00f6yledi. \u00dclkenin ileri gelen i\u015f adamlar\u0131yla bu ay i\u00e7inde veya gelecek ay\u0131n ba\u015f\u0131nda toplant\u0131 yapaca\u011f\u0131n\u0131 bildiren Erdo\u011fan, ekonomiden sorumlu bakanlar\u0131 da yan\u0131na alarak i\u015f adamlar\u0131yla bir araya gelece\u011fini kaydetti.<\/p>\n<p style=\"text-align: justify;\">Erdo\u011fan, bu ay\u0131n 22&#8217;sinde Ford&#8217;un Amerika&#8217;ya g\u00f6nderece\u011fi ara\u00e7larla ilgili \u00e7ok \u00f6nemli bir t\u00f6ren oldu\u011funu belirterek, &#8220;\u015eimdi d\u00fc\u015f\u00fcn\u00fcn, biz buradan Amerika&#8217;ya Ford arac\u0131 ihra\u00e7 edece\u011fiz. Taksi olay\u0131nda belki de onlar bu ara\u00e7lar\u0131 kullanacak. Bu, ihracatta bizim i\u00e7in \u00e7ok \u00f6nemli bir s\u0131\u00e7ramay\u0131 getirecek&#8221; diye konu\u015ftu.<\/p>\n<p style=\"text-align: justify;\"><strong>IMF ile g\u00f6r\u00fc\u015fmeler<\/strong><\/p>\n<p style=\"text-align: justify;\">IMF ile g\u00f6r\u00fc\u015fmelere ili\u015fkin soru \u00fczerine de Erdo\u011fan, IMF&#8217;de \u015fu an bir karars\u0131zl\u0131k g\u00f6r\u00fcld\u00fc\u011f\u00fcn\u00fc ifade ederek, &#8220;Tabii bu noktada bizim imzalama konusunda bir karar\u0131m\u0131z yok, ama biz diyoruz ki, kalk\u0131p da sistemimizle ak\u015fam ba\u015fka, sabah ba\u015fka derseniz, \u00f6yle bir \u015feyde yokuz. T\u00fcrkiye olarak biz eski T\u00fcrkiye de\u011filiz. Bizim \u00f6n\u00fcm\u00fcze getirip, \u015f\u00f6yle masan\u0131n \u00fczerine bir \u015fablon koyup, (Bu \u015fablonu imzala) derseniz, bizim iktidar\u0131m\u0131z b\u00f6yle \u015fablon imzalayacak bir iktidar de\u011fil. Menfaatlerimiz neyi gerektiriyorsa buna bakaca\u011f\u0131z. T\u00fcrkiye ekonomide ayaklar\u0131 \u00fczerinde duran bir \u00fclke, \u00f6yle y\u0131k\u0131lan bir \u00fclke de\u011fil. Kald\u0131 ki, biz IMF&#8217;in orta\u011f\u0131y\u0131z. Yani orta\u011f\u0131 olan bir \u00fclkeye kriz d\u00f6neminde destek olmas\u0131 gereken bir kurulu\u015fun kalk\u0131p da baz\u0131 durumlarda zorluklar \u00e7\u0131karmas\u0131 bizi de \u00fcz\u00fcyor. Karars\u0131z kal\u0131rsa fazla \u00fcz\u00fclmeye de gerek yok yani&#8221; dedi.<\/p>\n<p style=\"text-align: justify;\">&#8220;IMF&#8217;in karars\u0131zl\u0131\u011f\u0131 parasal m\u0131, yoksa y\u00f6netim yap\u0131s\u0131yla m\u0131 ilgili?&#8221; \u015feklindeki soru \u00fczerine de Erdo\u011fan, &#8220;\u015eu anda onlar\u0131n karars\u0131zl\u0131\u011f\u0131n\u0131n nedeni, \u00f6zellikle bizim b\u00fct\u00e7edeki gelir hanesinde veya giderle ilgili olarak verdikleri rakamlar var ki, o rakamlar\u0131 bizim ayn\u0131 \u015fekilde kabullenmemiz m\u00fcmk\u00fcn de\u011fil. (O rakam\u0131 d\u00fc\u015f\u00fcr\u00fcn) diyorlar. Biz o rakam\u0131 d\u00fc\u015f\u00fcremeyiz. Biz o kadar b\u00fcy\u00fck\u00e7e bir rakam d\u00fc\u015f\u00fcrmeye kalkarsak, o zaman biz yat\u0131r\u0131mlarda zora gireriz. Yat\u0131r\u0131mlar\u0131m\u0131z\u0131 bir defa devam ettirmek istiyoruz. Yat\u0131r\u0131mlar\u0131 durdu\u011fumuz anda istihdam olmaz&#8221; dedi.<\/p>\n<p style=\"text-align: justify;\"><span style=\"color: #888888;\">Kaynak :\u00a0 Vatan<\/span><\/p>\n","protected":false},"excerpt":{"rendered":"<p style=\"text-align: justify;\">&#8216;Sebep ortadan kalks\u0131n, kap\u0131lar\u0131 a\u00e7al\u0131m&#8217;<\/p>\n<p style=\"text-align: justify;\">Ba\u015fbakan Recep Tayyip Erdo\u011fan, T\u00fcrkiye-Ermenistan s\u0131n\u0131r\u0131na ili\u015fkin, &#8220;Biz kap\u0131lar\u0131 kapatt\u0131k. Sebep i\u015fgal, netice kap\u0131lar\u0131 kapatmam\u0131z. O zaman sebep kalks\u0131n, biz kap\u0131lar\u0131 a\u00e7al\u0131m&#8221; dedi.<\/p>\n<p style=\"text-align: justify;\">Erdo\u011fan, TRT T\u00fcrk&#8217;\u00fcn canl\u0131 yay\u0131n\u0131na kat\u0131larak, g\u00fcndemdeki konularla ilgili sorular\u0131 yan\u0131tlad\u0131.<\/p>\n<p style=\"text-align: justify;\">Azerbaycan ile ili\u015fkilerde sorun bulunmad\u0131\u011f\u0131n\u0131 belirten Erdo\u011fan, olu\u015fturulan <\/p>\n","protected":false},"author":1,"featured_media":0,"comment_status":"open","ping_status":"closed","sticky":false,"template":"","format":"standard","meta":{"footnotes":""},"categories":[105],"tags":[],"class_list":["post-8936","post","type-post","status-publish","format-standard","hentry","category-gundem","odd"],"_links":{"self":[{"href":"http:\/\/www.korhanyilmaz.com\/index.php?rest_route=\/wp\/v2\/posts\/8936","targetHints":{"allow":["GET"]}}],"collection":[{"href":"http:\/\/www.korhanyilmaz.com\/index.php?rest_route=\/wp\/v2\/posts"}],"about":[{"href":"http:\/\/www.korhanyilmaz.com\/index.php?rest_route=\/wp\/v2\/types\/post"}],"author":[{"embeddable":true,"href":"http:\/\/www.korhanyilmaz.com\/index.php?rest_route=\/wp\/v2\/users\/1"}],"replies":[{"embeddable":true,"href":"http:\/\/www.korhanyilmaz.com\/index.php?rest_route=%2Fwp%2Fv2%2Fcomments&post=8936"}],"version-history":[{"count":0,"href":"http:\/\/www.korhanyilmaz.com\/index.php?rest_route=\/wp\/v2\/posts\/8936\/revisions"}],"wp:attachment":[{"href":"http:\/\/www.korhanyilmaz.com\/index.php?rest_route=%2Fwp%2Fv2%2Fmedia&parent=8936"}],"wp:term":[{"taxonomy":"category","embeddable":true,"href":"http:\/\/www.korhanyilmaz.com\/index.php?rest_route=%2Fwp%2Fv2%2Fcategories&post=8936"},{"taxonomy":"post_tag","embeddable":true,"href":"http:\/\/www.korhanyilmaz.com\/index.php?rest_route=%2Fwp%2Fv2%2Ftags&post=8936"}],"curies":[{"name":"wp","href":"https:\/\/api.w.org\/{rel}","templated":true}]}}