{"id":8932,"date":"2009-05-09T10:31:32","date_gmt":"2009-05-09T08:31:32","guid":{"rendered":"http:\/\/www.korhanyilmaz.com\/?p=8932"},"modified":"2009-05-09T10:31:32","modified_gmt":"2009-05-09T08:31:32","slug":"sami-selcuktan-anayasa-uyarisi","status":"publish","type":"post","link":"http:\/\/www.korhanyilmaz.com\/?p=8932","title":{"rendered":"Sami Sel\u00e7uk&#039;tan anayasa uyar\u0131s\u0131"},"content":{"rendered":"<p><img loading=\"lazy\" decoding=\"async\" class=\"aligncenter size-full wp-image-8933\" title=\"Sami Sel\u00e7uk'tan anayasa uyar\u0131s\u0131 \" src=\"http:\/\/www.korhanyilmaz.com\/wp-content\/uploads\/2009\/05\/090520091031283134841.jpg\" alt=\"Sami Sel\u00e7uk'tan anayasa uyar\u0131s\u0131 \" width=\"320\" height=\"100\" \/><\/p>\n<p style=\"text-align: justify;\"><strong><span style=\"font-family: Arial;\">Yarg\u0131tay Onursal Ba\u015fkan\u0131 Sami Sel\u00e7uk: `T\u00fcrkiye&#8217;de demokrasi nefes darl\u0131\u011f\u0131 \u00e7ekiyor&#8217;<\/span><\/strong><\/p>\n<p style=\"text-align: justify;\">YARGITAY Ounrsal Ba\u015fkan\u0131 Prof. Dr. Sami Sel\u00e7uk, T\u00fcrkiye&#8217;de demokrasinin nefes darl\u0131\u011f\u0131 \u00e7ekti\u011fini belirterek, yeni bir anayasan\u0131n yap\u0131lmas\u0131 gerekti\u011fine i\u015faret etti, &#8220;Bu anayasa ile demokrasi i\u015flemez, Avrupa Birli\u011fi&#8217;ne de T\u00fcrkiye giremez&#8221; dedi.<\/p>\n<p style=\"text-align: justify;\">Kastamonu Truva Kitapevi&#8217;nde imza g\u00fcn\u00fcne kat\u0131lmak \u00fczere kente gelen Onursal Yarg\u0131tay Ba\u015fkan\u0131 Prof. Dr. Sami Sel\u00e7uk, R\u0131fat Ilgaz K\u00fclt\u00fcr Merkezi&#8217;ndeki konferansa konu\u015fmac\u0131 olarak kat\u0131ld\u0131. Konu\u015fmas\u0131nda, T\u00fcrkiye&#8217;de demokrasinin bunal\u0131m ya\u015fad\u0131\u011f\u0131n\u0131 s\u00f6yleyen Sel\u00e7uk konu\u015fmas\u0131nda, &#8220;Neden T\u00fcrkiye&#8217;de demokrasi bunal\u0131m ya\u015f\u0131yor, nefes darl\u0131\u011f\u0131 \u00e7ekiyor, yoku\u015flar\u0131 \u00e7\u0131kmakta g\u00fc\u00e7l\u00fck \u00e7ekiyor. <!--more-->Bir kere temsil bunal\u0131m\u0131 ya\u015f\u0131yor demokarsi. Bunu \u00e7\u00f6zmek zorunday\u0131z. Hi\u00e7 kimse kendini kand\u0131rmas\u0131n. Bir \u00fclkede y\u00fczde 10 baraj\u0131 varsa o temsil sakatt\u0131r ve sahtedir. A\u00e7\u0131k s\u00f6yl\u00fcyorum. \u00c7\u00fcnk\u00fc A partisine oy vermek isteyen se\u00e7men diyor ki; `A partisi y\u00fczde onu ge\u00e7emez o zaman ona yak\u0131n B partisine vereyim oyum bo\u015fa gitmesin&#8217; diyor ve T\u00fcrkiye parti kapatmada tabii \u00e7ok partili demokrasilerde d\u00fcnya rekoru k\u0131rm\u0131\u015ft\u0131r. Tam 45 y\u0131lda 25 parti kapatma rekoru T\u00fcrkiye&#8217;dedir. Siyasal partiler yasas\u0131 de\u011fi\u015fmedi\u011fi s\u00fcrece bir\u00e7ok konuyu g\u00fcndeme getirmek m\u00fcmk\u00fcn de\u011fildir. Peki milletvekillerini kim se\u00e7iyor. Genel ba\u015fkan se\u00e7iyor. Diyorsunuz ki; `ben Ahmet&#8217;i se\u00e7mek istemiyorum&#8217; ama se\u00e7mek zorundas\u0131n\u0131z. Ahmet de se\u00e7ildi\u011fi zaman da 4- 5 y\u0131l\u0131n hesab\u0131n\u0131 yaparak davranmaya ba\u015fl\u0131yor. \u00c7\u00fcnk\u00fc genel ba\u015fkan\u0131n vekili oluyor. \u0130\u015fin do\u011fas\u0131nda bu var. Milletin vekili olam\u0131yor, genel ba\u015fkan\u0131na kar\u015f\u0131 \u00e7\u0131k\u0131p do\u011frular\u0131 savunam\u0131yor, peki kimi temsil ediyor, genel ba\u015fkan\u0131n\u0131 temsil ediyor. Hi\u00e7 kimse kendisini aldatmas\u0131n, bunlar\u0131 a\u00e7\u0131k\u00e7a konu\u015fmak tart\u0131\u015fmak zorunday\u0131z. Bu y\u00fcreklilik istemez, sadece d\u00fcr\u00fcstl\u00fck ister&#8221; dedi.<\/p>\n<p style=\"text-align: justify;\"><strong>`T\u00dcRK\u0130YE, ANAYASAL DE\u011e\u0130L, ANAYASALI DEVLET&#8217;<\/strong><\/p>\n<p style=\"text-align: justify;\">1982 Anayasas\u0131&#8217;n\u0131 ele\u015ftiren Sel\u00e7uk, T\u00fcrkiye&#8217;nin anayasal de\u011fil anayasal\u0131 bir devlet oldu\u011funu s\u00f6yledi. T\u00fcrkiye&#8217;nin bu anayasa ile demokrasisini kuramayaca\u011f\u0131n\u0131 belirten Sel\u00e7uk, &#8220;\u00c7\u00fcnk\u00fc 1982 demokrasi hi\u00e7bir zaman halk i\u00e7in de\u011fil devlet i\u00e7in yap\u0131lm\u0131\u015ft\u0131r. Devlet g\u00fcc\u00fcne kar\u015f\u0131 bireylerin hak ve \u00f6zg\u00fcrl\u00fcklerini g\u00fcvence alt\u0131na almak i\u00e7in anayasa yap\u0131l\u0131r, ama o tersini yapm\u0131\u015ft\u0131r. Halk\u0131ndan, insan\u0131ndan korktu\u011fu i\u00e7in kendisini g\u00fcvence alt\u0131na alm\u0131\u015ft\u0131r. Bu y\u00fczden T\u00fcrkiye anayasal bir devlet de\u011fildir, anayasal\u0131 bir devlettir. G\u00f6r\u00fcn\u00fc\u015fte bir anayasas\u0131 vard\u0131r. T\u00fcrk halk\u0131 bunu \u00e7\u00f6zmek zorundad\u0131r. Oras\u0131ndan buras\u0131ndan anayasay\u0131 \u00e7eki\u015ftirerek, d\u00fczelterek o anayasay\u0131 d\u00fczeltemezsiniz. \u00c7\u00fcnk\u00fc ruhuna sinmi\u015ftir. Bireye kar\u015f\u0131 yap\u0131lan bir anayasay\u0131 T\u00fcrkiye kald\u0131rmak, bu konuda \u00e7ok \u00f6rnekleri vard\u0131r, onlardan yararlanarak Avrupa Birli\u011fine bizi sokacak anayasay\u0131 yapmak zorundad\u0131r. Gerisi hikayedir, bo\u015f laft\u0131r, d\u00fczeltemezsiniz. D\u00fczeltmek yeniden yapmaktan daha zordur&#8221; dedi.<\/p>\n<p style=\"text-align: justify;\"><strong>`T\u00dcRK\u0130YE BU ANAYASA \u0130LE AB&#8217;YE G\u0130REMEZ&#8217;<\/strong><\/p>\n<p style=\"text-align: justify;\">Yeni bir anayasa yap\u0131lmas\u0131n\u0131n zor oldu\u011funu vurgulayan Prof. Dr. Sami Sel\u00e7uk, &#8220;Yeni bir anayasa yap\u0131lmas\u0131 zordur ama T\u00fcrkiye mutlaka bunu ba\u015farmal\u0131d\u0131r. Se\u00e7menler, kendilerini y\u00f6netenleri buna zorlamak durumundad\u0131r. Bu anayasa ile demokrasi i\u015flemez, Avrupa Birli\u011fi&#8217;ne de T\u00fcrkiye giremez. \u0130\u015fin \u00f6zeti budur. Yeni anayasan\u0131n takip edilmesi gereken hususu tart\u0131\u015f\u0131l\u0131yor. Benim kan\u0131mca, \u015fu anda y\u00fczde 10 baraj\u0131n\u0131n bulundu\u011fu ve sadece birka\u00e7 partinin bulundu\u011fu, sivil toplum \u00f6rg\u00fctlerinin az oldu\u011fu, kamuoyunda say\u0131sal olarak \u00e7ok etkili olmad\u0131\u011f\u0131 T\u00fcrkiye&#8217;de herkesin g\u00f6r\u00fc\u015f\u00fcn\u00fc alabilecek ve almal\u0131 buna g\u00f6re bir anayasa yapmal\u0131d\u0131r. Bunun da yollar\u0131 bellidir. Hi\u00e7 kimse kendisi i\u00e7in anayasa yapmamal\u0131d\u0131r. T\u00fcrkiye ve T\u00fcrkiye&#8217;nin gelece\u011fi i\u00e7in s\u0131k s\u0131k de\u011fi\u015ftirilmeyecek, herkesi memnun edecek bir anayasa yapmal\u0131d\u0131r. T\u00fcrkiye bug\u00fcne kadar bunu ba\u015faramam\u0131\u015ft\u0131r. Onun nedenlerini ara\u015ft\u0131r\u0131r\u0131z, buna g\u00f6re bir anayasa yapabiliriz&#8221; dedi.<\/p>\n<p style=\"text-align: justify;\"><strong>TCK D\u00dcNYANIN EN K\u00d6T\u00dc YASALARINDAN B\u0130R\u0130<\/strong><\/p>\n<p style=\"text-align: justify;\">T\u00fcrk Ceza Kanunu&#8217;nu da ele\u015ftiren Prof. Dr. Sami Sel\u00e7uk, &#8220;\u015eu andaki T\u00fcrk Ceza Kanunu bana g\u00f6re d\u00fcnyan\u0131n en k\u00f6t\u00fc yasalar\u0131ndand\u0131r. Kimileri derki; k\u00f6t\u00fc yasalar\u0131 iyi hukuk\u00e7ular iyi uygular, yok b\u00f6yle bir \u015fey. Yasa k\u00f6t\u00fcyse ben onu oldu\u011fu gibi uygular\u0131m, onu de\u011fi\u015ftirmek yasaman\u0131n g\u00f6revidir. Nas\u0131l iyi uygulayacakm\u0131\u015f\u0131m. 141&#8217;inci madde varsa, Kom\u00fcnizm propagandas\u0131 varsa, ben o maddeyi sevmesem bile, ben sizi hapse t\u0131kar\u0131m. O kadar basit. Nas\u0131l iyi uygulayacakm\u0131\u015fs\u0131n\u0131z. K\u00f6t\u00fc yasalar iyi uygulan\u0131r veya iyi yasalar iyi k\u00f6t\u00fc uygulan\u0131r, yok b\u00f6yle bir \u015fey, o yanl\u0131\u015ft\u0131r&#8221; \u015feklinde konu\u015ftu.<\/p>\n<p style=\"text-align: justify;\"><strong>\u00dcLKE, KAR\u015eITLAR VE YANDA\u015eLAR OLARAK \u0130K\u0130Y\u0130 AYRILDI<\/strong><\/p>\n<p style=\"text-align: justify;\">Prof. Dr. Sel\u00e7uk, konferans sonunda dinleyecilerin sorular\u0131n\u0131 yan\u0131tlad\u0131. Ergenekon Davas\u0131&#8217;n\u0131n evrensel hukuk kurallar\u0131na uygun i\u015fleyip i\u015flemedi\u011fi y\u00f6n\u00fcnde soruyu Prof. Dr. Sel\u00e7uk, &#8220;Belgeleri incelemeden konu\u015famayaca\u011f\u0131n\u0131 ifade eden Sel\u00e7uk, &#8220;O belgeleri incelemeden bir \u015fey diyemiyorum. T\u00fcrkiye ikiye ayr\u0131ld\u0131. Ona kar\u015f\u0131 olanlar ve yanda\u015f olanlar. Bu yanl\u0131\u015ft\u0131r. Bir davan\u0131n yanda\u015f\u0131 kar\u015f\u0131t\u0131 olmaz. Bir Cumhuriyet Savc\u0131s\u0131, bir su\u00e7 i\u015flendi\u011fi y\u00f6n\u00fcnde ku\u015fku durumunda bile dava a\u00e7mak zorundad\u0131r. Ben bunu be\u011fenmedim, b\u00f6yle bir yetkisi yoktur. Bir dava ister b\u00fct\u00fcn kamuoyunu ilgilendirir veya ilgilendirmez. T\u00fcrkiye son derece duygusal bir toplumdur&#8221; dedi.<\/p>\n<p style=\"text-align: justify;\">Ergenekon ad\u0131n\u0131n yanl\u0131\u015f oldu\u011funu belirten Sel\u00e7uk, &#8220;Dava Ergenekon&#8217;dur, \u015fudur budur. Bir kere Ergenekon ad\u0131 yanl\u0131\u015ft\u0131r, k\u0131\u015fk\u0131rt\u0131c\u0131 s\u00f6zc\u00fckt\u00fcr. Bu davan\u0131n ad\u0131 T\u00fcrk Ceza Yasas\u0131&#8217;nda bellidir. O nedenle herhangi bir davadan fark\u0131 yoktur. Ancak size verilen yetkileri Cumhuriyet Savc\u0131s\u0131 olarak, yarg\u0131\u00e7 olarak \u00e7irkin de uygulayabilirsiniz g\u00fczel de. G\u00fczel uygularsan\u0131z, adaleti g\u00fczelle\u015ftirirsiniz. \u0130nsanlar\u0131 lekelemezsiniz. \u00c7\u00fcnk\u00fc insanlar\u0131n onurlar\u0131yla oynamak yanl\u0131\u015ft\u0131r. K\u00f6t\u00fc uygularsan\u0131z, \u00e7irkinlikler ya\u015fan\u0131r. Onlara meydan vermemek gerekir. G\u00fczel adaletin pe\u015finde olmak gerekir. Onun i\u00e7in dava a\u00e7\u0131lmal\u0131 m\u0131yd\u0131, a\u00e7\u0131lmamal\u0131 m\u0131yd\u0131&#8217; onu tart\u0131\u015fma kamuoyunun i\u015fi de\u011fildir. Yazarlar ve muhabirler, haber hakk\u0131n\u0131 kullan\u0131p b\u00f6ylesine kamuoyunu ilgilendiren bir davada elbette ki toplumu bilgilendirmek durumundad\u0131r. Ancak de\u011fer yarg\u0131s\u0131nda bulunamaz. Yarg\u0131c\u0131n yerine ge\u00e7erek h\u00fck\u00fcm kuramaz. Bu her g\u00fcn yap\u0131l\u0131yor. Her Allah&#8217;\u0131n g\u00fcn\u00fc yap\u0131l\u0131yor ve ben k\u0131n\u0131yorum bunlar\u0131, ay\u0131pl\u0131yorum. Ben savc\u0131lara g\u00f6revinizi yap\u0131n diyorum. Bunlar yanl\u0131\u015f. Sizin i\u015finiz halk\u0131 bilgilendirmektir. Bak\u0131yoruz, televizyon 15 dakika kan\u0131tlar\u0131 de\u011ferlendirmekle u\u011fra\u015f\u0131yor. Ben Yarg\u0131tay&#8217;\u0131n yarg\u0131c\u0131 olarak bile kan\u0131tlar\u0131 de\u011ferlendiremem. Onu duru\u015fma yapan yarg\u0131\u00e7 de\u011ferlendirir. Onun tekelindedir. Hukuk bilinci olan toplumda bunlar ya\u015famaz. Bir bilin\u00e7 eksikli\u011fimizde maalesef burada \u00e7\u0131k\u0131yor&#8221; dedi.<\/p>\n<p style=\"text-align: justify;\"><span style=\"color: #888888;\">Kaynak : Turan Kurt &#8211; Kastamonu &#8211; DHA<\/span><\/p>\n","protected":false},"excerpt":{"rendered":"<\/p>\n<p style=\"text-align: justify;\">Yarg\u0131tay Onursal Ba\u015fkan\u0131 Sami Sel\u00e7uk: `T\u00fcrkiye&#8217;de demokrasi nefes darl\u0131\u011f\u0131 \u00e7ekiyor&#8217;<\/p>\n<p style=\"text-align: justify;\">YARGITAY Ounrsal Ba\u015fkan\u0131 Prof. Dr. Sami Sel\u00e7uk, T\u00fcrkiye&#8217;de demokrasinin nefes darl\u0131\u011f\u0131 \u00e7ekti\u011fini belirterek, yeni bir anayasan\u0131n yap\u0131lmas\u0131 gerekti\u011fine i\u015faret etti, &#8220;Bu anayasa ile demokrasi i\u015flemez, Avrupa Birli\u011fi&#8217;ne de T\u00fcrkiye giremez&#8221; dedi.<\/p>\n<p style=\"text-align: justify;\">Kastamonu Truva Kitapevi&#8217;nde imza g\u00fcn\u00fcne kat\u0131lmak \u00fczere <\/p>\n","protected":false},"author":1,"featured_media":0,"comment_status":"open","ping_status":"closed","sticky":false,"template":"","format":"standard","meta":{"footnotes":""},"categories":[105],"tags":[],"class_list":["post-8932","post","type-post","status-publish","format-standard","hentry","category-gundem","odd"],"_links":{"self":[{"href":"http:\/\/www.korhanyilmaz.com\/index.php?rest_route=\/wp\/v2\/posts\/8932","targetHints":{"allow":["GET"]}}],"collection":[{"href":"http:\/\/www.korhanyilmaz.com\/index.php?rest_route=\/wp\/v2\/posts"}],"about":[{"href":"http:\/\/www.korhanyilmaz.com\/index.php?rest_route=\/wp\/v2\/types\/post"}],"author":[{"embeddable":true,"href":"http:\/\/www.korhanyilmaz.com\/index.php?rest_route=\/wp\/v2\/users\/1"}],"replies":[{"embeddable":true,"href":"http:\/\/www.korhanyilmaz.com\/index.php?rest_route=%2Fwp%2Fv2%2Fcomments&post=8932"}],"version-history":[{"count":0,"href":"http:\/\/www.korhanyilmaz.com\/index.php?rest_route=\/wp\/v2\/posts\/8932\/revisions"}],"wp:attachment":[{"href":"http:\/\/www.korhanyilmaz.com\/index.php?rest_route=%2Fwp%2Fv2%2Fmedia&parent=8932"}],"wp:term":[{"taxonomy":"category","embeddable":true,"href":"http:\/\/www.korhanyilmaz.com\/index.php?rest_route=%2Fwp%2Fv2%2Fcategories&post=8932"},{"taxonomy":"post_tag","embeddable":true,"href":"http:\/\/www.korhanyilmaz.com\/index.php?rest_route=%2Fwp%2Fv2%2Ftags&post=8932"}],"curies":[{"name":"wp","href":"https:\/\/api.w.org\/{rel}","templated":true}]}}