{"id":8922,"date":"2009-05-08T16:07:42","date_gmt":"2009-05-08T13:07:42","guid":{"rendered":"http:\/\/www.korhanyilmaz.com\/?p=8922"},"modified":"2009-05-08T16:07:42","modified_gmt":"2009-05-08T13:07:42","slug":"ergenekon-davasinda-kritik-soru","status":"publish","type":"post","link":"http:\/\/www.korhanyilmaz.com\/?p=8922","title":{"rendered":"Ergenekon davas\u0131nda kritik soru"},"content":{"rendered":"<p><img loading=\"lazy\" decoding=\"async\" class=\"aligncenter size-full wp-image-8924\" src=\"http:\/\/www.korhanyilmaz.com\/wp-content\/uploads\/2009\/05\/0905200901063861371251.jpg\" alt=\"\" width=\"320\" height=\"100\" \/><\/p>\n<p style=\"text-align: justify;\"><strong><span style=\"font-family: Arial;\">Tekin \u2018Mor da\u011flar\u2019 mesaj\u0131n\u0131 neden yollad\u0131?<\/span><\/strong><\/p>\n<p style=\"text-align: justify;\">Ergenekon davas\u0131nda Mahkeme Ba\u015fkan\u0131, Muzaffer Tekin\u2019e Dan\u0131\u015ftay sald\u0131r\u0131s\u0131ndan bir g\u00fcn \u00f6nce cep telefonundan g\u00f6nderdi\u011fi 65 mesaj\u0131 sordu. Tekin \u201cYine mor da\u011flara bulut \u00e7\u00f6k\u00fcyor\u201d diye ba\u015flayan mesaj\u0131 ho\u015funa gitti\u011fi i\u00e7in arkada\u015flar\u0131na yollad\u0131\u011f\u0131n\u0131 s\u00f6yledi.<\/p>\n<p style=\"text-align: justify;\">\u201cErgenekon\u201d davas\u0131n\u0131n d\u00fcn yap\u0131lan 83\u2019\u00fcnc\u00fc duru\u015fmas\u0131nda mahkeme, Dan\u0131\u015ftay sald\u0131r\u0131s\u0131yla ba\u011flant\u0131\u011f\u0131 oldu\u011fu iddia edilen san\u0131klar\u0131 \u00e7apraz sorguya ald\u0131. Dan\u0131\u015ftay sald\u0131r\u0131s\u0131n\u0131n azmettiricisi olmakla su\u00e7lanan tutuklu san\u0131klardan emekli y\u00fczba\u015f\u0131 Muzaffer Tekin, Osman Y\u0131ld\u0131r\u0131m\u2019\u0131 tan\u0131mad\u0131\u011f\u0131n\u0131 ve Yozgat Cezaevi\u2019nde onu ziyarete gitme\u011fini s\u00f6yledi. Tekin, Dan\u0131\u015ftay sald\u0131r\u0131s\u0131n\u0131n ger\u00e7ekle\u015fti\u011fi 17.05.2006 tarihinden bir g\u00fcn \u00f6nce subay olarak g\u00f6rev ald\u0131\u011f\u0131 d\u00f6nemde \u00f6\u011frencisi oldu\u011funu s\u00f6yledi\u011fi H\u00fcseyin Dedekal\u2019la mesajla\u015fmaya ba\u015flad\u0131\u011f\u0131n\u0131 a\u00e7\u0131klad\u0131.<!--more--><\/p>\n<p style=\"text-align: justify;\"><strong>Tam 64 kez<\/strong><\/p>\n<p style=\"text-align: justify;\">Mahkeme Ba\u015fkan\u0131 K\u00f6ksal \u015eeng\u00fcn, \u2019Dan\u0131\u015ftay sald\u0131r\u0131s\u0131n\u0131n oldu\u011fu gece kendi telefonunuzdan 64 mesaj \u00e7ektiniz. Bunlar\u0131n i\u00e7eri\u011fi hakk\u0131nda bilgi verir misiniz? \u201c diye sorunca Muzaffer Tekin 64 mesaj konusunun do\u011fru olmad\u0131\u011f\u0131n\u0131 s\u00f6yledi. Mesaj\u0131n i\u00e7eri\u011fini tam hat\u0131rlayamad\u0131\u011f\u0131n\u0131 belirten Tekin \u015f\u00f6yle devam etti; \u201d Yine mor da\u011flara bulut \u00e7\u00f6k\u00fcyor, o da\u011flarda kalanlar bilir\u2019\u015feklinde ifadeler vard\u0131. Ben de asker k\u00f6kenli oldu\u011fum i\u00e7in bu ifadeler ho\u015fuma gitti. Ben de ne kadar ayn\u0131 g\u00f6r\u00fc\u015fte oldu\u011fum insan varsa bu mesaj\u0131 g\u00f6nderdim. Dan\u0131\u015ftay sald\u0131r\u0131s\u0131n\u0131n bir gece \u00f6ncesine gelmesi ise bir tesad\u00fcf olmu\u015ftur\u2019. Bunun \u00fczerine \u015eeng\u00fcn \u201c130 mesaj trafi\u011fi g\u00f6r\u00fcl\u00fcyor sizde. Bunlardan yar\u0131s\u0131 sizin att\u0131\u011f\u0131n\u0131z mesaja geri d\u00f6n\u00fc\u015f olarak d\u00fc\u015f\u00fcn\u00fcl\u00fcrse yar\u0131s\u0131 sizin att\u0131\u011f\u0131n\u0131z mesaj denilebilr. Bu da 65 mesaja tekab\u00fcl ediyor. \u0130lk mesaj 0542 ile ba\u015flayan bir telefona yap\u0131lm\u0131\u015f. Teyit eder nitelikteki yaz\u0131\u015fman\u0131z\u0131 yapm\u0131\u015f oldu\u011funuz telefon numaras\u0131 kime aittir?\u201d dedi. Muzaffer Tekin \u2019Bu numara \u0130brahim \u015eahin olabilir\u2019dedi.<\/p>\n<p style=\"text-align: justify;\">Hakim K\u00f6ksal \u015eeng\u00fcn, tutuklu san\u0131k Muzaffer Tekin\u2019e Alparslan Arslan\u2019\u0131 nereden tan\u0131d\u0131\u011f\u0131n\u0131 sordu. San\u0131k Tekin bu soruya cevaben, \u201cBenim Kad\u0131k\u00f6y\u2019deki ofisimin hemen kar\u015f\u0131s\u0131nda bir hukuk b\u00fcrosu vard\u0131. Oradaki avukat arkada\u015flar Alparslan Aslan\u2019\u0131 getirirlerdi, hep beraber \u00e7ay filan i\u00e7erdik. Aslan\u2019\u0131n son ziyaretinin ard\u0131ndan 1.5 sene ge\u00e7ti. \u0130smini bu sefer Dan\u0131\u015ftay sald\u0131r\u0131s\u0131nda duydum. 1.5 sene boyunca hi\u00e7 g\u00f6rmedim.\u201d Mahkeme Ba\u015fkan\u0131 K\u00f6ksal \u015eeng\u00fcn\u2019\u00fcn \u201cErgenekon\u201d kapsam\u0131nda g\u00f6z alt\u0131na al\u0131nan ve g\u00f6zalt\u0131nda hastalan\u0131p hayat\u0131n\u0131 kaybeden i\u015f adam\u0131 Kuddusi Okk\u0131r\u2019\u0131n \u2019Devletin yeniden yap\u0131land\u0131r\u0131lmas\u0131\u2019 adl\u0131 belgeyi neden kendisine verdi\u011fi sorusuna ili\u015fkin ise \u015fu cevab\u0131 verdi:<\/p>\n<p style=\"text-align: justify;\"><strong>Partile\u015fme \u00e7abas\u0131<\/strong><\/p>\n<p style=\"text-align: justify;\">\u201cO d\u00f6nemde Ankara\u2019da bulunan Vatansever Kuvvetler G\u00fc\u00e7 Birli\u011fi, ileride partile\u015firse diye bir t\u00fcz\u00fck olarak bunu Say\u0131n Okk\u0131r haz\u0131rlam\u0131\u015ft\u0131. Benim olmad\u0131\u011f\u0131m bir s\u0131rada gelmi\u015f, ofisime b\u0131rakm\u0131\u015f. Ben geldi\u011fimde belgenin i\u00e7ine bile bakmad\u0131m sadece \u015f\u00f6yle bir kapa\u011f\u0131na g\u00f6z att\u0131m.\u201d<\/p>\n<p style=\"text-align: justify;\">Mahkeme heyetinin sorular\u0131n\u0131 cevapland\u0131ran emekli askerler Oktay Y\u0131ld\u0131r\u0131m ve Muzaffer Tekin ortak olarak sorulan \u015fu sorular\u0131n tamam\u0131na \u201chay\u0131r\u201d cevab\u0131n\u0131 verdiler.<\/p>\n<p style=\"text-align: justify;\">\u201cAskerlik d\u00f6neminizde yurtd\u0131\u015f\u0131nda \u00f6zel bir e\u011fitim ald\u0131n\u0131z m\u0131?\u201d, \u201c\u00d6zel Harp Dairesi ya da Seferberlik Tetkik Kurulu\u2019nda g\u00f6rev ald\u0131n\u0131z m\u0131?\u201d, \u201cEmeklilik sonras\u0131 NATO\u2019da g\u00f6rev ald\u0131n\u0131z m\u0131?\u201d, \u201cFikret Emek\u2019i (ayn\u0131 davadan tutuklu Kuvayi Milliye Derne\u011fi Ba\u015fkan\u0131) tan\u0131yor musunuz?\u201d, \u201c2006\u2019da Eski\u015fehir\u2019de bulundunuz mu?\u201d<\/p>\n<p style=\"text-align: justify;\">Muzaffer Tekin\u2019in SMS olarak att\u0131\u011f\u0131 \u015fiirin tamam\u0131, milliyet\u00e7i \u00e7izgideki \u00e7ok say\u0131da sitede yer al\u0131yor. \u0130\u015fte yazar\u0131 belirtilmeyen \u015fiirin tam metni:<\/p>\n<p style=\"text-align: justify;\">Yine mor da\u011flara duman \u00e7\u00f6k\u00fcyor,<\/p>\n<p style=\"text-align: justify;\">Duman\u0131 da\u011flarda kalanlar bilir,<\/p>\n<p style=\"text-align: justify;\">A\u011fa\u00e7lar derinden yaprak d\u00f6k\u00fcyor,<\/p>\n<p style=\"text-align: justify;\">Bu derdi a\u011fac\u0131 olanlar bilir,<\/p>\n<p style=\"text-align: justify;\">Can ile \u00f6denir yurdun diyeti,<\/p>\n<p style=\"text-align: justify;\">Bundad\u0131r T\u00fcrkl\u00fc\u011f\u00fcn mevcudiyeti,<\/p>\n<p style=\"text-align: justify;\">Allah Allah s\u00f6z\u00fcndeki kudreti,<\/p>\n<p style=\"text-align: justify;\">Harp meydanlar\u0131ndan gelenler bilir.<\/p>\n<p style=\"text-align: justify;\"><strong>O\u011flumu \u00f6ld\u00fcrd\u00fcler beni de \u00f6ld\u00fcreceklerdi <\/strong><\/p>\n<p style=\"text-align: justify;\">DURU\u015eMADA davan\u0131n kilit isimlerinden emekli Tuggeneral Veli K\u00fc\u00e7\u00fck s\u00f6z alarak hakk\u0131ndaki t\u00fcm su\u00e7lamalar\u0131 cevapland\u0131rd\u0131. T\u00fcrk Silahl\u0131 Kuvvetleri\u2019nin emekli ya da muazzaf subaylar\u0131n tutuklanmas\u0131 esnas\u0131nda s\u00fcrece m\u00fcdahele etmemesinin son derece hakl\u0131 oldu\u011fun s\u00f6yleyen K\u00fc\u00e7\u00fck, \u015funlar\u0131 s\u00f6yledi: \u201cTSK hakl\u0131yd\u0131. Su\u00e7um varsa burada hesab\u0131n\u0131 verece\u011fim, ancak hesap da alaca\u011f\u0131m. Kimse bana destek olmas\u0131n \u00e7\u00fcnk\u00fc su\u00e7lu de\u011filim. Bu davay\u0131 vahabi Fethullah\u2019\u0131n \u00f6rg\u00fctlenmesi g\u00f6t\u00fcr\u00fcyor. Ben ne yapt\u0131ysam devlet i\u00e7in yapt\u0131m.\u201d Dil Ovas\u0131 kod adl\u0131 gizli tan\u0131k H\u00fcseyin Tatl\u0131dil\u2019in kendisini \u00f6ld\u00fcrmek i\u00e7in emir ald\u0131\u011f\u0131n\u0131 Veli K\u00fc\u00e7\u00fck \u015fu s\u00f6zlerle anlatt\u0131: \u201cEski DHKPC\u2019li H\u00fcseyin Tatl\u0131gil beni \u00f6ld\u00fcrmek i\u00e7in \u00f6rg\u00fct\u00fcnden emir alm\u0131\u015ft\u0131. Bu emrin yerine getirilmesinden son anda vazge\u00e7tiler. Yine b\u00f6yle bir eylemde o\u011flumu kaybettim ben. Yine Tatl\u0131dil gibi bir gizli tan\u0131k olan Niyazi K\u0131yak bu davadan tutuklu Mehmet Fikri Karada\u011f\u2019\u0131 ba\u015fkan\u0131 oldu\u011fu Kuvayi Milliye Derne\u011fi\u2019ne gitti\u011fimi s\u00f6yl\u00fcyor. Oysa hi\u00e7 gitmedim.\u201d<\/p>\n<p style=\"text-align: justify;\">K\u00fc\u00e7\u00fck, Dan\u0131\u015ftay sald\u0131r\u0131s\u0131n\u0131n oldu\u011fu g\u00fcn \u0130stanbul eski Valisi Erol \u00c7ak\u0131r\u2019la odas\u0131nda oturdu\u011funu ve \u00c7ak\u0131r\u2019\u0131n cep telefonunu \u00e7ald\u0131\u011f\u0131n\u0131, telefon g\u00f6r\u00fc\u015fmesinin ard\u0131ndan Erol \u00c7ak\u0131r\u2019\u0131n kendisine \u201cAile dostumuz Mustafa adl\u0131 Dan\u0131\u015ftay\u2019da g\u00f6revli bir hakime eylem yapm\u0131\u015flar maalesef \u00f6lm\u00fc\u015f\u201d dedi\u011fini s\u00f6yledi.<\/p>\n<p style=\"text-align: justify;\"><strong>Kazada \u00f6len o\u011flunu unutam\u0131yor <\/strong><\/p>\n<p style=\"text-align: justify;\">Veli K\u00fc\u00e7\u00fck\u2019\u00fc tan\u0131yanlar o\u011flunun \u00f6l\u00fcm\u00fcn\u00fcn ya\u015fam\u0131nda derin bir iz b\u0131rakt\u0131\u011f\u0131n\u0131 s\u00f6yl\u00fcyor. K\u00fc\u00e7\u00fck\u2019\u00fcn yak\u0131nlar\u0131n\u0131n anlat\u0131m\u0131na g\u00f6re, hen\u00fcz \u00dcste\u011fmen r\u00fctbesiyle Samanda\u011f \u0130l\u00e7esi\u2019nde \u00c7evlik Seyyar Jandarma Karakol Komutan\u0131yken, s\u0131n\u0131rda ka\u00e7ak\u00e7\u0131l\u0131k yapanlarla amans\u0131z bir m\u00fccadele ba\u015flatt\u0131. Suriye s\u0131n\u0131r\u0131ndan ka\u00e7ak\u00e7\u0131l\u0131k yapanlar, kendilerine g\u00f6z a\u00e7t\u0131rmayan \u00dcste\u011fmen Veli K\u00fc\u00e7\u00fck\u2019\u00fc kaza s\u00fcs\u00fc vererek \u00f6ld\u00fcrmek istediler. \u00dcste\u011fmen Veli K\u00fc\u00e7\u00fck, e\u015fi ve 5 ya\u015f\u0131ndaki o\u011flu Cem\u2019le birlikte Samanda\u011f\u2019da gezmeye \u00e7\u0131kt\u0131klar\u0131 bir s\u0131rada, birileri \u00fczerlerine h\u0131zla otomobil s\u00fcrd\u00fc. E\u015fi yara almadan kurtulurken, Veli K\u00fc\u00e7\u00fck\u2019\u00fcn aya\u011f\u0131 k\u0131r\u0131ld\u0131, 5 ya\u015f\u0131ndaki o\u011flu Cem de otomobil alt\u0131nda can verdi. O\u011flunun kaza sonucu de\u011fil, ka\u00e7ak\u00e7\u0131lar\u0131n planl\u0131 sald\u0131r\u0131s\u0131 sonucu \u00f6ld\u00fcr\u00fcld\u00fc\u011f\u00fcn\u00fc iddia eden \u00dcste\u011fmen Veli K\u00fc\u00e7\u00fck, \u0130skenderun Asker Hastanesi\u2019ne kald\u0131r\u0131ld\u0131. Uzun s\u00fcre hastanede yatan \u00dcste\u011fmen K\u00fc\u00e7\u00fck, ka\u00e7ak\u00e7\u0131lara kar\u015f\u0131 ba\u015far\u0131l\u0131 \u00e7al\u0131\u015fmalar\u0131ndan dolay\u0131 r\u00fctbe verilerek \u00f6d\u00fcllendirildi.<\/p>\n<p style=\"text-align: justify;\"><span style=\"color: #888888;\">Kaynak : Vatan<\/span><\/p>\n","protected":false},"excerpt":{"rendered":"<\/p>\n<p style=\"text-align: justify;\">Tekin \u2018Mor da\u011flar\u2019 mesaj\u0131n\u0131 neden yollad\u0131?<\/p>\n<p style=\"text-align: justify;\">Ergenekon davas\u0131nda Mahkeme Ba\u015fkan\u0131, Muzaffer Tekin\u2019e Dan\u0131\u015ftay sald\u0131r\u0131s\u0131ndan bir g\u00fcn \u00f6nce cep telefonundan g\u00f6nderdi\u011fi 65 mesaj\u0131 sordu. Tekin \u201cYine mor da\u011flara bulut \u00e7\u00f6k\u00fcyor\u201d diye ba\u015flayan mesaj\u0131 ho\u015funa gitti\u011fi i\u00e7in arkada\u015flar\u0131na yollad\u0131\u011f\u0131n\u0131 s\u00f6yledi.<\/p>\n<p style=\"text-align: justify;\">\u201cErgenekon\u201d davas\u0131n\u0131n d\u00fcn yap\u0131lan 83\u2019\u00fcnc\u00fc duru\u015fmas\u0131nda mahkeme, Dan\u0131\u015ftay sald\u0131r\u0131s\u0131yla ba\u011flant\u0131\u011f\u0131 <\/p>\n","protected":false},"author":1,"featured_media":0,"comment_status":"open","ping_status":"closed","sticky":false,"template":"","format":"standard","meta":{"footnotes":""},"categories":[105],"tags":[],"class_list":["post-8922","post","type-post","status-publish","format-standard","hentry","category-gundem","odd"],"_links":{"self":[{"href":"http:\/\/www.korhanyilmaz.com\/index.php?rest_route=\/wp\/v2\/posts\/8922","targetHints":{"allow":["GET"]}}],"collection":[{"href":"http:\/\/www.korhanyilmaz.com\/index.php?rest_route=\/wp\/v2\/posts"}],"about":[{"href":"http:\/\/www.korhanyilmaz.com\/index.php?rest_route=\/wp\/v2\/types\/post"}],"author":[{"embeddable":true,"href":"http:\/\/www.korhanyilmaz.com\/index.php?rest_route=\/wp\/v2\/users\/1"}],"replies":[{"embeddable":true,"href":"http:\/\/www.korhanyilmaz.com\/index.php?rest_route=%2Fwp%2Fv2%2Fcomments&post=8922"}],"version-history":[{"count":0,"href":"http:\/\/www.korhanyilmaz.com\/index.php?rest_route=\/wp\/v2\/posts\/8922\/revisions"}],"wp:attachment":[{"href":"http:\/\/www.korhanyilmaz.com\/index.php?rest_route=%2Fwp%2Fv2%2Fmedia&parent=8922"}],"wp:term":[{"taxonomy":"category","embeddable":true,"href":"http:\/\/www.korhanyilmaz.com\/index.php?rest_route=%2Fwp%2Fv2%2Fcategories&post=8922"},{"taxonomy":"post_tag","embeddable":true,"href":"http:\/\/www.korhanyilmaz.com\/index.php?rest_route=%2Fwp%2Fv2%2Ftags&post=8922"}],"curies":[{"name":"wp","href":"https:\/\/api.w.org\/{rel}","templated":true}]}}