{"id":8918,"date":"2009-05-08T16:41:16","date_gmt":"2009-05-08T13:41:16","guid":{"rendered":"http:\/\/www.korhanyilmaz.com\/?p=8918"},"modified":"2009-05-08T16:41:16","modified_gmt":"2009-05-08T13:41:16","slug":"ergenekon-davasi-ile-danistay-davasi-birlesti","status":"publish","type":"post","link":"http:\/\/www.korhanyilmaz.com\/?p=8918","title":{"rendered":"Ergenekon davas\u0131 ile Dan\u0131\u015ftay davas\u0131 birle\u015fti"},"content":{"rendered":"<p style=\"text-align: center;\"><img loading=\"lazy\" decoding=\"async\" class=\"aligncenter size-full wp-image-8919\" title=\"Ergenekon davas\u0131 ile Dan\u0131\u015ftay davas\u0131 birle\u015fti \" src=\"http:\/\/www.korhanyilmaz.com\/wp-content\/uploads\/2009\/05\/090520090338284242271.jpg\" alt=\"Ergenekon davas\u0131 ile Dan\u0131\u015ftay davas\u0131 birle\u015fti \" width=\"329\" height=\"210\" \/><\/p>\n<p style=\"text-align: justify;\"><strong>\u0130stanbul 13. A\u011f\u0131r Ceza Mahkemesi, Dan\u0131\u015ftay\u2019a sald\u0131r\u0131 ve \u2018Ergenekon\u2019 davalar\u0131n\u0131n birle\u015ftirilmesi y\u00f6n\u00fcnde g\u00f6r\u00fc\u015f bildirilmesini kararla\u015ft\u0131rd\u0131. <\/strong><\/p>\n<p style=\"text-align: justify;\">\u0130STANBUL 13. A\u011f\u0131r Ceza Mahkemesi, Dan\u0131\u015ftay\u2019a sald\u0131r\u0131 ve \u201cErgenekon\u201d davalar\u0131n\u0131n birle\u015ftirilmesi y\u00f6n\u00fcnde g\u00f6r\u00fc\u015f bildirilmesine karar verdi. \u201cErgenekon\u201d davas\u0131n\u0131n g\u00f6r\u00fcld\u00fc\u011f\u00fc \u0130stanbul 13. A\u011f\u0131r Ceza Mahkemesi\u2019ndeki duru\u015fmada, Mahkeme Heyeti Ba\u015fkan\u0131 K\u00f6ksal \u015eeng\u00fcn, verilen 3 saatlik aran\u0131n ard\u0131ndan al\u0131nan kararlar\u0131 a\u00e7\u0131klad\u0131. Mahkemenin, s\u00f6z konusu davalar\u0131n birle\u015ftirilmesi y\u00f6n\u00fcnde g\u00f6r\u00fc\u015f bildirilmesine ili\u015fkin karar\u0131nda, Yarg\u0131tay\u2019\u0131n Dan\u0131\u015ftay\u2019a sald\u0131r\u0131 ve \u201cErgenekon\u201d davas\u0131 dosyalar\u0131n\u0131n birle\u015ftirilmesi y\u00f6n\u00fcndeki karar\u0131na Ankara 11. A\u011f\u0131r Ceza Mahkemesi\u2019nin direnmeyerek, \u0130stanbul 13. A\u011f\u0131r Ceza Mahkemesi\u2019nden muvafakat istedi\u011fi hat\u0131rlat\u0131ld\u0131. Kararda daha sonra \u015fu ifadelere yer verildi: <!--more--><\/p>\n<p style=\"text-align: justify;\"><strong>\u0130\u015fte birle\u015ftirme karar\u0131 <\/strong><\/p>\n<p style=\"text-align: justify;\">\u201cSan\u0131klar hakk\u0131ndaki sevk maddelerine g\u00f6re bir k\u0131s\u0131m su\u00e7lar\u0131n te\u015febb\u00fcs su\u00e7u, bir k\u0131s\u0131m su\u00e7lar\u0131n kesintisiz su\u00e7 olmas\u0131, CMK 12\/2. maddesi gere\u011fi bu su\u00e7lar bak\u0131m\u0131ndan yetkili mahkemenin son icrai hareketin yap\u0131ld\u0131\u011f\u0131 yer ve kesintinin meydana geldi\u011fi yer mahkemesi olmas\u0131, san\u0131klar\u0131n \u00e7o\u011funlu\u011funun yakaland\u0131\u011f\u0131 yerin ve iddianameye konu Dan\u0131\u015ftay sald\u0131r\u0131s\u0131 kapsam\u0131ndaki su\u00e7lar d\u0131\u015f\u0131nda i\u015flendi\u011fi iddia olunan di\u011fer su\u00e7lar\u0131n son icra hareketlerinin \u0130stanbul CMK 250. maddesine g\u00f6re yetkilendirilmi\u015f a\u011f\u0131r ceza mahkemeleri yarg\u0131 \u00e7evresi s\u0131n\u0131rlar\u0131 i\u00e7inde kalmas\u0131, \u2019Ayn\u0131 san\u0131klar ve eylemlerle ilgili kan\u0131tlar\u0131n bir arada toplan\u0131p bir b\u00fct\u00fcn olarak de\u011ferlendirilmesi suretiyle somut ger\u00e7e\u011fin en do\u011fru \u015fekilde ortaya \u00e7\u0131kar\u0131lmas\u0131 ve bu ger\u00e7e\u011fe daha \u00e7abuk ve kolay ula\u015f\u0131lmas\u0131\u2019, \u2019her iki mahkemenin dava dosyalar\u0131 aras\u0131nda san\u0131klar ve su\u00e7lar y\u00f6n\u00fcnden \u015fahsi, fiili ve hukuki irtibat bulunmas\u0131\u2019, \u2019dava usul ekonomisi\u2019, \u2019su\u00e7lardan birinin bir unsurunun veya cezas\u0131na tesir eden bir sebebin ispat\u0131, di\u011ferinin unsurunun veya cezas\u0131na tesir eden sebebin ispat\u0131na tesir etmesi\u2019 gibi Yarg\u0131tay Ceza ve Ceza Daireleri Genel Kurulu\u2019nun \u00e7e\u015fitli kararlar\u0131 g\u00f6z \u00f6n\u00fcnde bulunduruldu\u011funda, dosyam\u0131z san\u0131klar\u0131 ile Ankara 11. A\u011f\u0131r Ceza Mahkemesi\u2019nde an\u0131lan dava kapsam\u0131nda yarg\u0131lanmakta olan san\u0131klar aras\u0131nda her iki iddianame i\u00e7eri\u011fine g\u00f6re ki\u015fisel, fiili ve hukuki ba\u011flant\u0131n\u0131n bulundu\u011funun iddia edilmi\u015f olmas\u0131, dava usul ekonomisi, mahkememiz taraf\u0131ndan ikinci celsede yetki konusunda vermi\u015f oldu\u011fumuz karar ve de Yarg\u0131tay\u2019\u0131n ilam i\u00e7eri\u011fi gibi hususlar bir arada de\u011ferlendirilerek, Ankara 11. A\u011f\u0131r Ceza Mahkemesi dosyas\u0131n\u0131n mahkememizde birle\u015ftirilmesi y\u00f6n\u00fcnde muvafakat verilmesine, birle\u015ftirme karar\u0131 verilerek dosyan\u0131n mahkememize g\u00f6nderilmesi i\u00e7in Ankara 11. A\u011f\u0131r Ceza Mahkemesi\u2019ne yaz\u0131 yaz\u0131lmas\u0131na, dosya geldikten sonra yarg\u0131laman\u0131n bu dosyadan ayr\u0131 yap\u0131l\u0131p yap\u0131lamayaca\u011f\u0131 hususunun de\u011ferlendirilmesine.\u201d<\/p>\n<p style=\"text-align: justify;\"><strong>Ergenekon\u2019 davas\u0131nda 5 tahliye <\/strong><\/p>\n<p style=\"text-align: justify;\">\u201cErgenekon\u201d davas\u0131nda tutuklu 36 san\u0131ktan 5\u2019i tahliyesi edildi. \u0130stanbul 13. A\u011f\u0131r Ceza Mahkemesi, delil durumu, isnat edilen su\u00e7lar\u0131n vas\u0131f ve mahiyetleri, tutuklulukta ge\u00e7en s\u00fcreler ve su\u00e7 vasf\u0131n\u0131n de\u011fi\u015fme ihtimali dikkate al\u0131narak, san\u0131klar Bekir \u00d6zt\u00fcrk (Kuvvai Milliye Derne\u011fi Genel Ba\u015fkan\u0131), Abdullah Arapo\u011fullar\u0131 (Cep telefonu sat\u0131c\u0131s\u0131), Rasim G\u00f6r\u00fcm (Kuvvai Milliye Derne\u011fi\u2019nin 2. Adam\u0131 H\u00fcseyin G\u00f6r\u00fcm\u2019\u00fcn ye\u011feni, bombalar\u0131n da\u011f\u0131t\u0131m\u0131n\u0131 organize etti\u011fi iddia ediliyordu) O\u011fuz Alparslan Abd\u00fclkadir (Kuvvai Milliye Derne\u011fi\u2019ne al\u0131nacak 300 motosikletle uyu\u015fturucu kuryeli\u011fi yap\u0131laca\u011f\u0131n\u0131 iddia etmi\u015fti) ve Halil Behi\u00e7 G\u00fcrcihan\u2019\u0131n (Elektronik silah uzman\u0131) tahliyesini kararla\u015ft\u0131rd\u0131.<\/p>\n<p style=\"text-align: justify;\"><strong>Kaynak : Vatan<\/strong><\/p>\n","protected":false},"excerpt":{"rendered":"<p style=\"text-align: center;\">\n<p style=\"text-align: justify;\">\u0130stanbul 13. A\u011f\u0131r Ceza Mahkemesi, Dan\u0131\u015ftay\u2019a sald\u0131r\u0131 ve \u2018Ergenekon\u2019 davalar\u0131n\u0131n birle\u015ftirilmesi y\u00f6n\u00fcnde g\u00f6r\u00fc\u015f bildirilmesini kararla\u015ft\u0131rd\u0131. <\/p>\n<p style=\"text-align: justify;\">\u0130STANBUL 13. A\u011f\u0131r Ceza Mahkemesi, Dan\u0131\u015ftay\u2019a sald\u0131r\u0131 ve \u201cErgenekon\u201d davalar\u0131n\u0131n birle\u015ftirilmesi y\u00f6n\u00fcnde g\u00f6r\u00fc\u015f bildirilmesine karar verdi. \u201cErgenekon\u201d davas\u0131n\u0131n g\u00f6r\u00fcld\u00fc\u011f\u00fc \u0130stanbul 13. A\u011f\u0131r Ceza Mahkemesi\u2019ndeki duru\u015fmada, Mahkeme Heyeti Ba\u015fkan\u0131 K\u00f6ksal \u015eeng\u00fcn, verilen 3 <\/p>\n","protected":false},"author":1,"featured_media":0,"comment_status":"open","ping_status":"closed","sticky":false,"template":"","format":"standard","meta":{"footnotes":""},"categories":[105],"tags":[],"class_list":["post-8918","post","type-post","status-publish","format-standard","hentry","category-gundem","odd"],"_links":{"self":[{"href":"http:\/\/www.korhanyilmaz.com\/index.php?rest_route=\/wp\/v2\/posts\/8918","targetHints":{"allow":["GET"]}}],"collection":[{"href":"http:\/\/www.korhanyilmaz.com\/index.php?rest_route=\/wp\/v2\/posts"}],"about":[{"href":"http:\/\/www.korhanyilmaz.com\/index.php?rest_route=\/wp\/v2\/types\/post"}],"author":[{"embeddable":true,"href":"http:\/\/www.korhanyilmaz.com\/index.php?rest_route=\/wp\/v2\/users\/1"}],"replies":[{"embeddable":true,"href":"http:\/\/www.korhanyilmaz.com\/index.php?rest_route=%2Fwp%2Fv2%2Fcomments&post=8918"}],"version-history":[{"count":0,"href":"http:\/\/www.korhanyilmaz.com\/index.php?rest_route=\/wp\/v2\/posts\/8918\/revisions"}],"wp:attachment":[{"href":"http:\/\/www.korhanyilmaz.com\/index.php?rest_route=%2Fwp%2Fv2%2Fmedia&parent=8918"}],"wp:term":[{"taxonomy":"category","embeddable":true,"href":"http:\/\/www.korhanyilmaz.com\/index.php?rest_route=%2Fwp%2Fv2%2Fcategories&post=8918"},{"taxonomy":"post_tag","embeddable":true,"href":"http:\/\/www.korhanyilmaz.com\/index.php?rest_route=%2Fwp%2Fv2%2Ftags&post=8918"}],"curies":[{"name":"wp","href":"https:\/\/api.w.org\/{rel}","templated":true}]}}