{"id":8911,"date":"2009-05-08T15:31:10","date_gmt":"2009-05-08T13:31:10","guid":{"rendered":"http:\/\/www.korhanyilmaz.com\/?p=8911"},"modified":"2009-05-08T15:31:10","modified_gmt":"2009-05-08T13:31:10","slug":"cindoruk%e2%80%99a-oy-ergenekon%e2%80%99a-gider","status":"publish","type":"post","link":"http:\/\/www.korhanyilmaz.com\/?p=8911","title":{"rendered":"Cindoruk\u2019a oy Ergenekon\u2019a gider"},"content":{"rendered":"<p style=\"text-align: justify;\"><img loading=\"lazy\" decoding=\"async\" class=\"aligncenter size-full wp-image-8912\" src=\"http:\/\/www.korhanyilmaz.com\/wp-content\/uploads\/2009\/05\/090520090200028185940.jpg\" alt=\"\" width=\"329\" height=\"210\" \/><\/p>\n<p style=\"text-align: justify;\">Eski \u0130stanbul Milletvekili Ayd\u0131n Menderes, H\u00fcsamettin Cindoruk\u2019un DP Genel Ba\u015fkan adayl\u0131\u011f\u0131n\u0131 susarak ge\u00e7i\u015ftiremeyece\u011fini ifade ederek, Cindoruk\u2019a y\u00f6nelik a\u011f\u0131r ele\u015ftirilerde bulundu.<\/p>\n<p style=\"text-align: justify;\">Menderes, \u201cH\u00fcsamettin Cindoruk i\u00e7in verilecek her oy DP ve Adnan Menderes\u2019in hat\u0131ras\u0131na sayg\u0131s\u0131zl\u0131k, demokrasiye ve egemenli\u011fin kay\u0131ts\u0131z \u015farts\u0131z millete ait oldu\u011fu ilkesine kar\u015f\u0131 olmak anlam\u0131na gelecektir. Cindoruk\u2019a verilecek her oy darbecili\u011fe, Ergenekonculu\u011fa, siyasete iki y\u00fczl\u00fcl\u00fc\u011fe verilmi\u015f bir oy anlam\u0131na gelecektir\u201d dedi.<\/p>\n<p style=\"text-align: justify;\"><span style=\"color: #888888;\">Kaynak : Vatan<\/span><\/p>\n","protected":false},"excerpt":{"rendered":"<p style=\"text-align: justify;\">\n<p style=\"text-align: justify;\">Eski \u0130stanbul Milletvekili Ayd\u0131n Menderes, H\u00fcsamettin Cindoruk\u2019un DP Genel Ba\u015fkan adayl\u0131\u011f\u0131n\u0131 susarak ge\u00e7i\u015ftiremeyece\u011fini ifade ederek, Cindoruk\u2019a y\u00f6nelik a\u011f\u0131r ele\u015ftirilerde bulundu.<\/p>\n<p style=\"text-align: justify;\">Menderes, \u201cH\u00fcsamettin Cindoruk i\u00e7in verilecek her oy DP ve Adnan Menderes\u2019in hat\u0131ras\u0131na sayg\u0131s\u0131zl\u0131k, demokrasiye ve egemenli\u011fin kay\u0131ts\u0131z \u015farts\u0131z millete ait oldu\u011fu ilkesine kar\u015f\u0131 olmak anlam\u0131na gelecektir. Cindoruk\u2019a verilecek <\/p>\n","protected":false},"author":1,"featured_media":0,"comment_status":"open","ping_status":"closed","sticky":false,"template":"","format":"standard","meta":{"footnotes":""},"categories":[105],"tags":[],"class_list":["post-8911","post","type-post","status-publish","format-standard","hentry","category-gundem","odd"],"_links":{"self":[{"href":"http:\/\/www.korhanyilmaz.com\/index.php?rest_route=\/wp\/v2\/posts\/8911","targetHints":{"allow":["GET"]}}],"collection":[{"href":"http:\/\/www.korhanyilmaz.com\/index.php?rest_route=\/wp\/v2\/posts"}],"about":[{"href":"http:\/\/www.korhanyilmaz.com\/index.php?rest_route=\/wp\/v2\/types\/post"}],"author":[{"embeddable":true,"href":"http:\/\/www.korhanyilmaz.com\/index.php?rest_route=\/wp\/v2\/users\/1"}],"replies":[{"embeddable":true,"href":"http:\/\/www.korhanyilmaz.com\/index.php?rest_route=%2Fwp%2Fv2%2Fcomments&post=8911"}],"version-history":[{"count":0,"href":"http:\/\/www.korhanyilmaz.com\/index.php?rest_route=\/wp\/v2\/posts\/8911\/revisions"}],"wp:attachment":[{"href":"http:\/\/www.korhanyilmaz.com\/index.php?rest_route=%2Fwp%2Fv2%2Fmedia&parent=8911"}],"wp:term":[{"taxonomy":"category","embeddable":true,"href":"http:\/\/www.korhanyilmaz.com\/index.php?rest_route=%2Fwp%2Fv2%2Fcategories&post=8911"},{"taxonomy":"post_tag","embeddable":true,"href":"http:\/\/www.korhanyilmaz.com\/index.php?rest_route=%2Fwp%2Fv2%2Ftags&post=8911"}],"curies":[{"name":"wp","href":"https:\/\/api.w.org\/{rel}","templated":true}]}}