{"id":8905,"date":"2009-05-08T11:23:50","date_gmt":"2009-05-08T09:23:50","guid":{"rendered":"http:\/\/www.korhanyilmaz.com\/?p=8905"},"modified":"2009-05-08T11:23:50","modified_gmt":"2009-05-08T09:23:50","slug":"darbeciyi-ressam-yaptik","status":"publish","type":"post","link":"http:\/\/www.korhanyilmaz.com\/?p=8905","title":{"rendered":"Darbeciyi ressam yapt\u0131k"},"content":{"rendered":"<p style=\"text-align: center;\"><a href=\"http:\/\/www.korhanyilmaz.com\/wp-content\/uploads\/2009\/05\/090520090150416612538.jpg\"  class=\"lightview\"><img loading=\"lazy\" decoding=\"async\" class=\"aligncenter size-full wp-image-8906\" title=\"Darbeciyi ressam yapt\u0131k \" src=\"http:\/\/www.korhanyilmaz.com\/wp-content\/uploads\/2009\/05\/090520090150416612538.jpg\" alt=\"Darbeciyi ressam yapt\u0131k \" width=\"329\" height=\"210\" \/><\/a><\/p>\n<p style=\"text-align: justify;\"><strong>Ertu\u011frul G\u00fcnay&#8217;dan \u00e7ok sert 12 Eyl\u00fcl ele\u015ftirisi <\/strong><\/p>\n<p style=\"text-align: justify;\">12 Eyl\u00fcl darbesini a\u011f\u0131r bir dille ele\u015ftiren K\u00fclt\u00fcr Bakan\u0131 G\u00fcnay, \u201cBu \u00fclkede insanlar ne kadar ak\u0131ls\u0131z olmal\u0131 ki bir darbeci generale d\u00fcnyan\u0131n ba\u015fka \u00fclkesinde katil muamelesi yap\u0131l\u0131rken \u00fclkemizde ressam sanat\u00e7\u0131 muamelesi yap\u0131ld\u0131\u201d dedi<\/p>\n<p style=\"text-align: justify;\">ANKARA- K\u00fclt\u00fcr ve Turizm Bakan\u0131 Ertu\u011frul G\u00fcnay, 12. Uluslararas\u0131 U\u00e7an S\u00fcp\u00fcrge Film Festivali\u2019nin a\u00e7\u0131l\u0131\u015f\u0131nda, 12 Eyl\u00fcl d\u00f6nemi politikalar\u0131n\u0131 a\u011f\u0131r bir dille ele\u015ftirdi. A\u00e7\u0131l\u0131\u015f\u0131 TRT 2\u2019den naklen yay\u0131nlanan festivalin bu y\u0131lki ana temas\u0131 12 Ey\u00fcl olarak belilrendi. G\u00fcnay konu\u015fmas\u0131nda \u015funlar\u0131 s\u00f6yledi: 80\u2019li y\u0131llar\u0131n haf\u0131zalardan hi\u00e7 \u00e7\u0131kar\u0131lmamas\u0131 gerekir. 80\u2019li y\u0131llar T\u00fcrkiye\u2019nin bir b\u00fcy\u00fck tuzaktan ge\u00e7erek bir b\u00fcy\u00fck \u00e7ukura d\u00fc\u015ft\u00fc\u011f\u00fc ve hala i\u00e7inden \u00e7\u0131kmak i\u00e7in \u00e7\u0131rp\u0131nd\u0131\u011f\u0131 en karanl\u0131k y\u0131llar\u0131d\u0131r. <!--more--><\/p>\n<p style=\"text-align: justify;\">T\u00fcrkiye 60 y\u0131ldan bu yana demokrasi deneyimi ya\u015f\u0131yor. Ama 12 Mart\u2019ta, 12 Eyl\u00fcl\u2019de \u00e7ok b\u00fcy\u00fck tuzaklar ya\u015fand\u0131 ve halk iradesinin \u00f6n\u00fcne inan\u0131lmaz engeller konuldu. Ve bundan hep halk zararl\u0131 \u00e7\u0131kt\u0131. Bu \u00fclkede insanlar ne kadar ak\u0131ls\u0131z olmal\u0131 ki bunca darbe ya\u015fand\u0131ktan sonra ve biraz \u00f6nce sevgili Rojin de s\u00f6yledi; bir darbeci generale d\u00fcnyan\u0131n ba\u015fka \u00fclkesinde katil muamelesi yap\u0131l\u0131rken, \u00fclkemizde ressam-sanat\u00e7\u0131 muamelesi yap\u0131ld\u0131\u011f\u0131n\u0131 ya\u015fad\u0131k biz. Ba\u015fka \u00fclkelerde yarg\u0131dan kurtulmak i\u00e7in bunak rol\u00fcn\u00fc yapt\u0131lar, bizim \u00fclkemizde hala alk\u0131\u015flanabiliyorlar. Bununla T\u00fcrkiye kendi i\u00e7inde, y\u00fcre\u011finde mutlaka hesapla\u015fmal\u0131d\u0131r.<\/p>\n<p style=\"text-align: center;\"><a href=\"http:\/\/www.korhanyilmaz.com\/wp-content\/uploads\/2009\/05\/080520091122314835606_3.jpg\"  class=\"lightview\"><img loading=\"lazy\" decoding=\"async\" class=\"aligncenter size-full wp-image-8908\" src=\"http:\/\/www.korhanyilmaz.com\/wp-content\/uploads\/2009\/05\/080520091122314835606_3.jpg\" alt=\"\" width=\"400\" height=\"214\" \/><\/a><\/p>\n<p style=\"text-align: justify;\"><strong>\u201cT\u00fcrk\u00e7e a\u011fla\u201d <\/strong><\/p>\n<p style=\"text-align: justify;\">Bu \u00fclkede insanlar demokrasiden, insan haklar\u0131ndan, halk oyunun her \u015feyin \u00fcst\u00fcnde oldu\u011fundan hi\u00e7bir zaman \u00f6d\u00fcn vermezse, T\u00fcrkiye k\u00fclt\u00fcrle, sanatla, bilimle, Atat\u00fcrk\u2019\u00fcn g\u00f6sterdi\u011fi \u00e7a\u011fda\u015f uygarl\u0131k d\u00fczeyine ancak y\u00fcr\u00fcyebilir. Yolumuzu demokrasi ayd\u0131nlatabilir, insan haklar\u0131 ayd\u0131nlatabilir. Bu \u00fclkede insanlara, \u00f6len \u00e7ocuklar\u0131na a\u011flayan annelere \u2019T\u00fcrk\u00e7e a\u011fla\u2019diye dip\u00e7ikle vuruldu\u011fu y\u0131llar\u0131 haf\u0131zam\u0131zdan \u00e7\u0131kar\u0131p da, nas\u0131l bu \u00fclkede insanlar hala ilericilik ad\u0131na darbe k\u0131\u015fk\u0131rt\u0131c\u0131l\u0131\u011f\u0131 ve \u2019ordu g\u00f6reve\u2019pankartlar\u0131 a\u00e7abilirler ve yapabilirler, bunu ak\u0131lla tarif etmek m\u00fcmk\u00fcn de\u011fil. Bu \u00fclkede demokrasi var ve sadece demokrasi var.<\/p>\n<p style=\"text-align: justify;\"><strong>Salondan tepki <\/strong><\/p>\n<p style=\"text-align: justify;\">Konu\u015fmas\u0131 s\u0131ras\u0131nda salondan tepkiler de alan Bakan, \u00e7\u0131k\u0131\u015fta kendisine y\u00f6neltilen sorular \u00fczerine, \u201cBen bir tepki duyamad\u0131m, ben sahnede konu\u015fuyordum, sesim yeteri kadar duyuluyordu salonda. Salondaki arkada\u015flar\u0131 duyamad\u0131m\u201d a\u00e7\u0131klamas\u0131nda bulundu.<\/p>\n<p style=\"text-align: center;\"><a href=\"http:\/\/www.korhanyilmaz.com\/wp-content\/uploads\/2009\/05\/080520091122565074213_3.jpg\"  class=\"lightview\"><img loading=\"lazy\" decoding=\"async\" class=\"aligncenter size-full wp-image-8907\" src=\"http:\/\/www.korhanyilmaz.com\/wp-content\/uploads\/2009\/05\/080520091122565074213_3.jpg\" alt=\"\" width=\"400\" height=\"255\" \/><\/a><\/p>\n<p style=\"text-align: justify;\"><strong>Abs\u00fcrtl\u00fckler ya\u015fad\u0131k <\/strong><\/p>\n<p style=\"text-align: justify;\">O d\u00f6nemde herkes b\u00fcy\u00fck ac\u0131lar ya\u015fad\u0131. Festival kapsam\u0131nda a\u00e7\u0131lan \u201c12 Eyl\u00fcl\u201d temal\u0131 mektup sergisine, kendimin ve e\u015fimin \u201cg\u00f6r\u00fclm\u00fc\u015ft\u00fcr\u201d imzal\u0131 mektuplar\u0131 ile \u00e7ocuklar\u0131m\u0131n kartpostallar\u0131n\u0131 getirebilirim. Nice yalanlar g\u00f6rd\u00fck. Ben bir y\u0131l hat\u0131rl\u0131yorum, Zeki M\u00fcren T\u00fcrkiye\u2019nin en b\u00fcy\u00fck erkek sanat\u00e7\u0131s\u0131, B\u00fclent Ersoy en b\u00fcy\u00fck kad\u0131n sanat\u00e7\u0131s\u0131 se\u00e7ilmi\u015fti, b\u00f6yle bir abs\u00fcrt, dramatik, toplumun akl\u0131n\u0131n kar\u0131\u015ft\u0131r\u0131lmaya \u00e7al\u0131\u015f\u0131ld\u0131\u011f\u0131 d\u00f6nemlerden ge\u00e7tik.<\/p>\n<p style=\"text-align: justify;\"><strong>\u0130stifa etsin <\/strong><\/p>\n<p style=\"text-align: justify;\">B\u00fclent Ersoy, G\u00fcnay\u2019\u0131n s\u00f6zlerini tepki g\u00f6sterdi: \u201c\u0130nsan insand\u0131r art\u0131 musikinin ve icraakarlar\u0131n\u0131n dili, dini, \u0131rk\u0131 ve cinsiyeti olamaz. G\u00fcnay e\u011fer bu durumdan muzdarip ise acilen istifa etmeli.<\/p>\n<p style=\"text-align: justify;\"><span style=\"color: #888888;\">Kaynak : Vatan<\/span><\/p>\n","protected":false},"excerpt":{"rendered":"<p style=\"text-align: center;\">\n<p style=\"text-align: justify;\">Ertu\u011frul G\u00fcnay&#8217;dan \u00e7ok sert 12 Eyl\u00fcl ele\u015ftirisi <\/p>\n<p style=\"text-align: justify;\">12 Eyl\u00fcl darbesini a\u011f\u0131r bir dille ele\u015ftiren K\u00fclt\u00fcr Bakan\u0131 G\u00fcnay, \u201cBu \u00fclkede insanlar ne kadar ak\u0131ls\u0131z olmal\u0131 ki bir darbeci generale d\u00fcnyan\u0131n ba\u015fka \u00fclkesinde katil muamelesi yap\u0131l\u0131rken \u00fclkemizde ressam sanat\u00e7\u0131 muamelesi yap\u0131ld\u0131\u201d dedi<\/p>\n<p style=\"text-align: justify;\">ANKARA- K\u00fclt\u00fcr ve Turizm Bakan\u0131 <\/p>\n","protected":false},"author":1,"featured_media":0,"comment_status":"open","ping_status":"closed","sticky":false,"template":"","format":"standard","meta":{"footnotes":""},"categories":[105],"tags":[],"class_list":["post-8905","post","type-post","status-publish","format-standard","hentry","category-gundem","odd"],"_links":{"self":[{"href":"http:\/\/www.korhanyilmaz.com\/index.php?rest_route=\/wp\/v2\/posts\/8905","targetHints":{"allow":["GET"]}}],"collection":[{"href":"http:\/\/www.korhanyilmaz.com\/index.php?rest_route=\/wp\/v2\/posts"}],"about":[{"href":"http:\/\/www.korhanyilmaz.com\/index.php?rest_route=\/wp\/v2\/types\/post"}],"author":[{"embeddable":true,"href":"http:\/\/www.korhanyilmaz.com\/index.php?rest_route=\/wp\/v2\/users\/1"}],"replies":[{"embeddable":true,"href":"http:\/\/www.korhanyilmaz.com\/index.php?rest_route=%2Fwp%2Fv2%2Fcomments&post=8905"}],"version-history":[{"count":0,"href":"http:\/\/www.korhanyilmaz.com\/index.php?rest_route=\/wp\/v2\/posts\/8905\/revisions"}],"wp:attachment":[{"href":"http:\/\/www.korhanyilmaz.com\/index.php?rest_route=%2Fwp%2Fv2%2Fmedia&parent=8905"}],"wp:term":[{"taxonomy":"category","embeddable":true,"href":"http:\/\/www.korhanyilmaz.com\/index.php?rest_route=%2Fwp%2Fv2%2Fcategories&post=8905"},{"taxonomy":"post_tag","embeddable":true,"href":"http:\/\/www.korhanyilmaz.com\/index.php?rest_route=%2Fwp%2Fv2%2Ftags&post=8905"}],"curies":[{"name":"wp","href":"https:\/\/api.w.org\/{rel}","templated":true}]}}