{"id":8901,"date":"2009-05-08T16:21:15","date_gmt":"2009-05-08T13:21:15","guid":{"rendered":"http:\/\/www.korhanyilmaz.com\/?p=8901"},"modified":"2009-05-08T16:21:15","modified_gmt":"2009-05-08T13:21:15","slug":"buyukanita-tepkiler","status":"publish","type":"post","link":"http:\/\/www.korhanyilmaz.com\/?p=8901","title":{"rendered":"B\u00fcy\u00fckan\u0131t&#039;a tepkiler"},"content":{"rendered":"<p style=\"text-align: center;\"><img loading=\"lazy\" decoding=\"async\" class=\"aligncenter size-full wp-image-8902\" title=\"B\u00fcy\u00fckan\u0131t'a tepkiler \" src=\"http:\/\/www.korhanyilmaz.com\/wp-content\/uploads\/2009\/05\/363893406694.bmp.jpg\" alt=\"B\u00fcy\u00fckan\u0131t'a tepkiler \" width=\"329\" height=\"210\" \/><\/p>\n<p style=\"text-align: justify;\">32. G\u00fcn program\u0131nda tarihi a\u00e7\u0131klamalar yapan eski Genelkurmay Ba\u015fkan\u0131 Ya\u015far B\u00fcy\u00fckan\u0131t&#8217;a askeri ve sivil kanattan gelen tepkiler&#8230;<\/p>\n<p style=\"text-align: justify;\"><strong>G.Kurmay: Emekli personelin \u015fahsi fikridir <\/strong><\/p>\n<p style=\"text-align: justify;\">ANKARA &#8211; G.Kurmay Ba\u015fkanl\u0131\u011f\u0131 \u0130leti\u015fim Daire Ba\u015fkan\u0131 Tu\u011fgeneral Metin G\u00fcrak, B\u00fcy\u00fckan\u0131t\u2019\u0131n a\u00e7\u0131klamalar\u0131 i\u00e7in \u015f\u00f6yle dedi: \u201cTSK\u2019dan emekli olmu\u015f personelin kamuoyuna yans\u0131yan g\u00f6r\u00fc\u015f ve d\u00fc\u015f\u00fcnceleri, tamamen kendi g\u00f6r\u00fc\u015fleridir. Biz de\u011ferlendirme yapamay\u0131z. TSK, g\u00f6rev ve sorumluluk alan\u0131 kapsam\u0131nda ve kendisine verilen yasal s\u0131n\u0131rlar i\u00e7erisinde \u00e7al\u0131\u015fmalar\u0131n\u0131 ve ili\u015fkilerini y\u00fcr\u00fctmekte ve olabilecek g\u00f6r\u00fc\u015f ve \u00f6nerilerini de ilgili makamlara iletmektedir.\u201d <!--more--><\/p>\n<p style=\"text-align: justify;\"><strong>MHP: Tavr\u0131n\u0131 do\u011fru bulmad\u0131k <\/strong><\/p>\n<p style=\"text-align: justify;\">ANKARA &#8211; MHP Grup Ba\u015fkanvekili Mehmet \u015eand\u0131r, B\u00fcy\u00fckan\u0131t\u2019\u0131n a\u00e7\u0131klamalar\u0131 i\u00e7in, \u201cBaz\u0131 insanlar\u0131n konu\u015fma hakk\u0131 yoktur, yapmak zorundas\u0131n\u0131zd\u0131r. Biz Say\u0131n B\u00fcy\u00fckan\u0131t\u2019\u0131n s\u00f6ylediklerinden \u00e7ok, tavr\u0131n\u0131 do\u011fru bulmad\u0131k\u201d dedi. \u015eand\u0131r, \u015f\u00f6yle dedi: \u201cEski G.Kurmay Ba\u015fkan\u0131 \u00e7ok \u00f6nemli \u015feyler s\u00f6yledi. Ama d\u00fcn bu konular\u0131n takip\u00e7isi olma g\u00f6revlisiydi. O zaman \u2019g\u00f6revinizi yapmad\u0131n\u0131z\u2019 m\u0131 diye sorarlar?\u201d<\/p>\n<p style=\"text-align: justify;\"><strong>Y\u0131ld\u0131r\u0131m: Dinleniyorsa gere\u011fini yapmal\u0131yd\u0131 <\/strong><\/p>\n<p style=\"text-align: justify;\">Ula\u015ft\u0131rma Bakan\u0131 Binali Y\u0131ld\u0131r\u0131m, yasal kurullar d\u0131\u015f\u0131nda dinleme yap\u0131lmas\u0131n\u0131n su\u00e7 oldu\u011funu s\u00f6yledi. Yasal olmayan dinlemede elde edilen bilgilerin delil olarak kullan\u0131lamayaca\u011f\u0131n\u0131 vurgulayan Y\u0131ld\u0131r\u0131m, \u201cBurada bir \u00e7eli\u015fki var, telefonunun dinlenildi\u011fini s\u00f6yleyenler \u015fikayet\u00e7i olmuyor. Gidip savc\u0131ya \u015fikayet edecekler, \u2019Telefonum dinleniliyor\u2019 diyecekler. Eski Genelkurmay Ba\u015fkan\u0131 da b\u00f6yle bir endi\u015fe ya\u015f\u0131yorduysa bunun gere\u011fini yapmal\u0131yd\u0131\u201d diye konu\u015ftu.<\/p>\n<p style=\"text-align: justify;\"><strong>\u0130yimaya: Pozitif beyanlar de\u011fil <\/strong><\/p>\n<p style=\"text-align: justify;\">TBMM Adalet Komisyonu Ba\u015fkan\u0131 AKP\u2019li Ahmet \u0130yimaya, B\u00fcy\u00fckan\u0131t\u2019\u0131n a\u00e7\u0131klamalar\u0131n\u0131 \u015f\u00f6yle de\u011ferlendirdi: \u201cDemokrasi s\u0131nav\u0131nda pozitif kar\u015f\u0131lanmayacak beyanlar olarak g\u00f6r\u00fcyorum. Ge\u00e7mi\u015fte olan\u0131, kendisine g\u00f6re yorumlad\u0131. 27 Nisan muht\u0131ras\u0131n\u0131n, demokrasinin bir kriteriyle \u00f6rt\u00fc\u015fmesi m\u00fcmk\u00fcn de\u011fil\u201d. \u0130yimaya, \u201cB\u00fcy\u00fckan\u0131t\u2019\u0131n, \u2019\u0130ki tank \u00e7\u0131kar\u0131p durduramazd\u0131m\u2019 s\u00f6zleriyle ilgili olarak da, \u201cYarg\u0131 organlar\u0131nca y\u00fcr\u00fct\u00fclen bir davaya ili\u015fkin pozitif ya da negatif anlam ifade eden beyanlarda bulunamam\u201d dedi.<\/p>\n<p style=\"text-align: justify;\"><span style=\"color: #888888;\">Kaynak : Vatan<\/span><\/p>\n","protected":false},"excerpt":{"rendered":"<p style=\"text-align: center;\">\n<p style=\"text-align: justify;\">32. G\u00fcn program\u0131nda tarihi a\u00e7\u0131klamalar yapan eski Genelkurmay Ba\u015fkan\u0131 Ya\u015far B\u00fcy\u00fckan\u0131t&#8217;a askeri ve sivil kanattan gelen tepkiler&#8230;<\/p>\n<p style=\"text-align: justify;\">G.Kurmay: Emekli personelin \u015fahsi fikridir <\/p>\n<p style=\"text-align: justify;\">ANKARA &#8211; G.Kurmay Ba\u015fkanl\u0131\u011f\u0131 \u0130leti\u015fim Daire Ba\u015fkan\u0131 Tu\u011fgeneral Metin G\u00fcrak, B\u00fcy\u00fckan\u0131t\u2019\u0131n a\u00e7\u0131klamalar\u0131 i\u00e7in \u015f\u00f6yle dedi: \u201cTSK\u2019dan emekli olmu\u015f personelin kamuoyuna yans\u0131yan g\u00f6r\u00fc\u015f ve <\/p>\n","protected":false},"author":1,"featured_media":0,"comment_status":"open","ping_status":"closed","sticky":false,"template":"","format":"standard","meta":{"footnotes":""},"categories":[105],"tags":[],"class_list":["post-8901","post","type-post","status-publish","format-standard","hentry","category-gundem","odd"],"_links":{"self":[{"href":"http:\/\/www.korhanyilmaz.com\/index.php?rest_route=\/wp\/v2\/posts\/8901","targetHints":{"allow":["GET"]}}],"collection":[{"href":"http:\/\/www.korhanyilmaz.com\/index.php?rest_route=\/wp\/v2\/posts"}],"about":[{"href":"http:\/\/www.korhanyilmaz.com\/index.php?rest_route=\/wp\/v2\/types\/post"}],"author":[{"embeddable":true,"href":"http:\/\/www.korhanyilmaz.com\/index.php?rest_route=\/wp\/v2\/users\/1"}],"replies":[{"embeddable":true,"href":"http:\/\/www.korhanyilmaz.com\/index.php?rest_route=%2Fwp%2Fv2%2Fcomments&post=8901"}],"version-history":[{"count":0,"href":"http:\/\/www.korhanyilmaz.com\/index.php?rest_route=\/wp\/v2\/posts\/8901\/revisions"}],"wp:attachment":[{"href":"http:\/\/www.korhanyilmaz.com\/index.php?rest_route=%2Fwp%2Fv2%2Fmedia&parent=8901"}],"wp:term":[{"taxonomy":"category","embeddable":true,"href":"http:\/\/www.korhanyilmaz.com\/index.php?rest_route=%2Fwp%2Fv2%2Fcategories&post=8901"},{"taxonomy":"post_tag","embeddable":true,"href":"http:\/\/www.korhanyilmaz.com\/index.php?rest_route=%2Fwp%2Fv2%2Ftags&post=8901"}],"curies":[{"name":"wp","href":"https:\/\/api.w.org\/{rel}","templated":true}]}}