{"id":8896,"date":"2009-05-08T09:05:17","date_gmt":"2009-05-08T07:05:17","guid":{"rendered":"http:\/\/www.korhanyilmaz.com\/?p=8896"},"modified":"2009-05-08T09:05:17","modified_gmt":"2009-05-08T07:05:17","slug":"kafkaslarda-umut","status":"publish","type":"post","link":"http:\/\/www.korhanyilmaz.com\/?p=8896","title":{"rendered":"Kafkaslar&#039;da umut"},"content":{"rendered":"<p style=\"text-align: center;\"><img loading=\"lazy\" decoding=\"async\" class=\"aligncenter size-full wp-image-8897\" title=\"Kafkaslar'da umut \" src=\"http:\/\/www.korhanyilmaz.com\/wp-content\/uploads\/2009\/05\/4497fb76-8825-4902-8ec2-eb655c79781d.jpg\" alt=\"Kafkaslar'da umut \" width=\"333\" height=\"175\" \/><\/p>\n<div class=\"haber_spot line_height_def\" style=\"margin-right: 5px; text-align: justify;\"><strong> 20 y\u0131ld\u0131r rafta duran Da\u011fl\u0131k Karaba\u011f sorununda Azeri ve Ermeni liderler ilk defa prensipte anla\u015ft\u0131. \u00c7\u00f6z\u00fcm i\u00e7in bir takvim ve yol haritas\u0131 olu\u015fmaya ba\u015flad\u0131. Bu y\u0131l\u0131n sonuna kadar somut sonuca var\u0131lmas\u0131 bekleniyor.<\/strong><\/div>\n<div class=\"haber_spot line_height_def\" style=\"margin-right: 5px; text-align: justify;\"><strong><br \/>\n<\/strong><\/div>\n<p><!-- Kald\u0131rd\u0131k --> <!-- Kald\u0131rd\u0131k --><\/p>\n<div class=\"haber haber_renk line_height_def\" style=\"margin-right: 5px; text-align: justify;\"><span class=\"ver11\"> T\u00fcrkiye ile Ermenistan aras\u0131nda 2007 y\u0131l\u0131nda ba\u015flayan g\u00f6r\u00fc\u015fmelerin ilk meyvesi d\u00fcn geldi. Azerbaycan ile Ermenistan aras\u0131nda 20 y\u0131l\u0131 a\u015fk\u0131n s\u00fcredir donmu\u015f durumda olan Da\u011fl\u0131k Karaba\u011f sorununda iki \u00fclke lideri, T\u00fcrkiye, ABD ve AB&#8217;nin de deste\u011fiyle ilk defa anla\u015fmakta anla\u015ft\u0131. Cumhurba\u015fkanlar\u0131 \u0130lham Aliyev ve Serj Sarkisyan, ABD&#8217;nin Prag B\u00fcy\u00fckel\u00e7ili\u011fi&#8217;nde g\u00f6r\u00fc\u015ft\u00fc. <!--more-->\u0130ki lider, y\u0131llard\u0131r uzla\u015famad\u0131klar\u0131, Da\u011fl\u0131k Karaba\u011f&#8217;\u0131n stat\u00fcs\u00fcn\u00fcn belirlenmesi, i\u015fgalin sona erme s\u00fcrecinde ge\u00e7ici stat\u00fcs\u00fc ve Kelbecer&#8217;den \u00e7ekilme taahh\u00fcd\u00fcnde anla\u015ft\u0131. Erivan-Ankara aras\u0131ndaki 22 Nisan&#8217;da a\u00e7\u0131klanan yol haritas\u0131na paralel olarak Da\u011fl\u0131k Karaba\u011f sorununun 2009 y\u0131l\u0131 i\u00e7erisinde \u00e7\u00f6z\u00fclece\u011fine ili\u015fkin Sarkisyan ve Aliyev g\u00f6r\u00fc\u015fmesi ilk \u0131\u015f\u0131k oldu. \u0130ki lider, Minsk s\u00fcreci \u00e7er\u00e7evesinde g\u00f6r\u00fc\u015fmelerin D\u0131\u015fi\u015fleri Bakanlar\u0131 Mehmet Yarov ve Nalbantyan arac\u0131l\u0131yla yap\u0131lmas\u0131na karar verdi. Diplomatik kaynaklar, &#8220;G\u00f6rd\u00fc\u011f\u00fcn\u00fcz gibi Karaba\u011f s\u00fcreci ilk kez uluslar aras\u0131 bas\u0131n\u0131n g\u00fcndemine ta\u015f\u0131nd\u0131. Bu T\u00fcrkiye&#8217;nin Ermenistan a\u00e7\u0131l\u0131m\u0131n\u0131n bir sonucudur. Bunun sonu\u00e7lar\u0131n\u0131 yak\u0131n zamanda daha somut g\u00f6rece\u011fiz&#8221; bilgisini verdi.<br \/>\n<strong><br \/>\nANKARA&#8217;YA ANINDA B\u0130LG\u0130 <\/strong><br \/>\nCumhurba\u015fkan\u0131 Abdullah G\u00fcl, bu kritik g\u00f6r\u00fc\u015fmeler \u0131\u015f\u0131\u011f\u0131nda Prag&#8217;da ilk olarak Azerbaycan Cumhurba\u015fkan\u0131 ilhan Aliyev ile bir araya geldi. Ancak bu g\u00f6r\u00fc\u015fme \u00f6ncesinde, ABD&#8217;li diplomatlardan Aliyev-Sarkisyan g\u00f6r\u00fc\u015fmesine ili\u015fkin bilgi al\u0131nd\u0131. ABD D\u0131\u015fi\u015fleri Bakan Yard\u0131mc\u0131s\u0131 Matt Bryza, Sarkisyan ve Aliyev g\u00f6r\u00fc\u015fmesinin hemen ard\u0131ndan D\u0131\u015fi\u015fleri M\u00fcste\u015far\u0131 Ertu\u011frul Apakan ile g\u00f6r\u00fc\u015ft\u00fc. Apakan, iki liderin aras\u0131ndaki g\u00f6r\u00fc\u015fmede sa\u011flanan mutabakata dair bilgi ald\u0131. Ard\u0131ndan saat 18.30&#8217;da Bryza ve B\u00fcy\u00fckel\u00e7i Morningstar, D\u0131\u015fi\u015fleri Bakan\u0131 Ahmet Davudo\u011flu&#8217;na g\u00f6r\u00fc\u015fmeyle ilgili bilgi verdi.<br \/>\n<strong><br \/>\nGER\u0130DE KALDI \u0130K\u0130 SORUN <\/strong><br \/>\nBryza, &#8220;\u0130lk defa \u00e7ok fazla ilerleme sa\u011fland\u0131. Bu defa Ermenistan ge\u00e7ici stat\u00fcy\u00fc tart\u0131\u015fmay\u0131 kabul etti. Azerbaycan da ilk defa referandumu tart\u0131\u015ft\u0131. Bunun ad\u0131n\u0131 ba\u015fka \u015fekilde koyarak da tan\u0131mlayabiliriz. Ama bu y\u0131l sonuna kadar \u00f6n\u00fcm\u00fcze somut sonu\u00e7 \u00e7\u0131kacak&#8221; dedi. Bryza , g\u00f6r\u00fc\u015fmelerin bu a\u015famadan sonra D\u0131\u015fi\u015fleri Bakanlar\u0131 taraf\u0131ndan s\u00fcrece\u011fini ve y\u0131l kadar prensip anla\u015fmas\u0131n\u0131 sa\u011flamay\u0131 umut ettiklerini s\u00f6yledi. G\u00f6r\u00fc\u015fmelere ili\u015fkin bilgi veren \u00fcst d\u00fczey bir D\u0131\u015fi\u015fleri yetkilisi de, &#8220;\u0130ki \u00fclke Madrid Temel Prensipleri \u00fczerinde 3 prensipte daha anla\u015ft\u0131. Zaten toplam 14 ba\u015fl\u0131k var. Bunlardan 5&#8217;i \u00e7ekilecek reyonlard\u0131. Di\u011ferleri de Karaba\u011f&#8217;\u0131n silahs\u0131zland\u0131r\u0131lmas\u0131, buradaki may\u0131nlar\u0131n temizlenmesi gibi konular. \u015eimdi sadece iki konu kald\u0131 bunlar da La\u00e7in Koridoru&#8217;nun geni\u015fli\u011fi ve g\u00fcvenli\u011fi ile ka\u00e7k\u0131nlar\u0131n ne zaman ve nas\u0131l d\u00f6nece\u011fi&#8221; dedi.<br \/>\n<strong><br \/>\nG\u00dcL: M\u00dcSPET GEL\u0130\u015eMELER VAR <\/strong><br \/>\nHemen ard\u0131ndan da Cumhurba\u015fkan\u0131 G\u00fcl, Azerbaycan Cumhurba\u015fkan\u0131 Aliyev ile biraraya geldi. G\u00fcl, Aliyev ile yapt\u0131\u011f\u0131 g\u00f6r\u00fc\u015fmede, Sarkisyan bulu\u015fmas\u0131na ili\u015fkin bilgi ald\u0131. Aliyev&#8217;in g\u00f6r\u00fc\u015fme s\u0131ras\u0131nda &#8216;\u00c7ok tatminkar olmad\u0131\u011f\u0131n\u0131&#8217; belirten diplomatik kaynaklar, bunun Bak\u00fc&#8217;n\u00fcn bir s\u00fcredir uygulad\u0131\u011f\u0131 &#8216;taktik diplomasi&#8217; oldu\u011funa i\u015faret etti. G\u00fcl&#8217;\u00fcn ise Aliyev&#8217;e &#8220;Sizi ve Azerbaycanl\u0131 karde\u015flerimizi \u00fczecek hi\u00e7bir \u00e7\u00f6z\u00fcme taraf olmay\u0131z&#8221; dedi\u011fi \u00f6\u011frenildi. G\u00fcl, konuk liderlerin kat\u0131ld\u0131\u011f\u0131 resmi ak\u015fam yeme\u011finin ard\u0131ndan Ermenistan Cumhurba\u015fkan\u0131 Serj Sarkisyan ile g\u00f6r\u00fc\u015ft\u00fc. Aliyev ve G\u00fcl, ayn\u0131 otelde kald\u0131klar\u0131 i\u00e7in konaklad\u0131klar\u0131 mekanda biraraya gelirken, G\u00fcl ve Sarkisyan, bulu\u015fmak i\u00e7in \u00fc\u00e7\u00fcnc\u00fc bir oteli tercih etti. Bu kritik bulu\u015fma i\u00e7in de Mandarin Otel belirlendi. G\u00fcl, Sarkisyan ile g\u00f6r\u00fc\u015fmesinin ard\u0131ndan yapt\u0131\u011f\u0131 a\u00e7\u0131klamada, &#8220;Aliyev-Sarkisyan g\u00f6r\u00fc\u015fmesinde m\u00fcspet geli\u015fmeler duymaktan memnun olduk. Bu konularda negatif de\u011fil, pozitif ili\u015fki var. \u00dcmit ediyorum ki, b\u00fcy\u00fck bir bar\u0131\u015f ortam\u0131 ortaya \u00e7\u0131kar&#8221; dedi. Cumhurba\u015fkan\u0131 G\u00fcl, Sarkisyan&#8217;\u0131 Ekim ay\u0131nda Kayseri&#8217;de oynanacak T\u00fcrkiye- Ermenistan milli ma\u00e7\u0131n\u0131n r\u00f6van\u015f\u0131na davet etti. Sarkisyan da g\u00f6r\u00fc\u015fme sonras\u0131nda Da\u011fl\u0131k Karaba\u011f s\u00fcreciyle ilgili &#8220;M\u00fczakerelerde \u00f6nko\u015ful olmamas\u0131 konusunda fikir birli\u011fine vard\u0131k. Anla\u015fmalara sayg\u0131l\u0131y\u0131z ama \u00f6nko\u015ful olamaz&#8221; dedi.<\/p>\n<p><strong>Prag&#8217;\u0131n ilkleri<\/strong><br \/>\n* Prag&#8217;da \u0130lham Aliyev ilk defa ad\u0131 referandum olmasa da Da\u011fl\u0131k Karaba\u011f&#8217;\u0131n stat\u00fcs\u00fcn\u00fcn nas\u0131l belirlenece\u011fini tart\u0131\u015fmay\u0131 kabul etti.<br \/>\n* Sarkisyan ilk defa i\u015fgalin sona ermesi s\u00fcrecinde bir ge\u00e7ici stat\u00fcn\u00fcn belirlenmesini kabul etti.<br \/>\n* Ermenistan i\u015fgal etti\u011fi yedi b\u00f6lgeden bug\u00fcne kadar \u00e7ekilmeyi kabul etti\u011fi be\u015f kasaba d\u0131\u015f\u0131nda ilk defa Kelbecer&#8217;den be\u015f y\u0131l sonras\u0131 i\u00e7in \u00e7ekilmeyi de taahh\u00fct etti.<\/p>\n<p><strong>Kritik takvim<\/strong><br \/>\nAliyev ve Sarkisyan&#8217;\u0131n ikinci g\u00f6r\u00fc\u015fmesi Haziran ay\u0131nda Petersburg&#8217;da olacak. Bu g\u00f6r\u00fc\u015fmenin ard\u0131ndan da sonraki g\u00f6r\u00fc\u015fme Temmuz ay\u0131nda G-8 Zirvesi s\u0131ras\u0131nda ger\u00e7ekle\u015fecek. \u0130ki liderin y\u0131l sonuna kadar bir metin \u00fczerinde mutabakat sa\u011flanmas\u0131 i\u00e7in ise \u00e7al\u0131\u015f\u0131lacak.<\/p>\n<p><strong>&#8216;2009 \u00e7\u00f6z\u00fcm i\u00e7in f\u0131rsat&#8217;<\/strong><br \/>\nPrag&#8217;a giderken u\u00e7akta bulunan gazetecilerle sohbet eden Cumhurba\u015fkan\u0131 G\u00fcl, &#8220;2009 y\u0131l\u0131n\u0131n Kafkasya ve K\u00fcrk sorununun \u00e7\u00f6z\u00fcm\u00fc i\u00e7in bir f\u0131rsat oldu\u011funu&#8221; s\u00f6yledi. G\u00fcl, K\u00fcrt sorunu ile y\u00fczle\u015fmek i\u00e7in f\u0131rsat\u0131n ka\u00e7\u0131r\u0131lmamas\u0131 gerekti\u011fini kaydetti. Cumhurba\u015fkan\u0131 G\u00fcl, sand\u0131ktan yeni \u00e7\u0131kan iktidarlar\u0131n sorunlar\u0131n \u00e7\u00f6z\u00fcm\u00fc i\u00e7in ad\u0131m atmalar\u0131n\u0131 gerekti\u011fini s\u00f6yledi. Kafkasya&#8217;daki sorunun taraflar\u0131n birbirini rencide etmeden, pozisyonlar\u0131n\u0131 yok saymadan ve ad\u0131m ad\u0131m gidilerek \u00e7\u00f6z\u00fclebilece\u011fini vurgulayan G\u00fcl, Azerbaycan ve Ermenistan i\u00e7in de \u00e7\u00f6z\u00fcm f\u0131rsat\u0131n\u0131n ka\u00e7\u0131r\u0131lmamas\u0131 gerekti\u011fini kaydetti.<\/p>\n<p><strong>Zirvenin ortak bildirisi<br \/>\n<\/strong>&#8220;AB-Do\u011fu ortakl\u0131\u011f\u0131 zirvesi&#8221; sonucunda ortak bildiri yay\u0131nland\u0131. Birlik \u00fcyesi olmayan Do\u011fu Avrupa \u00fclkelerinin devlet veya h\u00fck\u00fcmet ba\u015fkanlar\u0131 d\u00fczeyinde kat\u0131ld\u0131klar\u0131 zirvenin sonunda yay\u0131mlanan bildiride, &#8220;AB-Do\u011fu Ortakl\u0131\u011f\u0131 projesinin, birli\u011fin mevcut kom\u015fuluk politikalar\u0131na e\u015f de\u011ferde olup, AB&#8217;nin di\u011fer b\u00f6lgesel politikalar\u0131 olan transatlantik, Akdeniz i\u00e7in i\u015fbirli\u011fi ve AB-ABD ili\u015fkileriyle de ayn\u0131 de\u011ferde oldu\u011fu&#8221; vurguland\u0131. Bildiriyi a\u00e7\u0131klayanlardan AB Komisyonu temsilcilerinden Javier Solana bir soru \u00fczerine zirvede Yukar\u0131 Karaba\u011f sorununun konu\u015fulmad\u0131\u011f\u0131n\u0131 s\u00f6yledi.<\/p>\n<p><\/span><\/div>\n<div class=\"clear_both\" style=\"text-align: justify;\"><span class=\"ver11\"><span style=\"color: #888888;\">Kaynak : Sabah<\/span><\/span><\/div>\n","protected":false},"excerpt":{"rendered":"<p style=\"text-align: center;\">\n<p> 20 y\u0131ld\u0131r rafta duran Da\u011fl\u0131k Karaba\u011f sorununda Azeri ve Ermeni liderler ilk defa prensipte anla\u015ft\u0131. \u00c7\u00f6z\u00fcm i\u00e7in bir takvim ve yol haritas\u0131 olu\u015fmaya ba\u015flad\u0131. Bu y\u0131l\u0131n sonuna kadar somut sonuca var\u0131lmas\u0131 bekleniyor. <\/p>\n<p> T\u00fcrkiye ile Ermenistan aras\u0131nda 2007 y\u0131l\u0131nda ba\u015flayan g\u00f6r\u00fc\u015fmelerin ilk meyvesi d\u00fcn geldi. Azerbaycan ile Ermenistan aras\u0131nda 20 y\u0131l\u0131 <\/p>\n","protected":false},"author":1,"featured_media":0,"comment_status":"open","ping_status":"closed","sticky":false,"template":"","format":"standard","meta":{"footnotes":""},"categories":[105],"tags":[],"class_list":["post-8896","post","type-post","status-publish","format-standard","hentry","category-gundem","odd"],"_links":{"self":[{"href":"http:\/\/www.korhanyilmaz.com\/index.php?rest_route=\/wp\/v2\/posts\/8896","targetHints":{"allow":["GET"]}}],"collection":[{"href":"http:\/\/www.korhanyilmaz.com\/index.php?rest_route=\/wp\/v2\/posts"}],"about":[{"href":"http:\/\/www.korhanyilmaz.com\/index.php?rest_route=\/wp\/v2\/types\/post"}],"author":[{"embeddable":true,"href":"http:\/\/www.korhanyilmaz.com\/index.php?rest_route=\/wp\/v2\/users\/1"}],"replies":[{"embeddable":true,"href":"http:\/\/www.korhanyilmaz.com\/index.php?rest_route=%2Fwp%2Fv2%2Fcomments&post=8896"}],"version-history":[{"count":0,"href":"http:\/\/www.korhanyilmaz.com\/index.php?rest_route=\/wp\/v2\/posts\/8896\/revisions"}],"wp:attachment":[{"href":"http:\/\/www.korhanyilmaz.com\/index.php?rest_route=%2Fwp%2Fv2%2Fmedia&parent=8896"}],"wp:term":[{"taxonomy":"category","embeddable":true,"href":"http:\/\/www.korhanyilmaz.com\/index.php?rest_route=%2Fwp%2Fv2%2Fcategories&post=8896"},{"taxonomy":"post_tag","embeddable":true,"href":"http:\/\/www.korhanyilmaz.com\/index.php?rest_route=%2Fwp%2Fv2%2Ftags&post=8896"}],"curies":[{"name":"wp","href":"https:\/\/api.w.org\/{rel}","templated":true}]}}