{"id":8892,"date":"2009-05-08T10:04:29","date_gmt":"2009-05-08T07:04:29","guid":{"rendered":"http:\/\/www.korhanyilmaz.com\/?p=8892"},"modified":"2009-05-08T10:04:29","modified_gmt":"2009-05-08T07:04:29","slug":"sanayi-uretimi-20-9-geriledi","status":"publish","type":"post","link":"http:\/\/www.korhanyilmaz.com\/?p=8892","title":{"rendered":"Sanayi \u00fcretimi % 20.9 geriledi"},"content":{"rendered":"<p style=\"text-align: center;\"><img loading=\"lazy\" decoding=\"async\" class=\"aligncenter size-full wp-image-8893\" title=\"Sanayi \u00fcretimi % 20.9 geriledi \" src=\"http:\/\/www.korhanyilmaz.com\/wp-content\/uploads\/2009\/05\/363893406691.bmp.jpg\" alt=\"Sanayi \u00fcretimi % 20.9 geriledi \" width=\"333\" height=\"175\" \/><\/p>\n<p style=\"text-align: justify;\"><strong>Mart ay\u0131nda sanayi \u00fcretimi y\u00fczde 20.9 geriledi.<\/strong><\/p>\n<p style=\"text-align: justify;\">T\u00fcrkiye&#8217;nin sanayi \u00fcretimi Mart ay\u0131nda, 2008 y\u0131l\u0131n\u0131n ayn\u0131 ay\u0131na k\u0131yasla y\u00fczde 20,9 oran\u0131nda azald\u0131.<\/p>\n<p style=\"text-align: justify;\">T\u00fcrkiye \u0130statistik Kurumu (T\u00dc\u0130K), 2009 Mart Ay\u0131 Sanayi \u00dcretim Endeksi sonu\u00e7lar\u0131n\u0131 a\u00e7\u0131klad\u0131.<\/p>\n<p style=\"text-align: justify;\">Sanayinin alt sekt\u00f6rleri incelendi\u011finde, 2009 y\u0131l\u0131 Mart ay\u0131nda, bir \u00f6nceki y\u0131l\u0131n ayn\u0131 ay\u0131na g\u00f6re Madencilik ve Ta\u015focak\u00e7\u0131l\u0131\u011f\u0131 sekt\u00f6r\u00fc endeksinde y\u00fczde 9,7, \u0130malat Sanayi sekt\u00f6r\u00fc endeksinde y\u00fczde 23,5, Elektrik, Gaz ve Su sekt\u00f6r\u00fc endeksinde y\u00fczde 3,3 azal\u0131\u015f g\u00f6zlendi.<\/p>\n<p style=\"text-align: justify;\">\n","protected":false},"excerpt":{"rendered":"<p style=\"text-align: center;\">\n<p style=\"text-align: justify;\">Mart ay\u0131nda sanayi \u00fcretimi y\u00fczde 20.9 geriledi.<\/p>\n<p style=\"text-align: justify;\">T\u00fcrkiye&#8217;nin sanayi \u00fcretimi Mart ay\u0131nda, 2008 y\u0131l\u0131n\u0131n ayn\u0131 ay\u0131na k\u0131yasla y\u00fczde 20,9 oran\u0131nda azald\u0131.<\/p>\n<p style=\"text-align: justify;\">T\u00fcrkiye \u0130statistik Kurumu (T\u00dc\u0130K), 2009 Mart Ay\u0131 Sanayi \u00dcretim Endeksi sonu\u00e7lar\u0131n\u0131 a\u00e7\u0131klad\u0131.<\/p>\n<p style=\"text-align: justify;\">Sanayinin alt sekt\u00f6rleri incelendi\u011finde, 2009 y\u0131l\u0131 Mart ay\u0131nda, bir \u00f6nceki y\u0131l\u0131n <\/p>\n","protected":false},"author":1,"featured_media":0,"comment_status":"open","ping_status":"closed","sticky":false,"template":"","format":"standard","meta":{"footnotes":""},"categories":[7],"tags":[],"class_list":["post-8892","post","type-post","status-publish","format-standard","hentry","category-ekonomi","odd"],"_links":{"self":[{"href":"http:\/\/www.korhanyilmaz.com\/index.php?rest_route=\/wp\/v2\/posts\/8892","targetHints":{"allow":["GET"]}}],"collection":[{"href":"http:\/\/www.korhanyilmaz.com\/index.php?rest_route=\/wp\/v2\/posts"}],"about":[{"href":"http:\/\/www.korhanyilmaz.com\/index.php?rest_route=\/wp\/v2\/types\/post"}],"author":[{"embeddable":true,"href":"http:\/\/www.korhanyilmaz.com\/index.php?rest_route=\/wp\/v2\/users\/1"}],"replies":[{"embeddable":true,"href":"http:\/\/www.korhanyilmaz.com\/index.php?rest_route=%2Fwp%2Fv2%2Fcomments&post=8892"}],"version-history":[{"count":0,"href":"http:\/\/www.korhanyilmaz.com\/index.php?rest_route=\/wp\/v2\/posts\/8892\/revisions"}],"wp:attachment":[{"href":"http:\/\/www.korhanyilmaz.com\/index.php?rest_route=%2Fwp%2Fv2%2Fmedia&parent=8892"}],"wp:term":[{"taxonomy":"category","embeddable":true,"href":"http:\/\/www.korhanyilmaz.com\/index.php?rest_route=%2Fwp%2Fv2%2Fcategories&post=8892"},{"taxonomy":"post_tag","embeddable":true,"href":"http:\/\/www.korhanyilmaz.com\/index.php?rest_route=%2Fwp%2Fv2%2Ftags&post=8892"}],"curies":[{"name":"wp","href":"https:\/\/api.w.org\/{rel}","templated":true}]}}