{"id":8866,"date":"2009-05-08T09:07:55","date_gmt":"2009-05-08T06:07:55","guid":{"rendered":"http:\/\/www.korhanyilmaz.com\/?p=8866"},"modified":"2009-05-08T09:07:55","modified_gmt":"2009-05-08T06:07:55","slug":"biz-ak-parti%e2%80%99yiz-akp-demeyin-uzuluyoruz","status":"publish","type":"post","link":"http:\/\/www.korhanyilmaz.com\/?p=8866","title":{"rendered":"Biz Ak Parti\u2019yiz, AKP demeyin \u00fcz\u00fcl\u00fcyoruz"},"content":{"rendered":"<p style=\"text-align: center;\"><img loading=\"lazy\" decoding=\"async\" class=\"aligncenter size-full wp-image-8867\" title=\"Biz Ak Parti\u2019yiz, AKP demeyin \u00fcz\u00fcl\u00fcyoruz \" src=\"http:\/\/www.korhanyilmaz.com\/wp-content\/uploads\/2009\/05\/080520090905593792407.jpg\" alt=\"Biz Ak Parti\u2019yiz, AKP demeyin \u00fcz\u00fcl\u00fcyoruz \" width=\"329\" height=\"210\" \/><strong><\/strong><\/p>\n<p style=\"text-align: justify;\"><strong><span style=\"font-family: Arial;\">Emekli Org. \u015eener Eruygur\u2019dan ele ge\u00e7irilen Genelkurmay g\u00f6r\u00fc\u015fme zab\u0131tlar\u0131nda ilgin\u00e7 diyalog<\/span><\/strong><\/p>\n<p style=\"text-align: justify;\">Ba\u015fbakan Recep Tayyip Erdo\u011fan\u2019\u0131n 2004 y\u0131l\u0131nda d\u00f6nemin Genelkurmay Ba\u015fkan\u0131 Orgeneral Hilmi \u00d6zk\u00f6k ve kuvvet komutanlar\u0131yla Genelkurmay\u2019da yapt\u0131\u011f\u0131 g\u00f6r\u00fc\u015fmenin zab\u0131tlar\u0131, Ergenekon ek klas\u00f6rleri aras\u0131ndan \u00e7\u0131kt\u0131. Emekli Orgeneral \u015eener Eruygur\u2019dan ele ge\u00e7irilen belgeler aras\u0131nda bulunan tutanaklar, \u201cBa\u015fbakan\u2019la yap\u0131lan g\u00f6r\u00fc\u015fmenin zab\u0131tlar\u0131, 15 Ocak 2004\u201d ba\u015fl\u0131\u011f\u0131n\u0131 ta\u015f\u0131yor.<\/p>\n<p style=\"text-align: justify;\"><strong><\/strong><\/p>\n<p style=\"text-align: justify;\"><span style=\"font-family: Arial,Verdana,Helvetica,sans-serif; font-size: x-small;\"><!--more--><\/span><\/p>\n<p style=\"text-align: justify;\">Zab\u0131tlara g\u00f6re komutanlar ad\u0131na konu\u015fan d\u00f6nemin Genelkurmay 2. Ba\u015fkan\u0131 Orgeneral \u0130lker Ba\u015fbu\u011f, h\u00fck\u00fcmetin icraatlar\u0131n\u0131 ve Erdo\u011fan\u2019\u0131n s\u00f6ylemlerini de\u011ferlendiriyor. Ba\u015fbu\u011f, ayr\u0131ca Ba\u015fbakan\u2019\u0131n dan\u0131\u015fman\u0131 Yal\u00e7\u0131n Akdo\u011fan taraf\u0131ndan yaz\u0131lan \u201cMuhafazak\u00e2r Demokrasi\u201d kitab\u0131na, d\u00f6nemin Ba\u015fbakanl\u0131k M\u00fcste\u015far\u0131 \u00d6mer Din\u00e7er\u2019e ve AKP milletvekili \u00d6mer \u00c7elik\u2019e a\u011f\u0131r ele\u015ftiriler yap\u0131yor. Daha sonra s\u00f6z alan Erdo\u011fan da Ba\u015fbu\u011f\u2019un ele\u015ftirilerine cevap verdikten sonra kendi \u015fik\u00e2yetlerini dile getiriyor. \u201cBaz\u0131 konularda bizi \u00fczen ifadeler oldu. Mesela siz devaml\u0131 AKP dediniz. Halbuki partinin kurulu\u015f kay\u0131tlar\u0131ndaki ismi AK Parti\u2019dir\u201d diyen Erdo\u011fan, \u00c7elik ve Din\u00e7er ile ilgili ele\u015ftirilerle ilgili olarak da, \u201cSize gelsinler, g\u00f6r\u00fc\u015fs\u00fcnler, orta yolu buluruz\u201d diyor.<\/p>\n<p style=\"text-align: justify;\"><strong>\u2018Muhafazak\u00e2r Demokrasi\u2019 kitab\u0131 <\/strong><\/p>\n<p style=\"text-align: justify;\">Tutanaklarda, Ba\u015fbu\u011f\u2019un Erdo\u011fan\u2019\u0131n dan\u0131\u015fman\u0131 Yal\u00e7\u0131n Akdo\u011fan taraf\u0131ndan yaz\u0131lan ve \u201cAKP\u2019nin siyasi manifestosu\u201d olarak de\u011ferlendirilen \u201cMuhafazak\u00e2r Demokrasi\u201d isimli kitaba \u00e7ok a\u011f\u0131r ele\u015ftiriler y\u00f6neltti\u011fi g\u00f6r\u00fcl\u00fcyor. Tutanaklara g\u00f6re Ba\u015fbu\u011f, kitab\u0131n \u00e7e\u015fitli sayfalar\u0131nda yer alan ve AKP\u2019nin laiklik anlay\u0131\u015f\u0131n\u0131 belirten b\u00f6l\u00fcmlerle ilgili olarak, \u201cAnayasa\u2019daki laiklik anlay\u0131\u015f\u0131 ile AKP\u2019nin laiklik anlay\u0131\u015f\u0131 aras\u0131nda fark vard\u0131r\u201d diyor. Ba\u015fbu\u011f ayr\u0131ca, AKP\u2019nin laikli\u011fi \u201cdindarlar\u0131 esas alacak \u015fekilde\u201d yorumlad\u0131\u011f\u0131n\u0131 da ifade ediyor.<\/p>\n<p style=\"text-align: justify;\"><strong>Ba\u015fbu\u011f: Demokrasi ara\u00e7 m\u0131?<\/strong><\/p>\n<p style=\"text-align: justify;\">Tutanaklara g\u00f6re Ba\u015fbu\u011f, Erdo\u011fan\u2019\u0131n dan\u0131\u015fman\u0131 ve AKP milletvekili \u00d6mer \u00c7elik\u2019in 2003\u2019te yay\u0131mlanan bir yaz\u0131s\u0131ndan da al\u0131nt\u0131 yaparak \u00c7elik\u2019in ifadelerinin ABD\u2019nin \u201c\u0131l\u0131ml\u0131 \u0130slam\u201d tan\u0131m\u0131 ile paralellik g\u00f6sterdi\u011fini vurguluyor. Ba\u015fbu\u011f, \u201cIl\u0131ml\u0131 \u0130slam modelindeki, Anayasa\u2019n\u0131n laiklik anlay\u0131\u015f\u0131 ve cumhuriyetin temel niteliklerine ayk\u0131r\u0131 oldu\u011funu d\u00fc\u015f\u00fcn\u00fcyor ve s\u0131n\u0131rs\u0131z demokrasiyi bir ara\u00e7 olarak m\u0131 g\u00f6rd\u00fc\u011f\u00fcn\u00fcz\u00fc merak ediyoruz\u201d diyor. Ba\u015fbu\u011f, \u00d6mer Din\u00e7er\u2019in makalesiyle ilgili ise \u015f\u00f6yle konu\u015fuyor:<br \/>\n\u201cBa\u015fbakanl\u0131k M\u00fcste\u015far\u0131 \u00d6mer Din\u00e7er bir makalesinde, \u2018\u0130slam bir hayat tarz\u0131d\u0131r ve hayat\u0131n b\u00fct\u00fcn y\u00f6nlerini kapsayan bir sistemdir\u2019 \u015feklinde tan\u0131mlamakta ve iki \u0130slami hareketi k\u00fclt\u00fcrel \u00f6ncelikli \u0130slami hareketler ve siyasi \u00f6ncelikli \u0130slami hareketler olarak ifade etmektedir.<br \/>\nSiyasi \u00f6ncelikli \u0130slami hareket olan Refah Partisi ile k\u00fclt\u00fcrel \u00f6ncelikli \u0130slami hareket olan Fethullah G\u00fclen, Nurculuk, S\u00fcleymanc\u0131l\u0131k gibi tarikatlar\u0131n birle\u015ferek, laikli\u011fin \u0130slam\u2019la b\u00fct\u00fcnle\u015fmesini ve cumhuriyetin \u0130slami bir d\u00fczene sokulmas\u0131n\u0131 siyasal \u0130slam modelinin ger\u00e7ekle\u015fmesini \u00f6ng\u00f6rmektedir. Din\u00e7er\u2019in bug\u00fcnk\u00fc uygulamalar\u0131 da bu d\u00fc\u015f\u00fcncelerinin ge\u00e7erli oldu\u011funu do\u011frulamakta olup, \u2018\u00d6mer Din\u00e7er\u2019in arkas\u0131nday\u0131m\u2019 \u015feklindeki a\u00e7\u0131klaman\u0131z d\u00fc\u015f\u00fcnd\u00fcr\u00fcc\u00fcd\u00fcr, bu a\u00e7\u0131klama sizin \u2018De\u011fi\u015ftim\u2019 a\u00e7\u0131klaman\u0131zla bir \u00e7eli\u015fkidir.\u201d Tutanaklara g\u00f6re Ba\u015fbu\u011f\u2019un ard\u0131ndan s\u00f6z alarak ele\u015ftirilere cevap veren Erdo\u011fan, Din\u00e7er\u2019i savunarak, \u201cKendisi bir bilim adam\u0131d\u0131r. Yorumlar\u0131 o a\u00e7\u0131dan ele al\u0131nmal\u0131d\u0131r. Kendisinden millet istifade etmektedir\u201d diyor. Erdo\u011fan ayr\u0131ca bir \u00f6neride bulunarak, \u201c\u00d6mer Din\u00e7er ve \u00d6mer \u00c7elik size gelsinler, sizinle g\u00f6r\u00fc\u015fs\u00fcnler, orta yolu buluruz\u201d diyor.\n<\/p>\n<p style=\"text-align: justify;\"><strong>\u2018Din\u00e7er\u2019in konu\u015fmas\u0131 korkun\u00e7\u2019<\/strong><\/p>\n<p style=\"text-align: justify;\">Erdo\u011fan\u2019\u0131n ard\u0131ndan tekrar s\u00f6z alan Ba\u015fbu\u011f, Din\u00e7er\u2019le ilgili ele\u015ftirilerini tekrarlayarak, \u201cSiz yapt\u0131\u011f\u0131 konu\u015fman\u0131n tamam\u0131 olan 7 sayfay\u0131 okudunuz mu? Kabul edilemez korkun\u00e7 hususlar ihtiva ediyor. Bilim adam\u0131 vasf\u0131n\u0131n \u00e7ok \u00f6tesinde bir s\u00f6ylemdir.<br \/>\n\u2018D\u00fc\u015f\u00fcncelerimin arkas\u0131nday\u0131m\u2019 ifadesi \u00e7ok d\u00fc\u015f\u00fcnd\u00fcr\u00fcc\u00fcd\u00fcr. Genelkurmay olarak d\u00fc\u015f\u00fcncelerimizi sunduk, takdir sizindir\u201d diyor.\n<\/p>\n<p style=\"text-align: justify;\"><strong>\u2018Erdo\u011fan\u2019la yeme\u011fe gittik, i\u015fi suland\u0131rd\u0131k\u2019<\/strong><\/p>\n<p style=\"text-align: justify;\">Tutanaklar\u0131n sonunda ise g\u00f6r\u00fc\u015fmeye kat\u0131ld\u0131\u011f\u0131 anla\u015f\u0131lan bir komutan\u0131n \u015f\u00f6yle bir notu bulunuyor: \u201cBiz adama \u2018Bak\u0131n Say\u0131n Ba\u015fbakan, biz sizi dinci bir parti olarak g\u00f6r\u00fcyoruz. Yapt\u0131\u011f\u0131n\u0131z her i\u015flemde de bu fakt\u00f6r\u00fc ar\u0131yoruz, bu nedenle size itimad\u0131m\u0131z yok\u2019 diyemedik. Bence bir g\u00fcn \u00f6nce ald\u0131\u011f\u0131m\u0131z konu\u015fmama karar\u0131 yanl\u0131\u015ft\u0131. Adam bize kendi bildiklerini anlatt\u0131 ve tart\u0131\u015fmad\u0131k bile. Bu toplant\u0131dan \u00e7\u0131k\u0131nca yeme\u011fe gittik. B\u00f6ylece i\u015fi de iyice suland\u0131rm\u0131\u015f olduk. Yemekte do\u011fal olarak sohbete ba\u015flad\u0131k ve adam da yemekten ayr\u0131l\u0131rken bizim sorunlar\u0131m\u0131z\u0131 dinleyip ve onlara \u00e7\u00f6z\u00fcm bulmay\u0131 vaat eden bir siyaset\u00e7i kimli\u011fiyle ayr\u0131ld\u0131.\u201d<\/p>\n<p style=\"text-align: justify;\"><span style=\"color: #888888;\">Kaynak : Milliyet<\/span><\/p>\n","protected":false},"excerpt":{"rendered":"<p style=\"text-align: center;\">\n<p style=\"text-align: justify;\">Emekli Org. \u015eener Eruygur\u2019dan ele ge\u00e7irilen Genelkurmay g\u00f6r\u00fc\u015fme zab\u0131tlar\u0131nda ilgin\u00e7 diyalog<\/p>\n<p style=\"text-align: justify;\">Ba\u015fbakan Recep Tayyip Erdo\u011fan\u2019\u0131n 2004 y\u0131l\u0131nda d\u00f6nemin Genelkurmay Ba\u015fkan\u0131 Orgeneral Hilmi \u00d6zk\u00f6k ve kuvvet komutanlar\u0131yla Genelkurmay\u2019da yapt\u0131\u011f\u0131 g\u00f6r\u00fc\u015fmenin zab\u0131tlar\u0131, Ergenekon ek klas\u00f6rleri aras\u0131ndan \u00e7\u0131kt\u0131. Emekli Orgeneral \u015eener Eruygur\u2019dan ele ge\u00e7irilen belgeler aras\u0131nda bulunan tutanaklar, \u201cBa\u015fbakan\u2019la yap\u0131lan g\u00f6r\u00fc\u015fmenin <\/p>\n","protected":false},"author":1,"featured_media":0,"comment_status":"open","ping_status":"closed","sticky":false,"template":"","format":"standard","meta":{"footnotes":""},"categories":[105],"tags":[],"class_list":["post-8866","post","type-post","status-publish","format-standard","hentry","category-gundem","odd"],"_links":{"self":[{"href":"http:\/\/www.korhanyilmaz.com\/index.php?rest_route=\/wp\/v2\/posts\/8866","targetHints":{"allow":["GET"]}}],"collection":[{"href":"http:\/\/www.korhanyilmaz.com\/index.php?rest_route=\/wp\/v2\/posts"}],"about":[{"href":"http:\/\/www.korhanyilmaz.com\/index.php?rest_route=\/wp\/v2\/types\/post"}],"author":[{"embeddable":true,"href":"http:\/\/www.korhanyilmaz.com\/index.php?rest_route=\/wp\/v2\/users\/1"}],"replies":[{"embeddable":true,"href":"http:\/\/www.korhanyilmaz.com\/index.php?rest_route=%2Fwp%2Fv2%2Fcomments&post=8866"}],"version-history":[{"count":0,"href":"http:\/\/www.korhanyilmaz.com\/index.php?rest_route=\/wp\/v2\/posts\/8866\/revisions"}],"wp:attachment":[{"href":"http:\/\/www.korhanyilmaz.com\/index.php?rest_route=%2Fwp%2Fv2%2Fmedia&parent=8866"}],"wp:term":[{"taxonomy":"category","embeddable":true,"href":"http:\/\/www.korhanyilmaz.com\/index.php?rest_route=%2Fwp%2Fv2%2Fcategories&post=8866"},{"taxonomy":"post_tag","embeddable":true,"href":"http:\/\/www.korhanyilmaz.com\/index.php?rest_route=%2Fwp%2Fv2%2Ftags&post=8866"}],"curies":[{"name":"wp","href":"https:\/\/api.w.org\/{rel}","templated":true}]}}