{"id":8862,"date":"2009-05-07T15:09:16","date_gmt":"2009-05-07T12:09:16","guid":{"rendered":"http:\/\/www.korhanyilmaz.com\/?p=8862"},"modified":"2009-05-07T15:09:16","modified_gmt":"2009-05-07T12:09:16","slug":"%e2%80%98laik-obama%e2%80%99-dua-gunu%e2%80%99nu-de-atladi","status":"publish","type":"post","link":"http:\/\/www.korhanyilmaz.com\/?p=8862","title":{"rendered":"\u2018Laik Obama\u2019 Dua G\u00fcn\u00fc\u2019n\u00fc de atlad\u0131"},"content":{"rendered":"<p style=\"text-align: center;\"><img loading=\"lazy\" decoding=\"async\" class=\"aligncenter size-full wp-image-8863\" title=\"\u2018Laik Obama\u2019 Dua G\u00fcn\u00fc\u2019n\u00fc de atlad\u0131 \" src=\"http:\/\/www.korhanyilmaz.com\/wp-content\/uploads\/2009\/05\/080520090203231360320.jpg\" alt=\"\u2018Laik Obama\u2019 Dua G\u00fcn\u00fc\u2019n\u00fc de atlad\u0131 \" width=\"329\" height=\"210\" \/><\/p>\n<p style=\"text-align: justify;\"><strong>Obama&#8217;n\u0131n Ulusal Dua G\u00fcn\u00fc\u2019ne kat\u0131lmamas\u0131 tart\u0131\u015fma yaratt\u0131. <\/strong><\/p>\n<p style=\"text-align: justify;\">ABD Ba\u015fkan\u0131 Barack Obama\u2019n\u0131n Bush\u2019un Beyaz Saray\u2019da y\u00fcksek kat\u0131l\u0131mla d\u00fczenledi\u011fi Ulusal Dua G\u00fcn\u00fc\u2019ne kat\u0131lmamas\u0131 \u00fclkede b\u00fcy\u00fck tart\u0131\u015fma yaratt\u0131. Muhafazak\u00e2rlar Obama\u2019y\u0131, \u201cABD\u2019yi dinsizle\u015ftirmekle\u201d su\u00e7lad\u0131.<\/p>\n<p style=\"text-align: justify;\">Se\u00e7im kampanyalar\u0131 s\u0131ras\u0131nda eski Ba\u015fkan George W. Bush kadar dini vurgular yapmamas\u0131 ve Kenyal\u0131 M\u00fcsl\u00fcman bir baban\u0131n o\u011flu olmas\u0131 nedeniyle \u00f6zellikle muhafazak\u00e2r Hristiyan gruplar taraf\u0131ndan \u201cgizli M\u00fcsl\u00fcman\u201d oldu\u011fu iddia edilen ABD Ba\u015fkan\u0131 Barack Obama, Amerika\u2019da yine din tart\u0131\u015fmalar\u0131n\u0131 alevlendirdi. Daha \u00f6nce TBMM\u2019de s\u00f6yledi\u011fi \u201cAmerika bir Hristiyan veya Yahudi \u00fclkesi de\u011fildir\u201d s\u00f6z\u00fc nedeniyle muhafazak\u00e2rlar\u0131n topa tuttu\u011fu Obama, bu kez her may\u0131s ay\u0131n\u0131n ilk per\u015fembesinde d\u00fczenlenen Ulusal Dua G\u00fcn\u00fc\u2019ne (National Prayer Day) kat\u0131lmamas\u0131yla ele\u015ftirildi. 1952\u2019den beri \u00f6zellikle a\u015f\u0131r\u0131 muhafakaz\u00e2r Ulusal Dua G\u00fcn\u00fc D\u00fczenleme Kurumu (National Day of Prayer Task Force) taraf\u0131ndan d\u00fczenlenen g\u00fcnde, bir\u00e7ok dine mensup Amerikal\u0131lar, \u00fclkelerinin gelece\u011fi i\u00e7in toplu dua ediyor ve ayinler d\u00fczenliyor. <!--more--><\/p>\n<p style=\"text-align: justify;\"><strong>\u201cM\u00fcsl\u00fcman olsayd\u0131 da dua ederdi\u201d <\/strong><\/p>\n<p style=\"text-align: justify;\">Bush\u2019a kadar ABD ba\u015fkanlar\u0131, bu g\u00fcn i\u00e7in yaz\u0131l\u0131 mesaj yay\u0131nlarken, Bush 8 y\u0131ll\u0131k g\u00f6rev s\u00fcresinde, Beyaz Saray\u2019da dini gruplar\u0131n kat\u0131ld\u0131\u011f\u0131 ayinler d\u00fczenledi. Obama\u2019n\u0131n s\u00f6zc\u00fcs\u00fc, Ba\u015fkan\u2019\u0131n her g\u00fcn gibi Dua G\u00fcn\u00fc\u2019nde de tek ba\u015f\u0131na dua edece\u011fini ve ayin d\u00fczenlemeyece\u011fini ancak g\u00fcn ile ilgili bir yaz\u0131l\u0131 a\u00e7\u0131klama ile herkesi dua etmeye \u00e7a\u011f\u0131raca\u011f\u0131n\u0131 a\u00e7\u0131klad\u0131. Bu a\u00e7\u0131klama, \u00fclkede b\u00fcy\u00fck tart\u0131\u015fma ba\u015flatt\u0131. D\u00fczenleme Kurumu, Obama\u2019n\u0131n karar\u0131ndan b\u00fcy\u00fck \u00fcz\u00fcnt\u00fc duyduklar\u0131n\u0131 s\u00f6yledi.<\/p>\n<p style=\"text-align: justify;\">Muhafazak\u00e2r bas\u0131n ise, Obama\u2019y\u0131 ABD\u2019yi \u201cdinsizle\u015ftirmek\u201dle su\u00e7lad\u0131. Ba\u015flarda Obama\u2019n\u0131n gizli M\u00fcsl\u00fcman oldu\u011funu \u00f6ne s\u00fcren muhafazak\u00e2r bas\u0131n, \u201cBu adam M\u00fcsl\u00fcman bile de\u011fil. M\u00fcsl\u00fcman olsayd\u0131, dua ederdi. Asl\u0131nda gizli ateist\u201d diye yazd\u0131. Amerikan Ateistler Birli\u011fi ise, Obama\u2019n\u0131n hareketini mutlulukla kar\u015f\u0131lad\u0131klar\u0131n\u0131 s\u00f6yledi. Siyasi g\u00f6zlemcilere g\u00f6re, Obama, dindar bir Hristiyan olan Bush\u2019un ABD sosyal hayat\u0131na getirdi\u011fi dindar bak\u0131\u015f a\u00e7\u0131s\u0131n\u0131 kald\u0131rmak istiyor.<\/p>\n<p style=\"text-align: justify;\"><strong>Hi\u00e7 pazar ayininde g\u00f6r\u00fclmedi <\/strong><\/p>\n<p style=\"text-align: justify;\">Obama, ba\u015fkan oldu\u011fu 100 g\u00fcnl\u00fck d\u00f6nemde, yapt\u0131klar\u0131yla bir\u00e7ok dini tart\u0131\u015fma \u00e7\u0131kard\u0131. \u0130\u015fte baz\u0131lar\u0131:<\/p>\n<p style=\"text-align: justify;\">&#8211; Ba\u015fkan olduktan sonra hi\u00e7 kamuya a\u00e7\u0131k bir yerde dua ederken g\u00f6r\u00fcnt\u00fclenmedi.<\/p>\n<p style=\"text-align: justify;\">&#8211; ABD\u2019nin tek bir dinin elinde olmad\u0131\u011f\u0131n\u0131 s\u00f6yledi.<\/p>\n<p style=\"text-align: justify;\">&#8211; Hristiyan oldu\u011funu s\u00f6ylese de hi\u00e7bir pazar ayinine giderken g\u00f6r\u00fclmedi.<\/p>\n<p style=\"text-align: justify;\">&#8211; Ba\u015fkan olduktan sonra ziyaret etti\u011fi ilk ibadethane, Sultanahmet Camii oldu. Bu da ABD\u2019de muhafazak\u00e2rlar\u0131n b\u00fcy\u00fck tepkisini \u00e7ekti.<\/p>\n<p style=\"text-align: justify;\"><strong>dipNOT <\/strong><\/p>\n<p style=\"text-align: justify;\">Ulusal Dua G\u00fcn\u00fc\u2019nde ge\u00e7en y\u0131l ABD\u2019nin d\u00f6rt bir yan\u0131nda 40 bin ayinde 2 milyon insan toplu dua etti.<\/p>\n<p style=\"text-align: justify;\"><span style=\"color: #888888;\">Kaynak : Vatan<\/span><\/p>\n","protected":false},"excerpt":{"rendered":"<p style=\"text-align: center;\">\n<p style=\"text-align: justify;\">Obama&#8217;n\u0131n Ulusal Dua G\u00fcn\u00fc\u2019ne kat\u0131lmamas\u0131 tart\u0131\u015fma yaratt\u0131. <\/p>\n<p style=\"text-align: justify;\">ABD Ba\u015fkan\u0131 Barack Obama\u2019n\u0131n Bush\u2019un Beyaz Saray\u2019da y\u00fcksek kat\u0131l\u0131mla d\u00fczenledi\u011fi Ulusal Dua G\u00fcn\u00fc\u2019ne kat\u0131lmamas\u0131 \u00fclkede b\u00fcy\u00fck tart\u0131\u015fma yaratt\u0131. Muhafazak\u00e2rlar Obama\u2019y\u0131, \u201cABD\u2019yi dinsizle\u015ftirmekle\u201d su\u00e7lad\u0131.<\/p>\n<p style=\"text-align: justify;\">Se\u00e7im kampanyalar\u0131 s\u0131ras\u0131nda eski Ba\u015fkan George W. Bush kadar dini vurgular yapmamas\u0131 ve Kenyal\u0131 M\u00fcsl\u00fcman <\/p>\n","protected":false},"author":1,"featured_media":0,"comment_status":"open","ping_status":"closed","sticky":false,"template":"","format":"standard","meta":{"footnotes":""},"categories":[3],"tags":[],"class_list":["post-8862","post","type-post","status-publish","format-standard","hentry","category-dunya","odd"],"_links":{"self":[{"href":"http:\/\/www.korhanyilmaz.com\/index.php?rest_route=\/wp\/v2\/posts\/8862","targetHints":{"allow":["GET"]}}],"collection":[{"href":"http:\/\/www.korhanyilmaz.com\/index.php?rest_route=\/wp\/v2\/posts"}],"about":[{"href":"http:\/\/www.korhanyilmaz.com\/index.php?rest_route=\/wp\/v2\/types\/post"}],"author":[{"embeddable":true,"href":"http:\/\/www.korhanyilmaz.com\/index.php?rest_route=\/wp\/v2\/users\/1"}],"replies":[{"embeddable":true,"href":"http:\/\/www.korhanyilmaz.com\/index.php?rest_route=%2Fwp%2Fv2%2Fcomments&post=8862"}],"version-history":[{"count":0,"href":"http:\/\/www.korhanyilmaz.com\/index.php?rest_route=\/wp\/v2\/posts\/8862\/revisions"}],"wp:attachment":[{"href":"http:\/\/www.korhanyilmaz.com\/index.php?rest_route=%2Fwp%2Fv2%2Fmedia&parent=8862"}],"wp:term":[{"taxonomy":"category","embeddable":true,"href":"http:\/\/www.korhanyilmaz.com\/index.php?rest_route=%2Fwp%2Fv2%2Fcategories&post=8862"},{"taxonomy":"post_tag","embeddable":true,"href":"http:\/\/www.korhanyilmaz.com\/index.php?rest_route=%2Fwp%2Fv2%2Ftags&post=8862"}],"curies":[{"name":"wp","href":"https:\/\/api.w.org\/{rel}","templated":true}]}}