{"id":8841,"date":"2009-05-05T09:27:32","date_gmt":"2009-05-05T06:27:32","guid":{"rendered":"http:\/\/www.korhanyilmaz.com\/?p=8841"},"modified":"2009-05-05T09:27:32","modified_gmt":"2009-05-05T06:27:32","slug":"leopardlara-pkkyi-vurma-izni","status":"publish","type":"post","link":"http:\/\/www.korhanyilmaz.com\/?p=8841","title":{"rendered":"&#039;Leopard&#039;lara PKK&#039;y\u0131 vurma izni"},"content":{"rendered":"<p style=\"text-align: center;\">\n<p style=\"text-align: center;\"><a href=\"http:\/\/www.korhanyilmaz.com\/wp-content\/uploads\/2009\/05\/050520090924270774143.jpg\"  class=\"lightview\"><img loading=\"lazy\" decoding=\"async\" class=\"aligncenter size-full wp-image-8842\" title=\"'Leopard'lara PKK'y\u0131 vurma izni \" src=\"http:\/\/www.korhanyilmaz.com\/wp-content\/uploads\/2009\/05\/050520090924270774143.jpg\" alt=\"'Leopard'lara PKK'y\u0131 vurma izni \" width=\"329\" height=\"210\" \/><\/a><strong> <\/strong><\/p>\n<p style=\"text-align: justify;\"><strong><span style=\"font-family: Arial;\">Leopard tanklar\u0131 &#8216;G\u00fcneydo\u011fu&#8217;da kullanamazs\u0131n\u0131z&#8217; \u015ferhiyle satan Almanya, bu tavr\u0131ndan vazge\u00e7ti<\/span><\/strong><\/p>\n<p>Yeni anla\u015fmayla Almanya&#8217;dan TSK&#8217;ya al\u0131nan t\u00fcm silahlar\u0131n, PKK ile m\u00fccadelede kullan\u0131lmas\u0131n\u0131n yolu a\u00e7\u0131ld\u0131.<\/p>\n<p style=\"text-align: justify;\">T\u00fcrk Silahl\u0131 Kuvvetleri&#8217;ne (TSK) satt\u0131\u011f\u0131 silah sistemlerinin, PKK ter\u00f6r\u00fcyle m\u00fccadelede kullan\u0131lamayaca\u011f\u0131 y\u00f6n\u00fcnde Ankara&#8217;ya \u015fart ko\u015fan Almanya, bu tavr\u0131nda k\u00f6kl\u00fc bir de\u011fi\u015fikli\u011fe gitti. Almanya ile T\u00fcrkiye aras\u0131nda, Uluslararas\u0131 Savunma ve G\u00fcvenlik Fuar\u0131 IDEF &#8211; 2009&#8217;da, sessiz sedas\u0131z &#8216;Savunma \u0130\u015fbirli\u011fi&#8217; anla\u015fmas\u0131 imzaland\u0131. Edinilen bilgilere g\u00f6re, anla\u015fmada silahlar\u0131n kullan\u0131m\u0131 konusunda herhangi k\u0131s\u0131tlay\u0131c\u0131 bir madde yer almad\u0131. B\u00f6ylece 1992&#8217;den beri silah sat\u0131\u015f\u0131ndaki konulan &#8216;Silah\u0131m\u0131 G\u00fcneydo\u011fu&#8217;da kullanma&#8217; \u015ferhi ilk kez kalkm\u0131\u015f oldu. Almanlar, patenti kendilerine ait olan, T\u00fcrk askerinin temel muharebe silah\u0131 G -3 piyade t\u00fcfe\u011finin bile ter\u00f6rle m\u00fccadelede kullan\u0131lmas\u0131na kar\u015f\u0131 \u00e7\u0131k\u0131yordu.<!--more--><\/p>\n<p style=\"text-align: justify;\">Anla\u015fmay\u0131 T\u00fcrkiye ad\u0131na Milli Savunma Bakanl\u0131\u011f\u0131 M\u00fcste\u015far\u0131 Korgeneral Ahmet Turmu\u015f, Almanya ad\u0131na ise Alman Savunma Bakanl\u0131\u011f\u0131 M\u00fcste\u015far\u0131 Thomas Kossendey imzalad\u0131.<\/p>\n<p style=\"text-align: justify;\"><strong>Yeni \u00f6nem<\/strong><\/p>\n<p style=\"text-align: justify;\">Almanya, bu zamana kadar T\u00fcrkiye ile askeri alanda anla\u015fma imzalamaya yana\u015fm\u0131yordu ve milyarlarca dolarl\u0131k silah sistemi, \u015fimdiye kadar hi\u00e7bir anla\u015fma olmadan al\u0131nd\u0131. Yeni anla\u015fmayla Almanya, ciddi bir pozisyon de\u011fi\u015fikli\u011fine gitti. \u0130ki \u00fclke aras\u0131nda savunma ili\u015fkilileri hukuki zemine oturtuldu. Anla\u015fmayla, iki \u00fclke savunma sanayii firmalar\u0131 aras\u0131nda, ortak \u00fcretim ve Ar &#8211; Ge faaliyetlerinin ger\u00e7ekle\u015ftirilmesi, ortak ihtiya\u00e7lar\u0131n giderilmesi ve \u00fc\u00e7\u00fcnc\u00fc \u00fclkelere sat\u0131\u015fa y\u00f6nelik uzun vadeli planlamalar yap\u0131lmas\u0131 garanti alt\u0131na al\u0131nd\u0131.<\/p>\n<p style=\"text-align: justify;\"><strong>\u015eehit cenazesinde birlik mesaj\u0131<\/strong><\/p>\n<p style=\"text-align: justify;\">Anla\u015fman\u0131n imzalanmas\u0131n\u0131n ard\u0131ndan \u00e7arp\u0131c\u0131 bir geli\u015fme ya\u015fand\u0131. Almanya&#8217;n\u0131n Ankara B\u00fcy\u00fckel\u00e7isi Eckart Cuntz, PKK sald\u0131r\u0131s\u0131 sonucu Lice&#8217;de \u015fehit d\u00fc\u015fen Uzman \u00c7avu\u015f Salih Aky\u00fcrek&#8217;in, Kocatepe Camii&#8217;nde d\u00fczenlenen cenaze t\u00f6renine kat\u0131larak, saf tuttu. Cuntz, \u015fehit cenazesine kat\u0131lmas\u0131yla ilgili, &#8216;Ter\u00f6rle m\u00fccadelede yan\u0131n\u0131zda oldu\u011fumuzu g\u00f6stermek istedim&#8217; dedi. Avrupa \u00fclkeleri aras\u0131nda en b\u00fcy\u00fck siyasi ve ekonomik deste\u011fi Almanya&#8217;da bulan PKK, bu geli\u015fme sonucunda \u00f6nemli bir mevzi kaybetti.<\/p>\n<p style=\"text-align: justify;\"><strong>\u0130lk kriz 1992&#8217;de ya\u015fand\u0131<\/strong><\/p>\n<p style=\"text-align: justify;\">Almanya, T\u00fcrkiye&#8217;nin resmi giri\u015fimlerine kar\u015f\u0131n 1993 y\u0131l\u0131ndan bu yana Ankara ile &#8216;Savunma \u0130\u015fbirli\u011fi Anla\u015fmas\u0131&#8217; imzalamaya yana\u015fm\u0131yordu. Almanya, ter\u00f6r \u00f6rg\u00fct\u00fc PKK&#8217;ya kar\u015f\u0131 s\u00fcrd\u00fcr\u00fclen m\u00fccadelede, &#8216;\u0130nsan haklar\u0131 ihlalleri ya\u015fand\u0131\u011f\u0131&#8217; gerek\u00e7esiyle ge\u00e7mi\u015fte silah sat\u0131\u015flar\u0131nda, d\u00f6nem d\u00f6nem T\u00fcrkiye&#8217;ye ambargo uygulad\u0131. T\u00fcrkiye&#8217;nin s\u0131n\u0131r \u00f6tesi harekatlar\u0131n\u0131n ard\u0131ndan Almanya, ilk olarak 1992&#8217;de, &#8216;Silahlar\u0131m\u0131 G\u00fcneydo\u011fu&#8217;da kullanamazs\u0131n&#8217; dedi. 1999&#8217;da Abdullah \u00d6calan&#8217;\u0131n yakaland\u0131\u011f\u0131 s\u00fcre\u00e7te de tank krizi \u00e7\u0131kt\u0131. Son olarak, 300 milyon euro bedelli &#8216;Leopard II&#8217; tanklar\u0131 i\u00e7in 2005&#8217;te al\u0131m pazarl\u0131klar\u0131 s\u00fcrerken Alman taraf\u0131, tanklar\u0131n G\u00fcneydo\u011fu Anadolu&#8217;da kullan\u0131lmamas\u0131n\u0131 istemi\u015fti. T\u00fcrkiye&#8217;ye kar\u015f\u0131 tavr\u0131n\u0131 son d\u00f6neme kadar s\u00fcrd\u00fcren Almanya, T\u00fcrkiye ile imzalamaya yana\u015fmad\u0131\u011f\u0131 Savunma \u0130\u015fbirli\u011fi Anla\u015fmas\u0131&#8217;n\u0131, Yunanistan ile 1997 y\u0131l\u0131nda imzalam\u0131\u015ft\u0131.<\/p>\n<p style=\"text-align: justify;\"><strong>Denizalt\u0131lar, tanklar Almanya&#8217;dan<\/strong><\/p>\n<p style=\"text-align: justify;\">Almanya, T\u00fcrk Deniz Kuvvetleri&#8217;nin ihtiya\u00e7lar\u0131n\u0131 kar\u015f\u0131layan ana tedarik\u00e7i pozisyonunda. Deniz Kuvvetleri&#8217;nin ihtiyac\u0131 olan pek \u00e7ok su \u00fcst\u00fc ve su alt\u0131 platform Almanya&#8217;dan al\u0131nd\u0131. Halen projesi s\u00fcren 6 tane &#8216;Havadan Ba\u011f\u0131ms\u0131z Tahrik Sistemli Denizalt\u0131&#8217; ihalesi de Almanlar&#8217;da. 8 f\u0131rkateyn, 6 Ay s\u0131n\u0131f\u0131, 8 Preveze ve 2 de G\u00fcr s\u0131n\u0131f\u0131 denizalt\u0131. 4 Do\u011fan, 4 R\u00fczgar, 2 Karayel, 9 K\u0131l\u0131\u00e7 s\u0131n\u0131f\u0131 h\u00fccumbot, 6 adet A s\u0131n\u0131f\u0131 may\u0131n avlama gemisi Almanlar&#8217;dan al\u0131nd\u0131.<\/p>\n<p style=\"text-align: justify;\"><strong>Askeri \u0130\u015fbirli\u011fi Anla\u015fmas\u0131 \u00f6ncesinde Almanya&#8217;dan tedarik edilenler \u015f\u00f6yle<\/strong><\/p>\n<p style=\"text-align: justify;\">&#8211; 300 adet Leopard tank\u0131<br \/>\n&#8211; 298 adet Leopard II tank\u0131<br \/>\n&#8211; 30 adet RF &#8211; 4 ke\u015fif u\u00e7a\u011f\u0131<br \/>\n&#8211; 300 adet 6&#215;6 z\u0131rhl\u0131 personel ta\u015f\u0131y\u0131c\u0131 BTR &#8211; 60<br \/>\n&#8211; \u00c7ok say\u0131da, G-3, kale\u015fnikof, RPG &#8211; 7 roketatar, bunlar\u0131n m\u00fchimmat\u0131 ve termal kamera sistemleri\n<\/p>\n<p style=\"text-align: center;\"><a href=\"http:\/\/www.korhanyilmaz.com\/wp-content\/uploads\/2009\/05\/050520090924270774143_3.jpg\"  class=\"lightview\"><span style=\"font-family: Arial,Verdana,Helvetica,sans-serif; font-size: x-small;\"><img loading=\"lazy\" decoding=\"async\" class=\"aligncenter size-full wp-image-8843\" src=\"http:\/\/www.korhanyilmaz.com\/wp-content\/uploads\/2009\/05\/050520090924270774143_3.jpg\" alt=\"\" width=\"420\" height=\"280\" \/><\/span><\/a><\/p>\n<p style=\"text-align: left;\"><span style=\"color: #888888;\">Kaynak : Vatan<\/span><\/p>\n","protected":false},"excerpt":{"rendered":"<p style=\"text-align: center;\">\n<p style=\"text-align: center;\">\n<p style=\"text-align: justify;\">Leopard tanklar\u0131 &#8216;G\u00fcneydo\u011fu&#8217;da kullanamazs\u0131n\u0131z&#8217; \u015ferhiyle satan Almanya, bu tavr\u0131ndan vazge\u00e7ti<\/p>\n<p>Yeni anla\u015fmayla Almanya&#8217;dan TSK&#8217;ya al\u0131nan t\u00fcm silahlar\u0131n, PKK ile m\u00fccadelede kullan\u0131lmas\u0131n\u0131n yolu a\u00e7\u0131ld\u0131.<\/p>\n<p style=\"text-align: justify;\">T\u00fcrk Silahl\u0131 Kuvvetleri&#8217;ne (TSK) satt\u0131\u011f\u0131 silah sistemlerinin, PKK ter\u00f6r\u00fcyle m\u00fccadelede kullan\u0131lamayaca\u011f\u0131 y\u00f6n\u00fcnde Ankara&#8217;ya \u015fart ko\u015fan Almanya, bu tavr\u0131nda k\u00f6kl\u00fc bir de\u011fi\u015fikli\u011fe <\/p>\n","protected":false},"author":1,"featured_media":0,"comment_status":"open","ping_status":"closed","sticky":false,"template":"","format":"standard","meta":{"footnotes":""},"categories":[105],"tags":[],"class_list":["post-8841","post","type-post","status-publish","format-standard","hentry","category-gundem","odd"],"_links":{"self":[{"href":"http:\/\/www.korhanyilmaz.com\/index.php?rest_route=\/wp\/v2\/posts\/8841","targetHints":{"allow":["GET"]}}],"collection":[{"href":"http:\/\/www.korhanyilmaz.com\/index.php?rest_route=\/wp\/v2\/posts"}],"about":[{"href":"http:\/\/www.korhanyilmaz.com\/index.php?rest_route=\/wp\/v2\/types\/post"}],"author":[{"embeddable":true,"href":"http:\/\/www.korhanyilmaz.com\/index.php?rest_route=\/wp\/v2\/users\/1"}],"replies":[{"embeddable":true,"href":"http:\/\/www.korhanyilmaz.com\/index.php?rest_route=%2Fwp%2Fv2%2Fcomments&post=8841"}],"version-history":[{"count":0,"href":"http:\/\/www.korhanyilmaz.com\/index.php?rest_route=\/wp\/v2\/posts\/8841\/revisions"}],"wp:attachment":[{"href":"http:\/\/www.korhanyilmaz.com\/index.php?rest_route=%2Fwp%2Fv2%2Fmedia&parent=8841"}],"wp:term":[{"taxonomy":"category","embeddable":true,"href":"http:\/\/www.korhanyilmaz.com\/index.php?rest_route=%2Fwp%2Fv2%2Fcategories&post=8841"},{"taxonomy":"post_tag","embeddable":true,"href":"http:\/\/www.korhanyilmaz.com\/index.php?rest_route=%2Fwp%2Fv2%2Ftags&post=8841"}],"curies":[{"name":"wp","href":"https:\/\/api.w.org\/{rel}","templated":true}]}}