{"id":8836,"date":"2009-05-04T16:12:34","date_gmt":"2009-05-04T13:12:34","guid":{"rendered":"http:\/\/www.korhanyilmaz.com\/?p=8836"},"modified":"2009-05-04T16:12:34","modified_gmt":"2009-05-04T13:12:34","slug":"ferda-paksutten-sok-iddia","status":"publish","type":"post","link":"http:\/\/www.korhanyilmaz.com\/?p=8836","title":{"rendered":"Ferda Paks\u00fct&#039;ten \u015fok iddia!"},"content":{"rendered":"<p style=\"text-align: center;\"><img loading=\"lazy\" decoding=\"async\" class=\"aligncenter size-full wp-image-8837\" title=\"Ferda Paks\u00fct'ten \u015fok iddia! \" src=\"http:\/\/www.korhanyilmaz.com\/wp-content\/uploads\/2009\/05\/050520090950312215731.jpg\" alt=\"Ferda Paks\u00fct'ten \u015fok iddia! \" width=\"329\" height=\"210\" \/><strong><\/strong><\/p>\n<p style=\"text-align: justify;\"><strong><span style=\"font-family: Arial;\">\u2018AKP kapat\u0131lmas\u0131n\u2019 demeden \u00f6nce banka hesab\u0131n\u0131 kontrol etti!<\/span><\/strong><\/p>\n<p>Ergenekon\u2019un ikinci iddianamesinin ek klas\u00f6rleri aras\u0131nda yer alan bir telefon kayd\u0131nda \u00e7ok vahim bir iddia var. Konu\u015fmada Anayasa Mahkemesi Ba\u015fkanvekili Osman Paks\u00fct\u2019\u00fcn e\u015fi ve Ergenekon san\u0131\u011f\u0131 Ferda Paks\u00fct, AKP\u2019nin kapatma davas\u0131nda Anayasa Mahkemesi \u00fcyesi Serruh Kaleli\u2019nin oy kullanmadan \u00f6nce 10 dakika ara isteyip telefonla g\u00f6r\u00fc\u015fme yapt\u0131\u011f\u0131n\u0131 \u00f6ne s\u00fcr\u00fcyor&#8230;<\/p>\n<p style=\"text-align: justify;\">Yarg\u0131tay Cumhuriyet Ba\u015fsavc\u0131s\u0131 Abdurrahman Yal\u00e7\u0131nkaya taraf\u0131ndan 14 Mart 2008\u2019de AKP hakk\u0131nda a\u00e7\u0131lan kapatma davas\u0131 138 g\u00fcn sonra (30 Temmuz) sonu\u00e7lanm\u0131\u015ft\u0131. Anayasa Mahkemesi Ba\u015fkan\u0131 Ha\u015fim K\u0131l\u0131\u00e7\u2019\u0131n ba\u015fkanl\u0131\u011f\u0131nda 28 Temmuz Pazartesi g\u00fcn\u00fc toplanan 11 ki\u015filik heyet, 34 saatlik yo\u011fun bir mesainin ard\u0131ndan davay\u0131 karara ba\u011flad\u0131. 6 \u00fcye kapatma, 4 \u00fcye ise Hazine yard\u0131m\u0131n\u0131n kesilmesi y\u00f6n\u00fcnde oy kulland\u0131. Anayasa Mahkemesi Ba\u015fkan\u0131 Ha\u015fim K\u0131l\u0131\u00e7 da ret oyu verdi. B\u00f6ylece AKP kapat\u0131lmad\u0131. <!--more--><\/p>\n<p style=\"text-align: justify;\"><strong>10 dakikal\u0131k arada ne konu\u015ftu?<\/strong><\/p>\n<p style=\"text-align: justify;\">\u00dc\u00e7 g\u00fcn s\u00fcren karar g\u00f6r\u00fc\u015fmelerinin perde arkas\u0131na nelerin ya\u015fand\u0131\u011f\u0131 konusu aradan ge\u00e7en 10 ay boyunca s\u0131r olarak kalm\u0131\u015ft\u0131. Ancak Ergenekon san\u0131klar\u0131ndan Ferda Paks\u00fct\u2019\u00fcn ek delil klas\u00f6rleri aras\u0131nda yer alan telefon g\u00f6r\u00fc\u015fmeleri, AKP hakk\u0131ndaki davan\u0131n karara ba\u011fland\u0131\u011f\u0131 o 34 saatlik uzun maratonun son dakikalar\u0131nda nelerin ya\u015fand\u0131\u011f\u0131na dair \u015fok bir iddiay\u0131 g\u00fcndeme ta\u015f\u0131d\u0131. Karar a\u00e7\u0131kland\u0131ktan birg\u00fcn sonra (31 Temmuz 2008) gazeteci Ersin Bal ile telefonda g\u00f6r\u00fc\u015fen Ferda Paks\u00fct, Eski Cumhurba\u015fkan\u0131 Sezer taraf\u0131ndan avukatlar kontenjan\u0131ndan Anayasa Mahkemesi \u00fcyeli\u011fine atanan Serruh Kaleli\u2019nin son anda karar\u0131n\u0131 nas\u0131l de\u011fi\u015ftirdi\u011fini anlat\u0131yor.<\/p>\n<p style=\"text-align: justify;\"><strong>\u2018Hen\u00fcz karar\u0131m\u0131 vermedim\u2019 dedi<\/strong><\/p>\n<p style=\"text-align: justify;\">Paks\u00fct, \u00fcyelerden Serruh Kaleli\u2019nin, \u201cHen\u00fcz karar\u0131m\u0131 veremedim\u201d diyerek davan\u0131n karara ba\u011flanaca\u011f\u0131 g\u00fcn\u00fcn son saatlerinde 10 dakika ara istedi\u011fini ve verilen arada AYM Ba\u015fkan\u0131 Ha\u015fim K\u0131l\u0131\u00e7\u2019\u0131n odas\u0131na giderek burada telefonla baz\u0131 yerlerle \u201chesap i\u015flerini\u201d konu\u015ftu\u011funu s\u00f6yl\u00fcyor. \u201cBelki de o anda baz\u0131 \u015feyler kontrol edildi, halledildi mi halledilmedi mi\u201d diyerek Kaleli\u2019nin kendisine aktar\u0131lacak parayla ilgili son durum hakk\u0131nda bilgi ald\u0131ktan sonra karar\u0131n\u0131 de\u011fi\u015ftirdi\u011fini ima eden Paks\u00fct, hemen yan\u0131nda bulunan e\u015fi Osman Paks\u00fct\u2019ten de teyit al\u0131yor.<\/p>\n<p style=\"text-align: justify;\">Paks\u00fct\u2019\u00fcn bu vahim iddias\u0131 31 Temmuz 2008 tarihinde, saat 13:02\u2019de kaydedilen ve 99 Nolu klas\u00f6rde yer alan konu\u015fmada \u015f\u00f6yle ge\u00e7iyor:<\/p>\n<p style=\"text-align: justify;\">Ferda Paks\u00fct (F.P.): D\u00fcn ak\u015fam kutlama yapm\u0131\u015flar<\/p>\n<p style=\"text-align: justify;\">Ersin Bal (E.B.): He tabii \u015feyi mi kastediyorsun, partililerim mi<\/p>\n<p style=\"text-align: justify;\">F.P.: Hay\u0131r \u015feyleri kapatmamaya verenler<\/p>\n<p style=\"text-align: justify;\">E.B.: Biraz \u00f6nce birisiyle konu\u015ftum tabii ki \u00e7ok mutlu yani o cepheden biri ile<\/p>\n<p style=\"text-align: justify;\">F.P.:Hangisi?<\/p>\n<p style=\"text-align: justify;\">E.B.: \u00c7ok mutlular yani uzun boylu olan\u0131<\/p>\n<p style=\"text-align: justify;\">F.P.:Senin onla aran iyi herhalde<\/p>\n<p style=\"text-align: justify;\">E.B.: Hay\u0131r telefon a\u00e7\u0131p ne olup bitti\u011fini soruyorum diyor ki \u00fclkenin rahatlat\u0131lmaya ihtiyac\u0131 var<\/p>\n<p style=\"text-align: justify;\">F.P.:Nas\u0131l mutlu<\/p>\n<p style=\"text-align: justify;\">E.B.: Yani \u015f\u00f6yle diyor \u00fclkenin rahatlat\u0131lmaya ihtiyac\u0131 vard\u0131<\/p>\n<p style=\"text-align: justify;\">F.P.:H\u0131 h\u0131<\/p>\n<p style=\"text-align: justify;\">E.B.: \u00c7\u0131kacak bir kapatma karar\u0131 her \u015feyi belirsizli\u011fe iterdi<\/p>\n<p style=\"text-align: justify;\">F.P.:H\u0131<\/p>\n<p style=\"text-align: justify;\">E.B.: Zaten AK Parti\u2019ye sen hi\u00e7bir \u015fey yapmad\u0131n demedik, aksine yapt\u0131klar\u0131n\u0131 ortaya koyduk. Bundan sonra onun da kendisine \u00e7eki d\u00fczen vermesi gerekiyor<\/p>\n<p style=\"text-align: justify;\">F.P.:Niye peki son dakikaya kadar&#8230; Ben sana bi \u015fey s\u00f6yleyim oylama yap\u0131laca\u011f\u0131 zaman \u2019Bir dakika demi\u015f, daha karar\u0131m\u0131 vermedim&#8230;<\/p>\n<p style=\"text-align: justify;\">E.B.: H\u0131\u0131\u0131\u0131<\/p>\n<p style=\"text-align: justify;\">F.P.:Bir 10 dakika ara verelim demi\u015f ayr\u0131lm\u0131\u015f ve bir telefon g\u00f6r\u00fc\u015fmesi yapm\u0131\u015f<\/p>\n<p style=\"text-align: justify;\">E.B.: \u00d6yle mi&#8230;<\/p>\n<p style=\"text-align: justify;\">F.P.:Ve baz\u0131 \u00e7evrelere g\u00f6re de hesap i\u015fleri konusunu g\u00f6r\u00fc\u015fm\u00fc\u015f<\/p>\n<p style=\"text-align: justify;\">E.B.: Ya tabii \u00e7ok \u00e7ok \u00e7ok \u00e7ok \u00e7ok deh\u015fet verici bir \u015fey s\u00f6yledi\u011finiz<\/p>\n<p style=\"text-align: justify;\">F.P.:Yani bu i\u00e7eriden birinin bana s\u00f6yledi\u011fi<\/p>\n<p style=\"text-align: justify;\">E.B.: Siz nerdesiniz d\u0131\u015far\u0131da m\u0131s\u0131n\u0131z<\/p>\n<p style=\"text-align: justify;\">F.P.: D\u0131\u015far\u0131day\u0131m eve gidiyorum da bi dakka Osman (E\u015fi Osman Paks\u00fct) tuvalet ka\u011f\u0131d\u0131 al\u0131yor \u00e7ok affedersin. Son anda oylama yap\u0131lacak bir dakka diyor ben daha karar\u0131m\u0131 vermedim diyor<\/p>\n<p style=\"text-align: justify;\">E.B.: H\u0131h\u0131h\u0131<\/p>\n<p style=\"text-align: justify;\">F.P.: Bi da\u011f\u0131lal\u0131m diyor<\/p>\n<p style=\"text-align: justify;\">E.B.: Enteresan \u00e7ok enteresan<\/p>\n<p style=\"text-align: justify;\">F.P.: Da\u011f\u0131l\u0131yorlar ve bir telefon konu\u015fmas\u0131 yap\u0131l\u0131yor Ha\u015fim\u2019in (AYM Ba\u015fkan\u0131 Ha\u015fim K\u0131l\u0131\u00e7) odas\u0131nda<\/p>\n<p style=\"text-align: justify;\">E.B.: Allah Allah karardan bir dakika \u00f6nce \u015fey&#8230;<\/p>\n<p style=\"text-align: justify;\">F.P.: Evet \u015fimdi gelsin Osman sana do\u011frulataca\u011f\u0131m bunu<\/p>\n<p style=\"text-align: justify;\">E.B.: Konu\u015fal\u0131m<\/p>\n<p style=\"text-align: justify;\">F.P.:Hay\u0131r bunu nas\u0131l yorumluyorsun<\/p>\n<p style=\"text-align: justify;\">E.B.: Bin tane k\u00f6t\u00fc \u015fey geliyor insan\u0131n akl\u0131na niye ara verildi kimle konu\u015fuldu telefon konu\u015fmas\u0131 yap\u0131lm\u0131\u015f<\/p>\n<p style=\"text-align: justify;\">F.P.: Belki de o anda baz\u0131 \u015feyler kontrol edildi halledildi mi diye<\/p>\n<p style=\"text-align: justify;\">E.B.: \u00c7ok vahim&#8230;<\/p>\n<p style=\"text-align: justify;\">F.P.: (Ferda Paks\u00fct yan\u0131nda bulunan Osman Feyyaz Paks\u00fct\u2019e hitaben: Serruh \u015feyden \u00f6nce bi ara verelim demedi mi, gerek\u00e7esi neydi. Osman Feyyaz Paks\u00fct: Biraz daha d\u00fc\u015f\u00fcnmem laz\u0131m dedi. Ferda Paks\u00fct yan\u0131nda bulunan Osman Feyyaz Paks\u00fct\u2019e hitaben: He bi 10 dakika daha d\u00fc\u015f\u00fcnmem laz\u0131m dedi) Duyuyor musun&#8230;<\/p>\n<p style=\"text-align: justify;\">E.B.: Vay anas\u0131n\u0131 ya<\/p>\n<p style=\"text-align: justify;\">F.P.: Duyuyor musun<\/p>\n<p style=\"text-align: justify;\">E.B.: Valla sorucam diyicem ki Serruh bey karardan \u00f6nce bi 10 dakka d\u00fc\u015f\u00fcnme talep etmi\u015fsiniz bunun sebebi nedir bakal\u0131m ne diyecek ne dersiniz<\/p>\n<p style=\"text-align: justify;\">F.P.: Bunu a\u00e7\u0131p (Ferda Paks\u00fct yan\u0131nda bulunan Osman Feyyaz Paks\u00fct\u2019e hitaben: -Ne yap\u0131yorsun ya akl\u0131n \u015feyine gidiyor \u00e7arp\u0131caz- \u015fey a\u00e7\u0131p Serruha sorucam diyor bizden duydu\u011fu belli olur mu? )<\/p>\n<p style=\"text-align: justify;\">E.B.: Olur mu, sormay\u0131n diyorsan\u0131z sormam<\/p>\n<p style=\"text-align: justify;\">F.P.: Senden ho\u015flanm\u0131yorlar a\u00e7\u0131k\u00e7a<\/p>\n<p style=\"text-align: justify;\">E.B.: Tamam sormuyorum biliyorum tabii biliyorum<\/p>\n<p style=\"text-align: justify;\">F.P.: Yani Serruh daha \u015fimdi sen (Ferda Paks\u00fct yan\u0131nda bulunan Osman Feyyaz Paks\u00fct\u2019e: Ersin\u2019le konu\u015fuyorum\u2019diyor. Osman Feyyaz Paks\u00fct de \u2019Ha Ersin kesin bizden duydu\u011funu&#8230; Kesin senden zerre kadar ho\u015flanm\u0131yorlar \u00e7\u00fcnk\u00fc d\u00fcr\u00fcst adams\u0131n tamam m\u0131\u2019<\/p>\n<p style=\"text-align: justify;\">E.B.: Bana devlet adam\u0131 m\u0131 diyorlar o da g\u00fczel<\/p>\n<p style=\"text-align: justify;\">F.P.: Yani Ha\u015fim (Ha\u015fim K\u0131l\u0131\u00e7) bit kadar ho\u015flanm\u0131yor senden<\/p>\n<p style=\"text-align: justify;\">E.B.: Biliyorum<\/p>\n<p style=\"text-align: justify;\">F.P.: Bit kadar Serruh da ho\u015flanm\u0131yor senden<\/p>\n<p style=\"text-align: justify;\">E.B.: Biliyorum biliyorum<\/p>\n<p style=\"text-align: justify;\">F.P.: Serruh var ya o kadar yalanc\u0131 ki ve ben sana bug\u00fcn muhakkak bulu\u015fal\u0131m ben sana bi \u015fey s\u00f6liyecem<\/p>\n<p style=\"text-align: justify;\">E.B.: &#8230;<\/p>\n<p style=\"text-align: justify;\">F.P.: Ben bi&#8230; ne kar\u015f\u0131s\u0131na otururum karde\u015fim ne de elini s\u0131kar\u0131m<\/p>\n<p style=\"text-align: justify;\">E.B.: Ak\u015fam \u00fcst\u00fc saat 5 de 6 da g\u00f6r\u00fc\u015felim olur mu<\/p>\n<p style=\"text-align: justify;\">F.P.: L\u00fctfen<\/p>\n<p style=\"text-align: justify;\">E.B.: Olur tamam<\/p>\n<p style=\"text-align: justify;\"><strong>OYLAMA NASIL YAPILMI\u015eTI?<\/strong><\/p>\n<p style=\"text-align: justify;\">Kaleli \u2018Yard\u0131m kesilsin\u2019 diyen ilk \u00fcye oldu<\/p>\n<p style=\"text-align: justify;\">Anayasa Mahkemesi\u2019ndeki de\u011ferlendirme ve karara ba\u011flayacak oylama s\u00fcreci, zaman zaman sert tart\u0131\u015fmalara sahne oldu\u011fu ve baz\u0131 \u00fcyelerin tavr\u0131n\u0131 belirlemek i\u00e7in son ana kadar bekledi\u011fi \u00f6ne s\u00fcr\u00fclm\u00fc\u015ft\u00fc. T\u00fcm \u00fcyeler karar\u0131n\u0131 netle\u015ftirdikten sonra dava yap\u0131lan tek bir oylamayla karara ba\u011fland\u0131. Anayasa Mahkemesi \u0130\u00e7t\u00fcz\u00fc\u011f\u00fc\u2019ne g\u00f6re, \u00fcyeler en az k\u0131demliden ba\u015flayarak oylar\u0131n\u0131 a\u00e7\u0131klad\u0131lar. \u0130lk s\u0131rada oyunu a\u00e7\u0131klayan Zehra Ayla Perkta\u015f, AKP\u2019nin kapat\u0131lmas\u0131 y\u00f6n\u00fcnde oy kulland\u0131. \u0130kinci s\u0131radaki \u015eevket Apalak\u2019\u0131n oyunu a\u00e7\u0131klamas\u0131yla kapatma oylar\u0131 2\u2019ye y\u00fckseldi. Serruh Kaleli ise Hazine yard\u0131m\u0131 kesilsin diyen ilk \u00fcye oldu. Ba\u015fkanvekili Osman Paks\u00fct, oyunu a\u00e7\u0131klad\u0131\u011f\u0131nda durum 3 kapatma, 1 Hazine yard\u0131m\u0131n\u0131n kesilmesi y\u00f6n\u00fcnde olmu\u015ftu. Asker k\u00f6kenli \u00fcye \u00d6zg\u00fcld\u00fcr\u2019\u00fcn oyu durumu 3-2 yapt\u0131. \u0130kinci asker k\u00f6kenli \u00fcye \u00d6zler, kapatma deyince durum 4-2 oldu. Kapatma diyen Mehmet Erten durumu 5-2\u2019ye getirdi. Ahmet Akyal\u00e7\u0131n\u2019la oy dengesi 5-3 oldu. Fulya Kantarc\u0131o\u011flu, kapatma cephesini 6-3\u2019e getirdi. Art\u0131k AKP\u2019nin kapat\u0131lmas\u0131 i\u00e7in bir oy yetiyordu. Ancak son iki s\u0131rada RP, FP ve t\u00fcrban davalar\u0131nda kar\u015f\u0131 oy kullanan Sacit Adal\u0131 ile Ha\u015fim K\u0131l\u0131\u00e7 kalm\u0131\u015ft\u0131. Sacit Adal\u0131, oyunu bu defa Hazine yard\u0131m\u0131n\u0131n kesilmesi y\u00f6n\u00fcnde kullan\u0131nca oy dengesi 6-4 oldu. Son s\u0131rada oyunu a\u00e7\u0131klayan K\u0131l\u0131\u00e7 ise ret diyen tek \u00fcye oldu ve oylama 6 kapatma, 4 Hazine yard\u0131m\u0131n\u0131n kesilmesi ve 1 ret\u2019le sonu\u00e7land\u0131. Oylar kapatmaya yetmedi\u011fi i\u00e7in CMK\u2019n\u0131n 229. maddesine g\u00f6re aleyhe oylar, AKP lehine olan oylara aktar\u0131larak toplama yap\u0131ld\u0131. B\u00f6ylece AKP\u2019ye Hazine yard\u0131m\u0131n\u0131n kesilmesi cezas\u0131 verildi.<\/p>\n<p style=\"text-align: justify;\"><span style=\"color: #888888;\">Kaynak : Seyhan Sevin\u00e7 &#8211; Vatan<\/span><\/p>\n<p style=\"text-align: justify;\"><span style=\"font-family: Arial,Verdana,Helvetica,sans-serif; font-size: x-small;\"> <\/span><\/p>\n","protected":false},"excerpt":{"rendered":"<p style=\"text-align: center;\">\n<p style=\"text-align: justify;\">\u2018AKP kapat\u0131lmas\u0131n\u2019 demeden \u00f6nce banka hesab\u0131n\u0131 kontrol etti!<\/p>\n<p>Ergenekon\u2019un ikinci iddianamesinin ek klas\u00f6rleri aras\u0131nda yer alan bir telefon kayd\u0131nda \u00e7ok vahim bir iddia var. Konu\u015fmada Anayasa Mahkemesi Ba\u015fkanvekili Osman Paks\u00fct\u2019\u00fcn e\u015fi ve Ergenekon san\u0131\u011f\u0131 Ferda Paks\u00fct, AKP\u2019nin kapatma davas\u0131nda Anayasa Mahkemesi \u00fcyesi Serruh Kaleli\u2019nin oy kullanmadan \u00f6nce 10 dakika ara <\/p>\n","protected":false},"author":1,"featured_media":0,"comment_status":"open","ping_status":"closed","sticky":false,"template":"","format":"standard","meta":{"footnotes":""},"categories":[105],"tags":[],"class_list":["post-8836","post","type-post","status-publish","format-standard","hentry","category-gundem","odd"],"_links":{"self":[{"href":"http:\/\/www.korhanyilmaz.com\/index.php?rest_route=\/wp\/v2\/posts\/8836","targetHints":{"allow":["GET"]}}],"collection":[{"href":"http:\/\/www.korhanyilmaz.com\/index.php?rest_route=\/wp\/v2\/posts"}],"about":[{"href":"http:\/\/www.korhanyilmaz.com\/index.php?rest_route=\/wp\/v2\/types\/post"}],"author":[{"embeddable":true,"href":"http:\/\/www.korhanyilmaz.com\/index.php?rest_route=\/wp\/v2\/users\/1"}],"replies":[{"embeddable":true,"href":"http:\/\/www.korhanyilmaz.com\/index.php?rest_route=%2Fwp%2Fv2%2Fcomments&post=8836"}],"version-history":[{"count":0,"href":"http:\/\/www.korhanyilmaz.com\/index.php?rest_route=\/wp\/v2\/posts\/8836\/revisions"}],"wp:attachment":[{"href":"http:\/\/www.korhanyilmaz.com\/index.php?rest_route=%2Fwp%2Fv2%2Fmedia&parent=8836"}],"wp:term":[{"taxonomy":"category","embeddable":true,"href":"http:\/\/www.korhanyilmaz.com\/index.php?rest_route=%2Fwp%2Fv2%2Fcategories&post=8836"},{"taxonomy":"post_tag","embeddable":true,"href":"http:\/\/www.korhanyilmaz.com\/index.php?rest_route=%2Fwp%2Fv2%2Ftags&post=8836"}],"curies":[{"name":"wp","href":"https:\/\/api.w.org\/{rel}","templated":true}]}}